{"id":121028,"date":"2025-09-17T15:17:14","date_gmt":"2025-09-17T15:17:14","guid":{"rendered":"https:\/\/www.europesays.com\/es\/121028\/"},"modified":"2025-09-17T15:17:14","modified_gmt":"2025-09-17T15:17:14","slug":"musica-se-cumplen-50-anos-de-la-grabacion-de-bohemian-rhapsody-de-queen-esradio","status":"publish","type":"post","link":"https:\/\/www.europesays.com\/es\/121028\/","title":{"rendered":"M\u00fasica: Se cumplen 50 a\u00f1os de la grabaci\u00f3n de &quot;Bohemian Rhapsody&quot; de Queen &#8211; esRadio"},"content":{"rendered":"<ol>\n<li><a href=\"https:\/\/news.google.com\/rss\/articles\/CBMi3wFBVV95cUxQZ3hFSkUzcmdXS1VPa05UZFR0Vk5na18yNDR4WjVmcjNqM3pjOERNUmRfc0p4bExUNFNGS0ZzcDZpWkNPQW92TEtRNVI1WGQ4Q2p1VmpkVTRkQm02d1hLQVlHeUNMekVzTlhnWEYwOUFMYnB0TGI2MFZXd3FEVkVNWUhqMmZELWg1TUM0eWU0NFhQdzhQYlBUc2hGSmxqZWNFZVZUSTJoT2xpYVZiQXZKWTdCb3c0YVk4Y1NtQzBpNW8xcE1pZ0hZRHh2bWVfekZUbW9tOXZfVmgyMXpxRE5J?oc=5\" target=\"_blank\" rel=\"nofollow noopener\">M\u00fasica: Se cumplen 50 a\u00f1os de la grabaci\u00f3n de \u00abBohemian Rhapsody\u00bb de Queen<\/a>&nbsp;&nbsp;esRadio<\/li>\n<li><a href=\"https:\/\/news.google.com\/rss\/articles\/CBMixgFBVV95cUxQUWpNcW9CSEZTUHFCb1pJTXlGR3JjQVVxbmhoeTVpU202UWZ1WkZ3Q045TUtEQkp3NkExTDBVNFFVS0ZScF91c1VDajVHeURYSC02bTNaLTZlajNMUU0wRDZyaVJLc3Bkem1RRjRQM3dELXFfZTB5VTdsdmdwMnRUcmM5U0Zpd21MRnhyOXF6UmhUc0cxSGhaOVpNa3NzLVpoRkhiTkROVmVPQV9mYUR3SXBHcFVBUFlmb3NRZVRxZFJfTm84aGc?oc=5\" target=\"_blank\" rel=\"nofollow noopener\">Ayuso defiende a Israel y acusa a S\u00e1nchez de un \u201cboicot revolucionario\u201d a Madrid<\/a>&nbsp;&nbsp;EL PA\u00cdS<\/li>\n<li><a href=\"https:\/\/news.google.com\/rss\/articles\/CBMijgFBVV95cUxQQW5fQThSNHNtVHJaU1FrSTctczJSSnBSZWJuRTBsQlhOWWktVmFfYjdlLVVjQlhfQlNBQk8zdkxXNXZCTzlRd1hXZ01fUlZuc0kxazNadkdTVHphOXAwMERQVk5GYXFkOWI5ZzgxT1dBamRMU09JMlg4bUJGamQxVDRyZTBPVmVZaXo5aUhn?oc=5\" target=\"_blank\" rel=\"nofollow noopener\">Bolet\u00edn de las 13:00<\/a>&nbsp;&nbsp;esRadio<\/li>\n<li><a href=\"https:\/\/news.google.com\/rss\/articles\/CBMipwFBVV95cUxPVDFCTlZ1NTR2eEZqSzFLWkRYcDMxbnlDekZPWTVpOTZSS1FHdmU2OHVXX1g3R1NSc1k5eVZSdWhqY2hFQjFqQVZnYmVqeVRQWXlXOXNiZHhjZ2VRLXo4ajBRNWNyMUlsbjNkM0lHbVlDODJPdjU1ZWx6NXBGY0xRS0x3bVdpVU9TazV1VlNRVkdTOEtuazJQRWJzc2RFUTBHNDhiWHROdw?oc=5\" target=\"_blank\" rel=\"nofollow noopener\">Ayuso critica que \u00abel Gobierno de la Naci\u00f3n no puede ser parte de un boicot revolucionario a un evento deportivo\u00bb<\/a>&nbsp;&nbsp;ABC<\/li>\n<li><a href=\"https:\/\/news.google.com\/rss\/articles\/CBMiswFBVV95cUxPX1dpLVNMQUU5U3VQbjZoeV80ZkVqXzRHbnQyV3pKMEFmRnAyb1QzbThYc3hodHFKT2VKNW1jMXM4NlVDVUxmZ1Zma3liYWtnRWdHUWRhTkJxb0QzNDYwMTVyVXZucXZsRjVVekszSUpGbzZIMUlleUUzdk5XanlMUVRPbUFvdm9mZnJkXy1QRW92Wl9aUmE0azJzVkRPZU55Zjl2ZkhuZkVrVS05dDhHaUsydw?oc=5\" target=\"_blank\" rel=\"nofollow noopener\">\ud83c\udf99 PODCAST | Los 5 de Figueres: la chispa que dio la vuelta a Espa\u00f1a<\/a>&nbsp;&nbsp;elDiario.es<\/li>\n<\/ol>\n","protected":false},"excerpt":{"rendered":"M\u00fasica: Se cumplen 50 a\u00f1os de la grabaci\u00f3n de \u00abBohemian Rhapsody\u00bb de Queen&nbsp;&nbsp;esRadio Ayuso defiende a Israel y&hellip;\n","protected":false},"author":2,"featured_media":103,"comment_status":"","ping_status":"","sticky":false,"template":"","format":"standard","meta":{"footnotes":""},"categories":[170],"tags":[146,147,25,24,184,185,5585,23],"class_list":{"0":"post-121028","1":"post","2":"type-post","3":"status-publish","4":"format-standard","5":"has-post-thumbnail","7":"category-musica","8":"tag-entertainment","9":"tag-entretenimiento","10":"tag-es","11":"tag-espana","12":"tag-music","13":"tag-musica","14":"tag-queen","15":"tag-spain"},"share_on_mastodon":{"url":"","error":""},"_links":{"self":[{"href":"https:\/\/www.europesays.com\/es\/wp-json\/wp\/v2\/posts\/121028","targetHints":{"allow":["GET"]}}],"collection":[{"href":"https:\/\/www.europesays.com\/es\/wp-json\/wp\/v2\/posts"}],"about":[{"href":"https:\/\/www.europesays.com\/es\/wp-json\/wp\/v2\/types\/post"}],"author":[{"embeddable":true,"href":"https:\/\/www.europesays.com\/es\/wp-json\/wp\/v2\/users\/2"}],"replies":[{"embeddable":true,"href":"https:\/\/www.europesays.com\/es\/wp-json\/wp\/v2\/comments?post=121028"}],"version-history":[{"count":0,"href":"https:\/\/www.europesays.com\/es\/wp-json\/wp\/v2\/posts\/121028\/revisions"}],"wp:featuredmedia":[{"embeddable":true,"href":"https:\/\/www.europesays.com\/es\/wp-json\/wp\/v2\/media\/103"}],"wp:attachment":[{"href":"https:\/\/www.europesays.com\/es\/wp-json\/wp\/v2\/media?parent=121028"}],"wp:term":[{"taxonomy":"category","embeddable":true,"href":"https:\/\/www.europesays.com\/es\/wp-json\/wp\/v2\/categories?post=121028"},{"taxonomy":"post_tag","embeddable":true,"href":"https:\/\/www.europesays.com\/es\/wp-json\/wp\/v2\/tags?post=121028"}],"curies":[{"name":"wp","href":"https:\/\/api.w.org\/{rel}","templated":true}]}}