{"id":121029,"date":"2025-09-17T15:18:09","date_gmt":"2025-09-17T15:18:09","guid":{"rendered":"https:\/\/www.europesays.com\/es\/121029\/"},"modified":"2025-09-17T15:18:09","modified_gmt":"2025-09-17T15:18:09","slug":"este-inesperado-exito-de-taquilla-podria-volver-con-una-secuela","status":"publish","type":"post","link":"https:\/\/www.europesays.com\/es\/121029\/","title":{"rendered":"Este inesperado \u00e9xito de taquilla podr\u00eda volver con una secuela"},"content":{"rendered":"<p>Nadie esperaba un \u00e9xito tan rotundo, pero <strong>F1: La Pel\u00edcula<\/strong> ha callado muchas bocas. Con un precedente tan cercano como Gran Turismo, la cinta basada en el videojuego de PlayStation que no tuvo buena cr\u00edtica, la producci\u00f3n de Brad Pitt se miraba con recelo y <a href=\"https:\/\/es.ign.com\/f1-1\/219626\/news\/pocos-lo-vieron-venir-pero-esta-pelicula-se-ha-convertido-en-la-mas-taquillera-de-todas-las-que-ha-h\" rel=\"nofollow noopener\" target=\"_blank\"><strong>se ha convertido en la m\u00e1s taquillera del actor<\/strong><\/a>. Y esto son buenas noticias para los fans de la F\u00f3rmula 1 porque el CEO de Apple <strong>est\u00e1 convencido de hacer una secuela<\/strong>.<\/p>\n<p>Y no te pierdas&#8230;<a href=\"https:\/\/es.ign.com\/apple-tv-2\/221206\/news\/esta-serie-de-ciencia-ficcion-ha-arrasado-en-streaming-y-podria-regresar-con-un-interesante-spin-off\" class=\"recirc_odd\" rel=\"nofollow noopener\" target=\"_blank\"><img decoding=\"async\" class=\"image\" src=\"https:\/\/www.europesays.com\/es\/wp-content\/uploads\/2025\/09\/fundacion_nbv9.640.jpg\" alt=\"Esta serie de ciencia ficci\u00f3n ha arrasado en streaming, y podr\u00eda regresar con un interesante spin-off\"\/>Esta serie de ciencia ficci\u00f3n ha arrasado en streaming, y podr\u00eda regresar con un interesante spin-off<\/a><\/p>\n<p>Tim Cook, jefe de Apple, ha hablado con Variety en los Premios Emmy y ha dejado claro que una continuaci\u00f3n de F1: La pel\u00edcula es m\u00e1s que posible. <strong>\u00abEs algo que sin duda se est\u00e1 hablando\u00bb<\/strong>, confirm\u00f3 Cook. \u00abHa sido un gran \u00e9xito de taquilla del verano para nosotros. Estamos muy orgullosos. El talento involucrado es de otro nivel, y Brad hizo un trabajo maravilloso actuando en ella. Estamos s\u00faper orgullosos y <strong>estamos deseando que salga a la luz<\/strong>\u00ab.<\/p>\n<blockquote class=\"twitter-tweet\">\n<p dir=\"ltr\" lang=\"en\">Brad Pitt&#8217;s <a href=\"https:\/\/twitter.com\/hashtag\/F1TheMovie?src=hash&amp;ref_src=twsrc%5Etfw\" rel=\"nofollow noopener\" target=\"_blank\">#F1TheMovie<\/a> is his highest grossing movie ever at the box office. Tim Cook says a sequel is \u00abdefinitely something that is being talked about.\u00bb <a href=\"https:\/\/t.co\/wgu5AOPqGt\" rel=\"nofollow\">pic.twitter.com\/wgu5AOPqGt<\/a><br \/>\n\u2014 Variety (@Variety) <a href=\"https:\/\/twitter.com\/Variety\/status\/1967352330812309678?ref_src=twsrc%5Etfw\" rel=\"nofollow noopener\" target=\"_blank\">September 14, 2025<\/a><\/p>\n<\/blockquote>\n<p>Puedes ver el v\u00eddeo original sobre estas l\u00edneas. Los resultados hablan por s\u00ed solos, ya que la pel\u00edcula <strong>ha recaudado m\u00e1s de 600 millones de d\u00f3lares<\/strong> en la taquilla mundial. Y esto ha evidenciado que se pueden hacer buenas pel\u00edculas de carreras, as\u00ed que <a href=\"https:\/\/es.ign.com\/f1-1\/218254\/feature\/f1-lo-que-hollywood-deberia-aprender-de-la-pelicula-de-carreras-con-brad-pitt\" rel=\"nofollow noopener\" target=\"_blank\"><strong>Hollywood tiene mucho que aprender de F1<\/strong><\/a>.<\/p>\n<p>Si a\u00fan no la viste, F1: La Pel\u00edcula est\u00e1 disponible en Apple TV+<\/p>\n<p>La cinta fue <strong>dirigida por Joseph Kosinski<\/strong> y el gui\u00f3n es de Ehren Kruger, m\u00e1s conocido por su trabajo en Transformers. Sigue la historia de Sonny Hayes, un piloto de F\u00f3rmula Uno que <strong>compiti\u00f3 en la d\u00e9cada de 1990<\/strong> y tuvo un terrible accidente que lo oblig\u00f3 a retirarse de la competici\u00f3n. Cuando decide volver para ser mentor de un talento joven se encuentra con un <strong>antiguo piloto rival llamado Cole Trickle<\/strong>.<\/p>\n<p>La cr\u00edtica elogi\u00f3 la <strong>a<\/strong>ctuaci\u00f3n de Pitt y el montaje de la pel\u00edcula, entre otras bondades. Aunque se estren\u00f3 el 27 de junio con muy buena acogida, F1: La pel\u00edcula ya <strong>est\u00e1 disponible en Apple TV+<\/strong> para ver en streaming.<\/p>\n<p>                <script async src=\"https:\/\/platform.twitter.com\/widgets.js\" charset=\"utf-8\"><\/script><\/p>\n","protected":false},"excerpt":{"rendered":"Nadie esperaba un \u00e9xito tan rotundo, pero F1: La Pel\u00edcula ha callado muchas bocas. Con un precedente tan&hellip;\n","protected":false},"author":2,"featured_media":121030,"comment_status":"","ping_status":"","sticky":false,"template":"","format":"standard","meta":{"footnotes":""},"categories":[169],"tags":[177,146,147,25,24,176,175,23],"class_list":{"0":"post-121029","1":"post","2":"type-post","3":"status-publish","4":"format-standard","5":"has-post-thumbnail","7":"category-cine","8":"tag-cine","9":"tag-entertainment","10":"tag-entretenimiento","11":"tag-es","12":"tag-espana","13":"tag-film","14":"tag-movies","15":"tag-spain"},"share_on_mastodon":{"url":"","error":""},"_links":{"self":[{"href":"https:\/\/www.europesays.com\/es\/wp-json\/wp\/v2\/posts\/121029","targetHints":{"allow":["GET"]}}],"collection":[{"href":"https:\/\/www.europesays.com\/es\/wp-json\/wp\/v2\/posts"}],"about":[{"href":"https:\/\/www.europesays.com\/es\/wp-json\/wp\/v2\/types\/post"}],"author":[{"embeddable":true,"href":"https:\/\/www.europesays.com\/es\/wp-json\/wp\/v2\/users\/2"}],"replies":[{"embeddable":true,"href":"https:\/\/www.europesays.com\/es\/wp-json\/wp\/v2\/comments?post=121029"}],"version-history":[{"count":0,"href":"https:\/\/www.europesays.com\/es\/wp-json\/wp\/v2\/posts\/121029\/revisions"}],"wp:featuredmedia":[{"embeddable":true,"href":"https:\/\/www.europesays.com\/es\/wp-json\/wp\/v2\/media\/121030"}],"wp:attachment":[{"href":"https:\/\/www.europesays.com\/es\/wp-json\/wp\/v2\/media?parent=121029"}],"wp:term":[{"taxonomy":"category","embeddable":true,"href":"https:\/\/www.europesays.com\/es\/wp-json\/wp\/v2\/categories?post=121029"},{"taxonomy":"post_tag","embeddable":true,"href":"https:\/\/www.europesays.com\/es\/wp-json\/wp\/v2\/tags?post=121029"}],"curies":[{"name":"wp","href":"https:\/\/api.w.org\/{rel}","templated":true}]}}