{"id":121033,"date":"2025-09-17T15:20:12","date_gmt":"2025-09-17T15:20:12","guid":{"rendered":"https:\/\/www.europesays.com\/es\/121033\/"},"modified":"2025-09-17T15:20:12","modified_gmt":"2025-09-17T15:20:12","slug":"la-campana-de-vacunacion-de-gripe-y-covid-arranca-el-6-de-octubre-en-centros-de-salud","status":"publish","type":"post","link":"https:\/\/www.europesays.com\/es\/121033\/","title":{"rendered":"La campa\u00f1a de vacunaci\u00f3n de gripe y covid arranca el 6 de octubre en centros de salud"},"content":{"rendered":"<p> Sanidad prepara ya el blindaje frente a los virus estacionales del invierno. La campa\u00f1a de vacunaci\u00f3n contra la gripe y el covid llegar\u00e1 a  &#8230; los centros de salud a partir del 6 de octubre. Y justo una semana antes, el 29 de septiembre, se empezar\u00e1 a administrar la protecci\u00f3n a los mayores que viven en residencias, que este a\u00f1o como novedad incluir\u00e1 tambi\u00e9n la dosis frente al Virus Respiratorio Sincitial (VRS), que adem\u00e1s de la causa de la epidemia de bronquiolitis en los m\u00e1s peque\u00f1os es uno de los g\u00e9rmenes que m\u00e1s hospitalizaciones genera de poblaci\u00f3n envejecida. <\/p>\n<p class=\"v-p\">De hecho, para reducir el impacto de esta infecci\u00f3n respiratoria, que afecta especialmente a los beb\u00e9s, hace dos a\u00f1os que se introdujo la inmunizaci\u00f3n de los reci\u00e9n nacidos, con una respuesta mayoritaria entre las familias -en la campa\u00f1a con la tasa de participaci\u00f3n m\u00e1s alta- y unos resultados en efectividad que han quedado demostrados, al prevenir bronquiolitis severas en ni\u00f1os muy peque\u00f1os, como destacan desde la Consejer\u00eda.<\/p>\n<ul class=\"v-u\">\n<li class=\"v-u__l\">\n<p class=\"v-p\">\nAtenci\u00f3n Primaria<br \/>\nLa vacuna de la gripe va dirigida a poblaci\u00f3n de m\u00e1s de 60 a\u00f1os y la del covid se aconseja desde los 70\n<\/p>\n<\/li>\n<li class=\"v-u__l\">\n<p class=\"v-p\">\nPoblaci\u00f3n infantil<br \/>\nComo en 2024, se repetir\u00e1 la vacunaci\u00f3n frente a la gripe en colegios para los ni\u00f1os de 3 y 4 a\u00f1os\n<\/p>\n<\/li>\n<li class=\"v-u__l\">\n<p class=\"v-p\">\nTemporada pasada<br \/>\nDesde octubre a enero se registraron m\u00e1s de 1.500 ingresos por infecciones respiratorias y 53 muertes\n<\/p>\n<\/li>\n<\/ul>\n<p class=\"v-p\">Ahora la campa\u00f1a avanza con el segundo colectivo m\u00e1s vulnerable frente al VRS, el de las personas de edad avanzada. Y cabe recordar que la temporada pasada los ingresos por este motivo superaron las cifras de a\u00f1os anteriores. En esta primera fase de implantaci\u00f3n se aplicar\u00e1 solo en residencias, pero desde la Direcci\u00f3n General de Salud P\u00fablica cuentan con extenderlo m\u00e1s adelante a los mayores de 65 a\u00f1os. <\/p>\n<p class=\"v-p\">Hasta que llegue ese momento, las vacunas que se administrar\u00e1n en los centros de salud para poblaci\u00f3n general ser\u00e1n la antigripal -a disposici\u00f3n de las personas mayores de 60 a\u00f1os que lo soliciten- y la del covid -en este caso, la indicaci\u00f3n es administrar el refuerzo a partir de los 70 a\u00f1os-. M\u00e1s all\u00e1 del criterio de la edad, ambas campa\u00f1as est\u00e1n dirigidas a los grupos susceptibles de sufrir complicaciones en caso de contagio. Como es sabido, ah\u00ed se incluyen pacientes con diabetes, obesidad m\u00f3rbida, enfermedades cr\u00f3nicas, c\u00e1ncer, patolog\u00edas inflamatorias o neuromusculares graves, as\u00ed como embarazadas. En el caso de la gripe, la recomendaci\u00f3n se extiende a mujeres durante el puerperio (hasta los 6 meses tras el parto y que no se hayan vacunado durante la gestaci\u00f3n), a fumadores y a ni\u00f1os de 6 a 59 meses para evitar el elevado n\u00famero de hospitalizaciones, visitas m\u00e9dicas y consumo de antibi\u00f3ticos a edades tan tempranas. En este sentido, desde Sanidad confirman que se repetir\u00e1 la experiencia piloto desarrollada del a\u00f1o pasado, de aplicar las vacunas (en este caso intranasales) en colegios a los menores de 3 y 4 a\u00f1os. La doble protecci\u00f3n (covid y gripe) se aconseja tambi\u00e9n para el personal sanitario y sociosanitario, personas que proporcionan cuidados domiciliarios o que conviven con pacientes de riesgo y los profesionales de servicios p\u00fablicos esenciales (bomberos, polic\u00edas&#8230;). <\/p>\n<p class=\"v-p\">Como cada temporada, se destaca que la prevenci\u00f3n es la mejor arma frente al &#8216;c\u00f3ctel de virus&#8217; de los meses de fr\u00edo, cuyo alcance es dif\u00edcil de predecir. As\u00ed, la \u00faltima oleada de gripe registr\u00f3 una circulaci\u00f3n menor de lo esperada -pr\u00e1cticamente la mitad del a\u00f1o anterior-, pero sin embargo el VRS tuvo un protagonismo muy superior en las mismas fechas, y con el covid ocurri\u00f3 lo contrario (casi inadvertido). A\u00fan as\u00ed, las infecciones respiratorias entre octubre y el 31 de enero generaron m\u00e1s de 1.500 ingresos y 53 fallecimientos.<\/p>\n","protected":false},"excerpt":{"rendered":"Sanidad prepara ya el blindaje frente a los virus estacionales del invierno. La campa\u00f1a de vacunaci\u00f3n contra la&hellip;\n","protected":false},"author":2,"featured_media":121034,"comment_status":"","ping_status":"","sticky":false,"template":"","format":"standard","meta":{"footnotes":""},"categories":[92],"tags":[5881,658,4114,2270,25,24,7749,165,9072,166,23,7589],"class_list":{"0":"post-121033","1":"post","2":"type-post","3":"status-publish","4":"format-standard","5":"has-post-thumbnail","7":"category-salud","8":"tag-arranca","9":"tag-campana","10":"tag-centros","11":"tag-covid","12":"tag-es","13":"tag-espana","14":"tag-gripe","15":"tag-health","16":"tag-octubre","17":"tag-salud","18":"tag-spain","19":"tag-vacunacion"},"share_on_mastodon":{"url":"","error":""},"_links":{"self":[{"href":"https:\/\/www.europesays.com\/es\/wp-json\/wp\/v2\/posts\/121033","targetHints":{"allow":["GET"]}}],"collection":[{"href":"https:\/\/www.europesays.com\/es\/wp-json\/wp\/v2\/posts"}],"about":[{"href":"https:\/\/www.europesays.com\/es\/wp-json\/wp\/v2\/types\/post"}],"author":[{"embeddable":true,"href":"https:\/\/www.europesays.com\/es\/wp-json\/wp\/v2\/users\/2"}],"replies":[{"embeddable":true,"href":"https:\/\/www.europesays.com\/es\/wp-json\/wp\/v2\/comments?post=121033"}],"version-history":[{"count":0,"href":"https:\/\/www.europesays.com\/es\/wp-json\/wp\/v2\/posts\/121033\/revisions"}],"wp:featuredmedia":[{"embeddable":true,"href":"https:\/\/www.europesays.com\/es\/wp-json\/wp\/v2\/media\/121034"}],"wp:attachment":[{"href":"https:\/\/www.europesays.com\/es\/wp-json\/wp\/v2\/media?parent=121033"}],"wp:term":[{"taxonomy":"category","embeddable":true,"href":"https:\/\/www.europesays.com\/es\/wp-json\/wp\/v2\/categories?post=121033"},{"taxonomy":"post_tag","embeddable":true,"href":"https:\/\/www.europesays.com\/es\/wp-json\/wp\/v2\/tags?post=121033"}],"curies":[{"name":"wp","href":"https:\/\/api.w.org\/{rel}","templated":true}]}}