{"id":121047,"date":"2025-09-17T15:27:07","date_gmt":"2025-09-17T15:27:07","guid":{"rendered":"https:\/\/www.europesays.com\/es\/121047\/"},"modified":"2025-09-17T15:27:07","modified_gmt":"2025-09-17T15:27:07","slug":"petrer-acogera-un-partido-benefico-de-balonmano-femenino-contra-el-cancer-de-mama-hora-14-elda","status":"publish","type":"post","link":"https:\/\/www.europesays.com\/es\/121047\/","title":{"rendered":"Petrer acoger\u00e1 un partido ben\u00e9fico de balonmano femenino contra el c\u00e1ncer de mama | Hora 14 Elda"},"content":{"rendered":"<p class=\"loc\">Elda<\/p>\n<p>Este viernes 19 de septiembre, el pabell\u00f3n Gede\u00f3n e Isa\u00edas Guardiola de Petrer se transformar\u00e1 en un espacio de solidaridad, visibilidad y compromiso social. Bajo el lema \u201cJugamos por la Vida\u201d, se celebrar\u00e1 un partido de balonmano femenino a beneficio de ACMAVI, la Asociaci\u00f3n Contra el C\u00e1ncer de Mama del Vinalop\u00f3, con el respaldo de la empresa Hispanitas, entre el Hispanitas Balonmano Petrer Femenino y el Club Balonmano Elda Prestigio.<\/p>\n<p>M\u00e1s all\u00e1 del encuentro deportivo, el objetivo del acto es recaudar fondos para los programas de atenci\u00f3n que ofrece la asociaci\u00f3n: desde apoyo psicol\u00f3gico y talleres de bienestar, hasta la entrega de pr\u00f3tesis o pelucas para mujeres en tratamiento. Con entradas a un precio simb\u00f3lico de 2 y 4 euros, se espera una gran respuesta ciudadana. <\/p>\n<p>Desde ACMAVI, Jos\u00e9 Coloma y Miriam Jim\u00e9nez, presidente y vicepresidenta, han destacado en Hoy por Hoy Elda Vinalop\u00f3 la importancia de este tipo de iniciativas, especialmente en un contexto donde apenas cuentan con financiaci\u00f3n p\u00fablica estable y carecen de una sede propia. <\/p>\n<p>La asociaci\u00f3n insiste en la urgencia de reducir los tiempos de espera en los diagn\u00f3sticos y reclama mayor implicaci\u00f3n institucional en la lucha contra una enfermedad que afecta a una de cada ocho mujeres.<\/p>\n","protected":false},"excerpt":{"rendered":"Elda Este viernes 19 de septiembre, el pabell\u00f3n Gede\u00f3n e Isa\u00edas Guardiola de Petrer se transformar\u00e1 en un&hellip;\n","protected":false},"author":2,"featured_media":121048,"comment_status":"","ping_status":"","sticky":false,"template":"","format":"standard","meta":{"footnotes":""},"categories":[278],"tags":[376,168,25,24,375,23,167],"class_list":{"0":"post-121047","1":"post","2":"type-post","3":"status-publish","4":"format-standard","5":"has-post-thumbnail","7":"category-balonmano","8":"tag-balonmano","9":"tag-deportes","10":"tag-es","11":"tag-espana","12":"tag-handball","13":"tag-spain","14":"tag-sports"},"share_on_mastodon":{"url":"","error":""},"_links":{"self":[{"href":"https:\/\/www.europesays.com\/es\/wp-json\/wp\/v2\/posts\/121047","targetHints":{"allow":["GET"]}}],"collection":[{"href":"https:\/\/www.europesays.com\/es\/wp-json\/wp\/v2\/posts"}],"about":[{"href":"https:\/\/www.europesays.com\/es\/wp-json\/wp\/v2\/types\/post"}],"author":[{"embeddable":true,"href":"https:\/\/www.europesays.com\/es\/wp-json\/wp\/v2\/users\/2"}],"replies":[{"embeddable":true,"href":"https:\/\/www.europesays.com\/es\/wp-json\/wp\/v2\/comments?post=121047"}],"version-history":[{"count":0,"href":"https:\/\/www.europesays.com\/es\/wp-json\/wp\/v2\/posts\/121047\/revisions"}],"wp:featuredmedia":[{"embeddable":true,"href":"https:\/\/www.europesays.com\/es\/wp-json\/wp\/v2\/media\/121048"}],"wp:attachment":[{"href":"https:\/\/www.europesays.com\/es\/wp-json\/wp\/v2\/media?parent=121047"}],"wp:term":[{"taxonomy":"category","embeddable":true,"href":"https:\/\/www.europesays.com\/es\/wp-json\/wp\/v2\/categories?post=121047"},{"taxonomy":"post_tag","embeddable":true,"href":"https:\/\/www.europesays.com\/es\/wp-json\/wp\/v2\/tags?post=121047"}],"curies":[{"name":"wp","href":"https:\/\/api.w.org\/{rel}","templated":true}]}}