{"id":121059,"date":"2025-09-17T15:35:11","date_gmt":"2025-09-17T15:35:11","guid":{"rendered":"https:\/\/www.europesays.com\/es\/121059\/"},"modified":"2025-09-17T15:35:11","modified_gmt":"2025-09-17T15:35:11","slug":"ebrima-tunkara-el-nino-prodigio-de-15-anos-que-viaja-con-el-barca-a-newcastle","status":"publish","type":"post","link":"https:\/\/www.europesays.com\/es\/121059\/","title":{"rendered":"Ebrima Tunkara, el &#8216;ni\u00f1o prodigio&#8217; de 15 a\u00f1os que viaja con el Bar\u00e7a a Newcastle"},"content":{"rendered":"<p class=\"ft-text\">Es <strong>habitual desde hace bastantes a\u00f1os que el primer equipo del Bar\u00e7a y el sub&#8217;19 viajen juntos en el mismo vuelo ch\u00e1rter <\/strong>para disputar sus partidos, respectivamente, de Champions League y Youth League. En la primera fase de ambas competiciones la UEFA ya forma los calendarios y grupos iguales para que los clubes puedan &#8216;economizar&#8217; y meter en un pack a ambos equipos.<\/p>\n<p class=\"ft-text\">En el avi\u00f3n destino Newcastle, por ejemplo, <strong>viajaban los 23 convocados por Flick del primer plantel<\/strong><a class=\"ft-link ft-link--decoration\" href=\"https:\/\/www.sport.es\/es\/noticias\/barca\/convocatoria-barca-youth-league-121658712\" rel=\"nofollow noopener\" target=\"_blank\"> junto a los 20 citados por Pol Planas, entrenador del Juvenil A<\/a>, para medirse tambi\u00e9n con las &#8216;urracas&#8217; unas horas antes en la ciudad deportiva del Newcastle en el estreno de la Youth League.<\/p>\n<p>UNA EXPEDICI\u00d3N MUY NUMEROSA<\/p>\n<p class=\"ft-text\">A estos 43 futbolistas hay que a\u00f1adir los staff t\u00e9cnicos, directivos, acompa\u00f1antes de los jugadores del primer equipo, miembros de los canales oficiales del Bar\u00e7a, etc. Pues bien, <strong>entre todo este enjambre de nombres, reluc\u00eda el de un futbolista todav\u00eda en edad cadete que puso rumbo a Newcastle<\/strong>.<\/p>\n<p class=\"ft-text\">Hablamos de Ebrima Tunkara, <strong>un chico de apenas 15 a\u00f1os, nacido en 2010, que fue convocado por Planas y que jugar\u00e1 en la competici\u00f3n continental<\/strong> contra futbolistas la mayor\u00eda tres a\u00f1os mayores que \u00e9l.<\/p>\n<p><img decoding=\"async\" src=\"https:\/\/www.europesays.com\/es\/wp-content\/uploads\/2025\/09\/0d097614-ff06-4f0b-af59-0e8b38ea0438_alta-libre-aspect-ratio_default_0.jpg\" width=\"1200\" height=\"675\" alt=\"Ebrima, en un miniderbi, es una de las grandes perlas del Cadete A\" class=\"ft-helper-img-rd\" loading=\"lazy\" hasdataaida=\"true\"\/><\/p>\n<p class=\"ft-helper-fontColor-quaternary ft-helper-fontSize-body-S ft-helper-spacer-t-xxs\">Ebrima, en un miniderbi, es una de las grandes perlas del Cadete A  \/ Al-Abtal Cup<\/p>\n<p class=\"ft-text\">Ebrima es uno de esos nombres que &#8216;retumban&#8217; en las paredes de La Masia <strong>como gran estandarte de futuro. <\/strong>Su padre lleg\u00f3 en 2007 a Cerdanyola (barrio de Matar\u00f3) procedente de Gambia. Ebrima pudo viajar desde el pa\u00eds africano para unirse con su progenitor en 2017, con siete a\u00f1os. Su vida dio un vuelco.<\/p>\n<p>OR\u00cdGENES<\/p>\n<p class=\"ft-text\">En el Bar\u00e7a desde la temporada 2018\/19 y <a class=\"ft-link ft-link--decoration\" href=\"https:\/\/www.sport.es\/es\/barca\/ebrima-tunkara-talento-masia-sh\/index.html\" rel=\"nofollow noopener\" target=\"_blank\">captado por Albert Puig, desde el principio ya se le vio algo especial<\/a>. Ebrima est\u00e1 marcando diferencias por c\u00f3mo combina una estructura f\u00edsica imponente y una habilidad t\u00e9cnica que lo convierten en un jugador dominante. El pasado 15 de marzo cumpli\u00f3 15 a\u00f1os y a\u00fan se espera que siga creciendo. Sin ir m\u00e1s lejos, su pap\u00e1 mide m\u00e1s de dos metros.<\/p>\n<blockquote class=\"ft-mol-quote\" data-aida-quote=\"\"><p>Ebrima es distinto a Lamine, pero en el campo facilita todo a todos sus compa\u00f1eros<\/p><\/blockquote>\n<p class=\"ft-text\">\u00abEbrima es distinto a Lamine, pero tenerlo en el campo facilita mucho las cosas a los dem\u00e1s. Te daba una garant\u00eda de que lo mejoraba todo y siempre aparec\u00eda en los partidos importantes. <strong>Te multiplica al resto. Lamine eran chispazos. Como entrenador, con Ebrima estabas tranquilo.<\/strong> Te dir\u00e9 un dato: con \u00e9l, en 30 partidos de liga en benjamines y 30 con infantiles no perdimos un solo partido\u00bb, contaba hace unos meses a SPORT Albert Puig.<\/p>\n<p class=\"ft-text\">El chico tiene la oportunidad de debutar este jueves en la Youth League siendo todav\u00eda cadete. Pol Planas y los formadores de La Masia lo est\u00e1n cuidando y monitorizando. Nadie se quiere precipitar y todo el mundo es consciente de que hay que marcar bien los pasos. Lo que est\u00e1 claro, es que nos encontramos ante un fen\u00f3meno distinto.<\/p>\n","protected":false},"excerpt":{"rendered":"Es habitual desde hace bastantes a\u00f1os que el primer equipo del Bar\u00e7a y el sub&#8217;19 viajen juntos en&hellip;\n","protected":false},"author":2,"featured_media":121060,"comment_status":"","ping_status":"","sticky":false,"template":"","format":"standard","meta":{"footnotes":""},"categories":[268],"tags":[2296,11681,168,39910,39911,25,24,881,4970,280,282,3133,1235,39913,281,23,167,39912],"class_list":{"0":"post-121059","1":"post","2":"type-post","3":"status-publish","4":"format-standard","5":"has-post-thumbnail","7":"category-futbol","8":"tag-barca","9":"tag-champions","10":"tag-deportes","11":"tag-ebrima","12":"tag-ebrima-tunkara","13":"tag-es","14":"tag-espana","15":"tag-fc-barcelona","16":"tag-flick","17":"tag-football","18":"tag-futbol","19":"tag-juvenil","20":"tag-newcastle","21":"tag-pol-planas","22":"tag-soccer","23":"tag-spain","24":"tag-sports","25":"tag-youth-league"},"share_on_mastodon":{"url":"","error":""},"_links":{"self":[{"href":"https:\/\/www.europesays.com\/es\/wp-json\/wp\/v2\/posts\/121059","targetHints":{"allow":["GET"]}}],"collection":[{"href":"https:\/\/www.europesays.com\/es\/wp-json\/wp\/v2\/posts"}],"about":[{"href":"https:\/\/www.europesays.com\/es\/wp-json\/wp\/v2\/types\/post"}],"author":[{"embeddable":true,"href":"https:\/\/www.europesays.com\/es\/wp-json\/wp\/v2\/users\/2"}],"replies":[{"embeddable":true,"href":"https:\/\/www.europesays.com\/es\/wp-json\/wp\/v2\/comments?post=121059"}],"version-history":[{"count":0,"href":"https:\/\/www.europesays.com\/es\/wp-json\/wp\/v2\/posts\/121059\/revisions"}],"wp:featuredmedia":[{"embeddable":true,"href":"https:\/\/www.europesays.com\/es\/wp-json\/wp\/v2\/media\/121060"}],"wp:attachment":[{"href":"https:\/\/www.europesays.com\/es\/wp-json\/wp\/v2\/media?parent=121059"}],"wp:term":[{"taxonomy":"category","embeddable":true,"href":"https:\/\/www.europesays.com\/es\/wp-json\/wp\/v2\/categories?post=121059"},{"taxonomy":"post_tag","embeddable":true,"href":"https:\/\/www.europesays.com\/es\/wp-json\/wp\/v2\/tags?post=121059"}],"curies":[{"name":"wp","href":"https:\/\/api.w.org\/{rel}","templated":true}]}}