{"id":121081,"date":"2025-09-17T15:47:11","date_gmt":"2025-09-17T15:47:11","guid":{"rendered":"https:\/\/www.europesays.com\/es\/121081\/"},"modified":"2025-09-17T15:47:11","modified_gmt":"2025-09-17T15:47:11","slug":"salvador-sobral-se-pronuncia-tajante-sobre-la-decision-de-espana-de-no-ir-a-eurovision-si-va-israel","status":"publish","type":"post","link":"https:\/\/www.europesays.com\/es\/121081\/","title":{"rendered":"Salvador Sobral se pronuncia tajante sobre la decisi\u00f3n de Espa\u00f1a de no ir a Eurovisi\u00f3n si va Israel"},"content":{"rendered":"<p>Salvador Sobral, siempre <a href=\"https:\/\/www.huffingtonpost.es\/life\/el-consejo-rtve-aprueba-retiradaespana-eurovisionsi-israel-participa.html\" target=\"_blank\" rel=\"nofollow noopener\">tan contundente a la hora de manifestarse<\/a> en cualquier \u00e1mbito, se ha mostrado a favor de la decisi\u00f3n de Espa\u00f1a de abandonar el festival de Eurovisi\u00f3n si Israel participa en \u00e9l.\u00a0<\/p>\n<p><b>\u00ab\u00bfY nosotros cu\u00e1ndo?\u00bb, ha dicho el cantante portugu\u00e9s<\/b>, ganador del festival en 2017, junto a una foto de Melody, \u00faltima representante de Espa\u00f1a en Eurovisi\u00f3n. <a href=\"https:\/\/www.huffingtonpost.es\/life\/cultura\/salvador-sobral-estaba-mas-preocupado-sobrevivir-fama-decian-mi.html\" target=\"_blank\" rel=\"nofollow noopener\">Sobral nunca ha sido muy fan del festival<\/a>, de hecho, dijo en una entrevista a El HuffPost: \u00abNo, nunca, nunca lo vi. Siempre estoy trabajando felizmente que tengo trabajo. Entonces o trabajo o f\u00fatbol\u00bb.\u00a0<\/p>\n<p>Eso s\u00ed, no se arrepiente: \u00abEurovisi\u00f3n me trajo todo lo que tengo. Lo de la fama instant\u00e1nea es que es una cosa antinatural para el ser humano. Nadie deber\u00eda pasar por eso de que nadie le conozca y al d\u00eda siguiente ser recibido por millones de personas. Eso es muy dif\u00edcil de asimilar, y m\u00e1s encima si est\u00e1s enfermo. Es que la gente a veces no se da cuenta de todo eso, es que yo aparte de esa forma instant\u00e1nea, es que estaba muy mal\u00bb.\u00a0<\/p>\n<p>Todo despu\u00e9s de que este martes, el\u00a0\u00f3rgano directivo de RTVE haya aprobado la retirada de la delegaci\u00f3n espa\u00f1ola de Eurovisi\u00f3n 2026 si Israel participa en esa edici\u00f3n por diez votos a favor, cuatro en contra y una abstenci\u00f3n.<\/p>\n<p>Como ya adelant\u00f3 el presidente de Radio Televisi\u00f3n Espa\u00f1ola (RTVE) Jos\u00e9 Pablo L\u00f3pez, este lunes, el \u00f3rgano directivo de la televisi\u00f3n p\u00fablica debati\u00f3 el martes la propuesta y, como era de prever, ha salido s\u00ed.\u00a0<\/p>\n<p>Con esta decisi\u00f3n Espa\u00f1a se convierte en el quinto pa\u00eds en confirmar su retirada de Eurovisi\u00f3n en el caso de la participaci\u00f3n de Israel tras Pa\u00edses Bajos, Eslovenia, Islandia e Irlanda.<\/p>\n<p>De momento, s\u00ed habr\u00e1 Benidorm Fest.\u00a0<\/p>\n<p>Tal y como ha confirmado TVE, esta determinaci\u00f3n no afecta, de momento, a la celebraci\u00f3n del Benidorm Fest, el certamen del que ha salido la canci\u00f3n que ha representado a Espa\u00f1a en las cuatro \u00faltimas ediciones.<\/p>\n<p>\u00abLa decisi\u00f3n adoptada por el Consejo de Administraci\u00f3n de RTVE sobre Eurovisi\u00f3n no altera los planes respecto a la celebraci\u00f3n del Benidorm Fest, un festival con identidad propia, totalmente consolidado y que el pr\u00f3ximo a\u00f1o celebra su quinta edici\u00f3n\u00bb, comentaron este martes.\u00a0<\/p>\n","protected":false},"excerpt":{"rendered":"Salvador Sobral, siempre tan contundente a la hora de manifestarse en cualquier \u00e1mbito, se ha mostrado a favor&hellip;\n","protected":false},"author":2,"featured_media":121082,"comment_status":"","ping_status":"","sticky":false,"template":"","format":"standard","meta":{"footnotes":""},"categories":[42],"tags":[17,18,24121,13,14,11,61,62,63,64,19,20,9,10,15,16,39918,12,21,22,65,66,67],"class_list":{"0":"post-121081","1":"post","2":"type-post","3":"status-publish","4":"format-standard","5":"has-post-thumbnail","7":"category-internacional","8":"tag-breaking-news","9":"tag-breakingnews","10":"tag-eurovision","11":"tag-featured-news","12":"tag-featurednews","13":"tag-headlines","14":"tag-internacional","15":"tag-international","16":"tag-international-news","17":"tag-internationalnews","18":"tag-latest-news","19":"tag-latestnews","20":"tag-news","21":"tag-noticias","22":"tag-noticias-destacadas","23":"tag-noticiasdestacadas","24":"tag-salvador-sobral","25":"tag-titulares","26":"tag-ultimas-noticias","27":"tag-ultimasnoticias","28":"tag-world","29":"tag-world-news","30":"tag-worldnews"},"share_on_mastodon":{"url":"","error":""},"_links":{"self":[{"href":"https:\/\/www.europesays.com\/es\/wp-json\/wp\/v2\/posts\/121081","targetHints":{"allow":["GET"]}}],"collection":[{"href":"https:\/\/www.europesays.com\/es\/wp-json\/wp\/v2\/posts"}],"about":[{"href":"https:\/\/www.europesays.com\/es\/wp-json\/wp\/v2\/types\/post"}],"author":[{"embeddable":true,"href":"https:\/\/www.europesays.com\/es\/wp-json\/wp\/v2\/users\/2"}],"replies":[{"embeddable":true,"href":"https:\/\/www.europesays.com\/es\/wp-json\/wp\/v2\/comments?post=121081"}],"version-history":[{"count":0,"href":"https:\/\/www.europesays.com\/es\/wp-json\/wp\/v2\/posts\/121081\/revisions"}],"wp:featuredmedia":[{"embeddable":true,"href":"https:\/\/www.europesays.com\/es\/wp-json\/wp\/v2\/media\/121082"}],"wp:attachment":[{"href":"https:\/\/www.europesays.com\/es\/wp-json\/wp\/v2\/media?parent=121081"}],"wp:term":[{"taxonomy":"category","embeddable":true,"href":"https:\/\/www.europesays.com\/es\/wp-json\/wp\/v2\/categories?post=121081"},{"taxonomy":"post_tag","embeddable":true,"href":"https:\/\/www.europesays.com\/es\/wp-json\/wp\/v2\/tags?post=121081"}],"curies":[{"name":"wp","href":"https:\/\/api.w.org\/{rel}","templated":true}]}}