{"id":121103,"date":"2025-09-17T15:59:11","date_gmt":"2025-09-17T15:59:11","guid":{"rendered":"https:\/\/www.europesays.com\/es\/121103\/"},"modified":"2025-09-17T15:59:11","modified_gmt":"2025-09-17T15:59:11","slug":"sofia-palazuelo-y-belen-corsini-dos-cunadas-felices-de-paseo-con-sus-bebes-por-madrid","status":"publish","type":"post","link":"https:\/\/www.europesays.com\/es\/121103\/","title":{"rendered":"Sof\u00eda Palazuelo y Bel\u00e9n Corsini, dos cu\u00f1adas felices de paseo con sus beb\u00e9s por Madrid"},"content":{"rendered":"<p id=\"epZY7HZGsi\" data-wc=\"100\">La felicidad se refleja en su sonrisa. La duquesa de Hu\u00e9scar disfrut\u00f3 de su primer paseo junto a<a class=\"hm-link ho-link\" href=\"https:\/\/www.hola.com\/actualidad\/20250916856119\/sofia-palazuelo-primeras-imagenes-tras-dar-luz-hijo-fernando\/\" data-mrf-recirculation=\"article-body-link\" rel=\"nofollow noopener\" target=\"_blank\">\u00a0su tercer hijo, Fernando, que vino al mundo el pasado 10 de septiembre<\/a>. Sof\u00eda Palazuelo, de 33 a\u00f1os, y Fernando Fitz-James, de 34, celebraron la llegada de este beb\u00e9, que los convierte en familia numerosa, y ha venido a aumentar su dicha. Al ser el primer var\u00f3n, el peque\u00f1o ha recibido el nombre de su padre y su abuelo materno, siguiendo la tradici\u00f3n familiar. Los herederos de la Casa de Alba ya eran padres de dos ni\u00f1as: Rosario (5) y Sof\u00eda (2).\u00a0<\/p>\n<p> <img src=\"https:\/\/www.europesays.com\/es\/wp-content\/uploads\/2025\/09\/0865d82ae49f-duquesa-huescar-gtres3.jpg\"   width=\"682\" height=\"1024\" loading=\"lazy\" decoding=\"async\" alt=\"Sof\u00eda Palazuelo y Bel\u00e9n Corsini, de paseo con sus hijos en Madrid\" fetchpriority=\"auto\" class=\"image ho-image\"\/>\u00a9 GTRES<\/p>\n<p id=\"eIAHefOTNO\" data-wc=\"81\">La feliz mam\u00e1 <strong>sali\u00f3 a pasear en la mejor compa\u00f1\u00eda,<\/strong> la de su hija <strong>Sof\u00eda, de dos a\u00f1itos,<\/strong> que iba subida en un transport\u00edn del carrito del beb\u00e9, <strong>y su cu\u00f1ada Bel\u00e9n Corsini,<\/strong> esposa de Carlos Fitz-James, que tambi\u00e9n ha sido madre recientemente, \u00a0<strong>e iba acompa\u00f1ada de su hijo mayor, Carlos,<\/strong> de a\u00f1o y medio. Juntas han sido las protagonistas de estas bonitas im\u00e1genes en las que, por sus expresiones, est\u00e1n disfrutando al m\u00e1ximo de esta nueva etapa de sus vidas.\u00a0<\/p>\n<p> <img src=\"https:\/\/www.europesays.com\/es\/wp-content\/uploads\/2025\/09\/52dcbf0448ce-duquesa-huescar-gtres2.jpg\"   width=\"1024\" height=\"682\" loading=\"lazy\" decoding=\"async\" alt=\"Sof\u00eda Palazuelo y Bel\u00e9n Corsini, de paseo con sus hijos por Madrid\" fetchpriority=\"auto\" class=\"image ho-image\"\/>\u00a9 GTRES<\/p>\n<p id=\"e9kc1oGi3W\" data-wc=\"116\">Sof\u00eda no pod\u00eda dejar de re\u00edr al escuchar las ocurrencias de su hija, al igual que Bel\u00e9n, cuyo hijo iba muy atento a todo lo que ocurr\u00eda a su alrededor. La condesa de Osorno dio a luz el 9 de junio a su segundo hijo<strong>, un ni\u00f1o al que han llamado Fadrique,<\/strong> un nombre que, <a class=\"hm-link ho-link\" href=\"https:\/\/www.hola.com\/actualidad\/20250625840262\/belen-corsini-y-carlos-fitz-james-original-nombre-bebe-fadrique\/\" data-mrf-recirculation=\"article-body-link\" rel=\"nofollow noopener\" target=\"_blank\">adem\u00e1s de original, est\u00e1 vinculado a la Casa de Alba, ya que as\u00ed se llamaba el segundo duque de Alba, primo de Fernando el Cat\u00f3lico. \u00a0A medida que crezca, el peque\u00f1o se convertir\u00e1 en<a class=\"hm-link ho-link\" href=\"https:\/\/www.hola.com\/actualidad\/20240517360198\/condes-osorno-nueva-vida-padres\/\" data-mrf-recirculation=\"article-body-link\" rel=\"nofollow noopener\" target=\"_blank\">\u00a0el mejor compa\u00f1ero de juegos de su hermano mayor, Carlos<\/a>, as\u00ed como de sus primos, Rosario, Sof\u00eda y Fernando, con el que apenas se lleva tres meses.\u00a0<\/p>\n<p> <img src=\"https:\/\/www.europesays.com\/es\/wp-content\/uploads\/2025\/09\/c47925ac553c-duquesa-huescar-gtres.jpg\"   width=\"764\" height=\"1024\" loading=\"lazy\" decoding=\"async\" alt=\"Sof\u00eda Palazuelo, primer paseo con su tercer hijo; Fernando, y su hija Sof\u00eda, en Madrid\" fetchpriority=\"auto\" class=\"image ho-image\"\/>\u00a9 GTRES<\/p>\n<p id=\"eV1RaegClF\" data-wc=\"78\">La Duquesa <a class=\"hm-link ho-link\" href=\"https:\/\/www.hola.com\/actualidad\/20250916856119\/sofia-palazuelo-primeras-imagenes-tras-dar-luz-hijo-fernando\/\" data-mrf-recirculation=\"article-body-link\" rel=\"nofollow noopener\" target=\"_blank\">luc\u00eda radiante apenas una semana despu\u00e9s de dar a luz<\/a> por las calles de Madrid. La condesa de Osorno y la duquesa de Hu\u00e9scar, dos de las mujeres m\u00e1s elegantes de nuestro pa\u00eds, dieron muestras de lo felices y recuperadas que est\u00e1n despu\u00e9s de haber sido madres este verano. La llegada de estos nuevos miembros de la familia no ha hecho m\u00e1s que aumentar la familia y ya son cinco los nietos del duque de Alba.<\/p>\n<p> <img src=\"https:\/\/www.europesays.com\/es\/wp-content\/uploads\/2025\/09\/b8d736cdab7f-duquesa-huescar-gtres4.jpg\"   width=\"682\" height=\"1024\" loading=\"lazy\" decoding=\"async\" alt=\"Bel\u00e9n Corsini, de paseo con su hijo Carlos en Madrid\" fetchpriority=\"auto\" class=\"image ho-image\"\/>\u00a9 GTRES<\/p>\n<p id=\"e4vwz3AroL\" data-wc=\"101\">Sof\u00eda Palazuelo y Bel\u00e9n Corsini tienen muchas cosas en com\u00fan. Adem\u00e1s de contraer matrimonio con los hermanos Fernando y Carlos Fitz-James Stuart, <a class=\"hm-link ho-link\" href=\"https:\/\/www.hola.com\/actualidad\/20241006722445\/duque-de-alba-celebracion-cumpleanos-hijos-madrid\/\" data-mrf-recirculation=\"article-body-link\" rel=\"nofollow noopener\" target=\"_blank\">los dos hijos del duque de Alba<\/a>, <strong>viven en el mismo edificio,\u00a0<\/strong>que se encuentra<strong>\u00a0a escasos metros del palacio de Liria<\/strong>, donde reside el duque Carlos Fitz-James Stuart. \u00a0Adem\u00e1s de cu\u00f1adas, vecinas, cu\u00f1adas y referentes de estilo, tambi\u00e9n coinciden en se\u00f1alar en lo mucho que disfrutan de sus hijos. Nada m\u00e1s enterarse de su nueva maternidad, expresaban su felicidad.<strong>\u00a0<\/strong>\u00abSe van a llevar nada, un par de meses, o sea que es la mejor noticia\u00bb, celebraba la duquesa.<\/p>\n<p> <img src=\"https:\/\/www.europesays.com\/es\/wp-content\/uploads\/2025\/09\/7c7955c21526-duquesa-huescar-gtres5.jpg\"   width=\"1024\" height=\"682\" loading=\"lazy\" decoding=\"async\" alt=\"Sof\u00eda Palazuelo y Bel\u00e9n Corsini, de paseo con sus hijos en Madrid\" fetchpriority=\"auto\" class=\"image ho-image\"\/>\u00a9 GTRES<\/p>\n","protected":false},"excerpt":{"rendered":"La felicidad se refleja en su sonrisa. La duquesa de Hu\u00e9scar disfrut\u00f3 de su primer paseo junto a\u00a0su&hellip;\n","protected":false},"author":2,"featured_media":121104,"comment_status":"","ping_status":"","sticky":false,"template":"","format":"standard","meta":{"footnotes":""},"categories":[174],"tags":[517,39921,255,146,147,25,24,256,18759,23],"class_list":{"0":"post-121103","1":"post","2":"type-post","3":"status-publish","4":"format-standard","5":"has-post-thumbnail","7":"category-famosos","8":"tag-actualidad","9":"tag-belen-corsini","10":"tag-celebrities","11":"tag-entertainment","12":"tag-entretenimiento","13":"tag-es","14":"tag-espana","15":"tag-famosos","16":"tag-sofia-palazuelo","17":"tag-spain"},"share_on_mastodon":{"url":"","error":""},"_links":{"self":[{"href":"https:\/\/www.europesays.com\/es\/wp-json\/wp\/v2\/posts\/121103","targetHints":{"allow":["GET"]}}],"collection":[{"href":"https:\/\/www.europesays.com\/es\/wp-json\/wp\/v2\/posts"}],"about":[{"href":"https:\/\/www.europesays.com\/es\/wp-json\/wp\/v2\/types\/post"}],"author":[{"embeddable":true,"href":"https:\/\/www.europesays.com\/es\/wp-json\/wp\/v2\/users\/2"}],"replies":[{"embeddable":true,"href":"https:\/\/www.europesays.com\/es\/wp-json\/wp\/v2\/comments?post=121103"}],"version-history":[{"count":0,"href":"https:\/\/www.europesays.com\/es\/wp-json\/wp\/v2\/posts\/121103\/revisions"}],"wp:featuredmedia":[{"embeddable":true,"href":"https:\/\/www.europesays.com\/es\/wp-json\/wp\/v2\/media\/121104"}],"wp:attachment":[{"href":"https:\/\/www.europesays.com\/es\/wp-json\/wp\/v2\/media?parent=121103"}],"wp:term":[{"taxonomy":"category","embeddable":true,"href":"https:\/\/www.europesays.com\/es\/wp-json\/wp\/v2\/categories?post=121103"},{"taxonomy":"post_tag","embeddable":true,"href":"https:\/\/www.europesays.com\/es\/wp-json\/wp\/v2\/tags?post=121103"}],"curies":[{"name":"wp","href":"https:\/\/api.w.org\/{rel}","templated":true}]}}