{"id":121109,"date":"2025-09-17T16:03:09","date_gmt":"2025-09-17T16:03:09","guid":{"rendered":"https:\/\/www.europesays.com\/es\/121109\/"},"modified":"2025-09-17T16:03:09","modified_gmt":"2025-09-17T16:03:09","slug":"nuevo-disco-de-chez-kane-coroner-estrenan-video-adelanto-de-warrant","status":"publish","type":"post","link":"https:\/\/www.europesays.com\/es\/121109\/","title":{"rendered":"Nuevo disco de Chez Kane. CORONER estrenan v\u00eddeo. Adelanto de WARRANT."},"content":{"rendered":"<p>\u00a0<\/p>\n<p style=\"text-align: center;\"><strong><a href=\"#Chez\">Nuevo disco de Chez Kane<\/a> \u2013 <a href=\"#CORONER\">CORONER estrenan v\u00eddeo<\/a> \u2013 <a href=\"#WARRANT\">Adelanto de WARRANT<\/a>. <\/strong><\/p>\n<p><strong><a href=\"https:\/\/www.chezkane.com\/\" target=\"_blank\" rel=\"noopener nofollow\">Chez Kane<\/a><\/strong> editar\u00e1 el 27 de marzo a trav\u00e9s de Frontiers Music un nuevo disco titulado \u201cReckless\u201d.<\/p>\n<p><img fetchpriority=\"high\" decoding=\"async\" src=\"https:\/\/www.europesays.com\/es\/wp-content\/uploads\/2025\/09\/ChezKaneReckless.jpg\" alt=\"Chez Kane\" width=\"300\" height=\"300\"\/><\/p>\n<p>Estos son los temas que incluye:<\/p>\n<ol>\n<li>Reckless<\/li>\n<li>Personal Rock N\u2019 Roll<\/li>\n<li>Night Of Passion<\/li>\n<li>Strip Me Down<\/li>\n<li>Tongue Of Love<\/li>\n<li>Love Tornado<\/li>\n<li>Bad Girl<\/li>\n<li>Street Survivor<\/li>\n<li>Too Dangerous<\/li>\n<li>Bodyrock<\/li>\n<\/ol>\n<p>A continuaci\u00f3n ten\u00e9is un v\u00eddeo para el tema t\u00edtulo.<\/p>\n<p>De nuevo ha sido producido por <strong>Danny Rexon<\/strong> de CRAZY LIXX.<\/p>\n<p>La vocalista estar\u00e1 en la pr\u00f3xima edici\u00f3n del Lion Rock Fest.<\/p>\n<p>M\u00e1s sobre<strong><a href=\"https:\/\/www.chezkane.com\/\" target=\"_blank\" rel=\"noopener nofollow\"> Chez Kane<\/a><\/strong> en esta <a href=\"https:\/\/www.rafabasa.com\/2024\/06\/03\/skid-row-chez-kane-keep-it-true\/#Chez_Kane\" rel=\"nofollow noopener\" target=\"_blank\">noticia<\/a>.<\/p>\n<p>\u00a0<\/p>\n<p>\u201cSymmetry\u201d es el nuevo single y v\u00eddeo de <a href=\"https:\/\/www.facebook.com\/coronerband\" target=\"_blank\" rel=\"noopener nofollow\"><strong>CORONER<\/strong><\/a>.<\/p>\n<p><a href=\"https:\/\/www.facebook.com\/coronerband\" target=\"_blank\" rel=\"noopener nofollow\"><strong>CORONER<\/strong><\/a> editar\u00e1n el 17 de octubre a trav\u00e9s de Century Media Records un nuevo disco titulado \u201cDissonance Theory\u201d.<\/p>\n<p>Todos los detalles en esta <a href=\"https:\/\/www.rafabasa.com\/2025\/08\/16\/paradise-lost-coroner-darkness\/#CORONER2\" rel=\"nofollow noopener\" target=\"_blank\">noticia<\/a>.<\/p>\n<p>\u00a0<\/p>\n<p>\u00a0<\/p>\n<p>A continuaci\u00f3n ten\u00e9is el nuevo v\u00eddeo de <strong>WARRANT<\/strong> para el tema \u201cScream For Metal\u201d.<\/p>\n<p>Los alemanes <strong>WARRANT<\/strong> sacar\u00e1n el 10 de octubre a trav\u00e9s de Massacre Records un nuevo disco titulado \u201cThe Speed Of Metal\u201d.<\/p>\n<p>Todos los detalles en esta <a href=\"https:\/\/www.rafabasa.com\/2025\/09\/04\/judas-priest-warrant-void-stainless-madness\/#WARRANT2\" rel=\"nofollow noopener\" target=\"_blank\">noticia<\/a>.<\/p>\n<p>\u00a0<\/p>\n<p align=\"center\"><strong>Sigue el\u00a0<a href=\"https:\/\/whatsapp.com\/channel\/0029VaCprxVBA1f555USvT2O\" target=\"_blank\" rel=\"nofollow noopener\">Canal de RAFABASA.COM en WhatsApp<\/a>, donde encontrar\u00e1s todas nuestras novedades al instante<\/strong><\/p>\n<p>\u00a0<\/p>\n<p>\u00a0<\/p>\n<p>\u00a0<\/p>\n<p>\u00a0<\/p>\n<p>\u00a0<\/p>\n<p>\u00a0<\/p>\n","protected":false},"excerpt":{"rendered":"\u00a0 Nuevo disco de Chez Kane \u2013 CORONER estrenan v\u00eddeo \u2013 Adelanto de WARRANT. Chez Kane editar\u00e1 el&hellip;\n","protected":false},"author":2,"featured_media":121110,"comment_status":"","ping_status":"","sticky":false,"template":"","format":"standard","meta":{"footnotes":""},"categories":[170],"tags":[39922,39923,146,147,25,24,184,185,23,27244],"class_list":{"0":"post-121109","1":"post","2":"type-post","3":"status-publish","4":"format-standard","5":"has-post-thumbnail","7":"category-musica","8":"tag-chez-kane","9":"tag-coroner","10":"tag-entertainment","11":"tag-entretenimiento","12":"tag-es","13":"tag-espana","14":"tag-music","15":"tag-musica","16":"tag-spain","17":"tag-warrant"},"share_on_mastodon":{"url":"","error":""},"_links":{"self":[{"href":"https:\/\/www.europesays.com\/es\/wp-json\/wp\/v2\/posts\/121109","targetHints":{"allow":["GET"]}}],"collection":[{"href":"https:\/\/www.europesays.com\/es\/wp-json\/wp\/v2\/posts"}],"about":[{"href":"https:\/\/www.europesays.com\/es\/wp-json\/wp\/v2\/types\/post"}],"author":[{"embeddable":true,"href":"https:\/\/www.europesays.com\/es\/wp-json\/wp\/v2\/users\/2"}],"replies":[{"embeddable":true,"href":"https:\/\/www.europesays.com\/es\/wp-json\/wp\/v2\/comments?post=121109"}],"version-history":[{"count":0,"href":"https:\/\/www.europesays.com\/es\/wp-json\/wp\/v2\/posts\/121109\/revisions"}],"wp:featuredmedia":[{"embeddable":true,"href":"https:\/\/www.europesays.com\/es\/wp-json\/wp\/v2\/media\/121110"}],"wp:attachment":[{"href":"https:\/\/www.europesays.com\/es\/wp-json\/wp\/v2\/media?parent=121109"}],"wp:term":[{"taxonomy":"category","embeddable":true,"href":"https:\/\/www.europesays.com\/es\/wp-json\/wp\/v2\/categories?post=121109"},{"taxonomy":"post_tag","embeddable":true,"href":"https:\/\/www.europesays.com\/es\/wp-json\/wp\/v2\/tags?post=121109"}],"curies":[{"name":"wp","href":"https:\/\/api.w.org\/{rel}","templated":true}]}}