{"id":12111,"date":"2025-07-29T17:16:09","date_gmt":"2025-07-29T17:16:09","guid":{"rendered":"https:\/\/www.europesays.com\/es\/12111\/"},"modified":"2025-07-29T17:16:09","modified_gmt":"2025-07-29T17:16:09","slug":"que-fue-del-legendario-director-enrique-segoviano-tras-la-traicion-de-chespirito-y-florinda-meza","status":"publish","type":"post","link":"https:\/\/www.europesays.com\/es\/12111\/","title":{"rendered":"Qu\u00e9 fue del legendario director Enrique Segoviano tras la traici\u00f3n de Chespirito y Florinda Meza"},"content":{"rendered":"<p class=\"article-body__paragraph\"><a href=\"https:\/\/www.latercera.com\/culto\/noticia\/el-chavo-del-8-en-acapulco-como-uno-de-los-capitulos-mas-entranables-de-chespirito-destruyo-a-la-vecindad\/\" target=\"_self\" rel=\"nofollow noopener\" title=\"https:\/\/www.latercera.com\/culto\/noticia\/el-chavo-del-8-en-acapulco-como-uno-de-los-capitulos-mas-entranables-de-chespirito-destruyo-a-la-vecindad\/\">El viaje a Acapulco<\/a> ser\u00eda la consagraci\u00f3n definitiva del elenco de <a href=\"https:\/\/www.latercera.com\/etiqueta\/chespirito\/\" target=\"_self\" rel=\"nofollow noopener\" title=\"https:\/\/www.latercera.com\/etiqueta\/chespirito\/\">Chespirito<\/a>. El sitio donde en 1978 olvidar\u00edan las fracturas y estampar\u00edan uno de los cap\u00edtulos m\u00e1s memorables en la historia de un espacio que ya acumulaba aplausos y euforia continental. <\/p>\n<p class=\"article-body__paragraph\"><b>Sin embargo, fue todo lo contrario. <\/b>Seg\u00fan retrata la serie <a href=\"https:\/\/www.latercera.com\/etiqueta\/chespirito-sin-querer-queriendo\/\" target=\"_self\" rel=\"nofollow noopener\" title=\"https:\/\/www.latercera.com\/etiqueta\/chespirito-sin-querer-queriendo\/\">Chespirito: sin querer queriendo<\/a>, que acaba de emitir su \u00faltimo cap\u00edtulo en <a href=\"https:\/\/www.latercera.com\/etiqueta\/hbo-max\/\" target=\"_self\" rel=\"nofollow noopener\" title=\"https:\/\/www.latercera.com\/etiqueta\/hbo-max\/\">HBO Ma<\/a>x, el paso por el balneario mexicano signific\u00f3 profundizar los conflictos, agudizar los distanciamientos y finalmente destruir al elenco.<\/p>\n<p class=\"article-body__paragraph\"><b>En ese quiebre generalizado, hay un v\u00ednculo que se convirti\u00f3 en el m\u00e1s bullado y \u00e1spero de todo el grupo:<\/b> cuando Florinda Meza dej\u00f3 al director del programa, Enrique Segoviano -con quien hab\u00eda iniciado un romance en 1973 e incluso se iban a casar-, para iniciar su larga relaci\u00f3n con Roberto G\u00f3mez Bola\u00f1os, con el que fue pareja hasta el d\u00eda de su muerte en 2014.<\/p>\n<p><img alt=\"\" class=\"global-image\" decoding=\"async\"  src=\"https:\/\/www.europesays.com\/es\/wp-content\/uploads\/2025\/07\/QJYKI5753BC2VBQ23F7MGMK5JQ.jpg\"  fetchpriority=\"low\" loading=\"lazy\"\/><\/p>\n<p class=\"article-body__paragraph\">De hecho, la ficci\u00f3n muestra c\u00f3mo en Acapulco, Segoviano va observando el intenso coqueteo entre G\u00f3mez Bola\u00f1os y su prometida, hasta que en un minuto ya no da m\u00e1s y explota. <b>\u201c\u00a1Qu\u00e9dense juntos!\u201c, les dice.<\/b><\/p>\n<p class=\"article-body__paragraph\">En otro momento, Meza le cuenta a Chespirito que prefiere estar con \u00e9l y que est\u00e1 dispuesta a sacarse el anillo de compromiso que sell\u00f3 su lazo con Segoviano.<\/p>\n<p class=\"article-body__paragraph\"><b>Un a\u00f1o antes, en 1977, cuando toda la vecindad de El Chavo del 8 viaj\u00f3 a Chile para sus espect\u00e1culos en el Estadio Nacional, Segoviano tambi\u00e9n quer\u00eda venir a la capital<\/b>. Su intenci\u00f3n era viajar junto a su novia, Florinda Meza, para pasar un rato junto a ella en el sur del planeta.<\/p>\n<p><img alt=\"\" class=\"global-image\" decoding=\"async\"  src=\"https:\/\/www.europesays.com\/es\/wp-content\/uploads\/2025\/07\/FBTMXG2EYVAFPOM2F3RRDD724U.png\"  fetchpriority=\"low\" loading=\"lazy\"\/><\/p>\n<p class=\"article-body__paragraph\"><b>Sin embargo, G\u00f3mez Bola\u00f1os le dijo que no.<\/b> \u201cEres el director de televisi\u00f3n, no sirves de mucho en los shows\u201d, le justific\u00f3. Segoviano simplemente se resign\u00f3. Pero sus sospechas eran ciertas: en Santiago, Chespirito se dio su primer beso con Meza y comenzaron su relaci\u00f3n \u201cclandestina\u201d.<\/p>\n<p>La historia de Enrique Segoviano<\/p>\n<p class=\"article-body__paragraph\">Antes, Segoviano se hab\u00eda convertido en una pieza imprescindible para el \u00e9xito del programa Chespirito. Nacido en Rep\u00fablica Dominicana y llegado a M\u00e9xico junto a sus padres a los once a\u00f1os, de a poco comenz\u00f3 a ganarse un nombre en la TV de ese \u00faltimo pa\u00eds tras estudiar Ciencias y T\u00e9cnicas.<\/p>\n<p class=\"article-body__paragraph\"><b>En 1973, G\u00f3mez Bola\u00f1os -con el olfato de siempre-, lo llam\u00f3 para que se hiciera cargo de sus producciones televisivas.<\/b> Segoviano se hizo responsable de la direcci\u00f3n de c\u00e1mara, iluminaci\u00f3n, sonido y de facturar en algunos casos los efectos especiales desde 1973 hasta 1978. <\/p>\n<p class=\"article-body__paragraph\">Fue pieza clave y el brazo derecho de G\u00f3mez Bola\u00f1os en gran parte de su per\u00edodo de \u00e9xito inicial. G\u00f3mez Bola\u00f1os escrib\u00eda, pero Segoviano hac\u00eda que todo brillara en la pantalla. Incluso, fue quien le sugiri\u00f3 a Carlos Villagr\u00e1n que deb\u00eda inflar los cachetes para su personaje de Quico, detalle clave para el fen\u00f3meno posterior de esa figura.<\/p>\n<p><img alt=\"\" class=\"global-image\" decoding=\"async\"  src=\"https:\/\/www.europesays.com\/es\/wp-content\/uploads\/2025\/07\/EIBZ5KDROFGRNPETGXVCET4STE.jpg\"  fetchpriority=\"low\" loading=\"lazy\"\/>Quico <\/p>\n<p class=\"article-body__paragraph\">Sin embargo, el inicio de la relaci\u00f3n del hombre tras el Doctor Chapat\u00edn con Florinda Meza lo enoj\u00f3 y lo llev\u00f3 a repensar su continuidad en el espacio. <b>No quer\u00eda saber m\u00e1s de nadie. Le hab\u00edan quitado al amor de su vida. Hasta que el propio Chespirito opt\u00f3 por echarlo. <\/b><\/p>\n<p class=\"article-body__paragraph\">La \u00faltima vez que Segoviano trabaj\u00f3 con G\u00f3mez Bola\u00f1os fue en la direcci\u00f3n de El Chanfle, en 1979, convirti\u00e9ndose en la primera y \u00faltima pel\u00edcula que dirigi\u00f3.<\/p>\n<p class=\"article-body__paragraph\">La cinta fue escrita y dirigida por Enrique Segoviano, y coproducida, coescrita y protagonizada por Roberto G\u00f3mez Bola\u00f1os, quien comparti\u00f3 los cr\u00e9ditos principales junto a Florinda Meza. Adem\u00e1s, tuvo la participaci\u00f3n de los actores que hab\u00edan trabajado con Chespirito a\u00f1os atr\u00e1s.<\/p>\n<p class=\"article-body__paragraph\">Ese mismo a\u00f1o en que fue expulsado de la vecindad, dirigi\u00f3 Odisea Burbujas, una serie infantil de TV, para luego saltar al mismo formato en El tesoro del saber. <\/p>\n<p class=\"article-body__paragraph\">En 1984 dirigi\u00f3 las series Hola M\u00e9xico!!!, y las telenovelas Te amo y S\u00ed, mi amor. En el a\u00f1o 1986 dirigi\u00f3 y produjo la telenovela Ave F\u00e9nix. <\/p>\n<p class=\"article-body__paragraph\">Otros de sus grandes hits fueron Pobre ni\u00f1a rica (1995), La vida de Mar\u00eda F\u00e9lix (1992), At\u00ednale al Precio (1997, 2010), 100 mexicanos dijeron (2001), Espacio en blanco (2006) y Todo el mundo cree que sabe (2009-2011).<\/p>\n<p class=\"article-body__paragraph\"><b>En ese trance, se convirti\u00f3 en una suerte de Rey Midas de la pantalla de su pa\u00eds<\/b>. O sea, pudo rehacerse sin grandes problemas, a diferencia de otros actores de Chespirito, como Ram\u00f3n Vald\u00e9s o Carlos Villagr\u00e1n, quienes nunca pudieron replicar en solitario el \u00e9xito original.<\/p>\n<p class=\"article-body__paragraph\">Por lo dem\u00e1s, seg\u00fan han recordado sus familiares, nunca habl\u00f3 mal en entrevistas de G\u00f3mez Bola\u00f1os o de Florinda Meza. Siempre les guard\u00f3 una respetuosa estima, al menos a nivel p\u00fablico y con el curso de los a\u00f1os.<\/p>\n<p class=\"article-body__paragraph\">Hoy Segoviano tiene 80 a\u00f1os y vive retirado de la TV. <\/p>\n","protected":false},"excerpt":{"rendered":"El viaje a Acapulco ser\u00eda la consagraci\u00f3n definitiva del elenco de Chespirito. El sitio donde en 1978 olvidar\u00edan&hellip;\n","protected":false},"author":2,"featured_media":12112,"comment_status":"","ping_status":"","sticky":false,"template":"","format":"standard","meta":{"footnotes":""},"categories":[171],"tags":[1059,3005,3522,8453,4858,8452,146,147,25,24,3002,3526,7323,3668,805,7326,23,6879,214],"class_list":{"0":"post-12111","1":"post","2":"type-post","3":"status-publish","4":"format-standard","5":"has-post-thumbnail","7":"category-tv","8":"tag-acapulco","9":"tag-chespirito","10":"tag-chespirito-sin-querer-queriendo","11":"tag-dona-florinda","12":"tag-el-chavo-del-8","13":"tag-enrique-segoviano","14":"tag-entertainment","15":"tag-entretenimiento","16":"tag-es","17":"tag-espana","18":"tag-florinda-meza","19":"tag-hbo-max","20":"tag-ramon-valdes","21":"tag-roberto-gomez-bolanos","22":"tag-series","23":"tag-series-culto","24":"tag-spain","25":"tag-streaming","26":"tag-tv"},"share_on_mastodon":{"url":"","error":""},"_links":{"self":[{"href":"https:\/\/www.europesays.com\/es\/wp-json\/wp\/v2\/posts\/12111","targetHints":{"allow":["GET"]}}],"collection":[{"href":"https:\/\/www.europesays.com\/es\/wp-json\/wp\/v2\/posts"}],"about":[{"href":"https:\/\/www.europesays.com\/es\/wp-json\/wp\/v2\/types\/post"}],"author":[{"embeddable":true,"href":"https:\/\/www.europesays.com\/es\/wp-json\/wp\/v2\/users\/2"}],"replies":[{"embeddable":true,"href":"https:\/\/www.europesays.com\/es\/wp-json\/wp\/v2\/comments?post=12111"}],"version-history":[{"count":0,"href":"https:\/\/www.europesays.com\/es\/wp-json\/wp\/v2\/posts\/12111\/revisions"}],"wp:featuredmedia":[{"embeddable":true,"href":"https:\/\/www.europesays.com\/es\/wp-json\/wp\/v2\/media\/12112"}],"wp:attachment":[{"href":"https:\/\/www.europesays.com\/es\/wp-json\/wp\/v2\/media?parent=12111"}],"wp:term":[{"taxonomy":"category","embeddable":true,"href":"https:\/\/www.europesays.com\/es\/wp-json\/wp\/v2\/categories?post=12111"},{"taxonomy":"post_tag","embeddable":true,"href":"https:\/\/www.europesays.com\/es\/wp-json\/wp\/v2\/tags?post=12111"}],"curies":[{"name":"wp","href":"https:\/\/api.w.org\/{rel}","templated":true}]}}