{"id":121117,"date":"2025-09-17T16:07:11","date_gmt":"2025-09-17T16:07:11","guid":{"rendered":"https:\/\/www.europesays.com\/es\/121117\/"},"modified":"2025-09-17T16:07:11","modified_gmt":"2025-09-17T16:07:11","slug":"aunque-el-se-vea-raro-sigue-siendo-el-mas-guapo-del-planeta","status":"publish","type":"post","link":"https:\/\/www.europesays.com\/es\/121117\/","title":{"rendered":"\u00abAunque \u00e9l se vea raro, sigue siendo el m\u00e1s guapo del planeta\u00bb"},"content":{"rendered":"<p>\t\t\t \t\t \t\t\t\t\t\t\tImagen compartida por B\u00e1rbara Goenaga en su Instagram, en la que aparece junto a Borja S\u00e9mper. <strong class=\"pd-l\"\/><\/p>\n<p>\t\t\t\t\t\tLa actriz ha compartido en redes sociales unas fotos de sus vacaciones familiares y un mensaje de \u00e1nimo al pol\u00edtico vasco, diagnosticado de c\u00e1ncer en julio<br \/>\n\t\t\t\t\t\t\t\t\t\t\t\t<strong>17 sep 2025<\/strong> . Actualizado a las 16:29 h.\t\t\t\t\t\t<\/p>\n<p class=\"first-paragraph txt\">Fue a principios del mes de julio cuando <strong>Borja S\u00e9mper<\/strong>, portavoz del Partido Popular, <strong><a class=\"link-txt\" href=\"https:\/\/www.lavozdegalicia.es\/noticia\/espana\/2025\/07\/14\/borja-semper-anuncia-padece-cancer\/00031752492409501684980.htm\" rel=\"nofollow noopener\" target=\"_blank\">anunciaba que padec\u00eda c\u00e1ncer.<\/a>\u00a0<\/strong>El pol\u00edtico vasco asegur\u00f3 que el tumor se encontraba en una fase\u00a0\u00abprimigenia\u00bb <a class=\"link-txt\" href=\"https:\/\/www.lavozdegalicia.es\/noticia\/lavozdelasalud\/enfermedades\/2025\/07\/14\/psicooncologa-analiza-palabras-borja-semper-tras-contar-padece-cancer-necesita-fingir-invulnerabilidad\/00031752510387748652180.htm\" rel=\"nofollow noopener\" target=\"_blank\">y que las perspectivas m\u00e9dicas \u00aberan razonables\u00bb<\/a>, aunque, eso s\u00ed, deb\u00eda someterse a un tratamiento que le alejar\u00eda moment\u00e1neamente de la primera l\u00ednea pol\u00edtica.\u00a0En \u00abesta batalla\u00bb, dec\u00eda, se sent\u00eda completamente respaldado por su familia. El pol\u00edtico mantiene desde hace algo m\u00e1s de una d\u00e9cada <strong>una relaci\u00f3n con la actriz B\u00e1rbara Goenaga,<\/strong> con quien tiene dos hijos en com\u00fan. <a class=\"link-txt\" href=\"https:\/\/www.lavozdegalicia.es\/noticia\/sociedad\/2025\/07\/21\/emotiva-felicitacion-borja-semper-mujerbarbara-goenaga-habra-cumpleanos-mereces-mejores-cumpleanos-\/00031753084881377946444.htm\" rel=\"nofollow noopener\" target=\"_blank\">Si hace unas semanas era el vasco el que le dedicaba a ella p\u00fablicamente unas palabras<\/a>, ahora ha sido la int\u00e9rprete la que ha escrito una dedicatoria en sus redes sociales.<\/p>\n<p class=\"txt\"><strong>\u00abVengo a decir que aunque \u00e9l se vea raro, sigue siendo el chico m\u00e1s guapo del planeta, y el m\u00e1s alegre y mejor enfermo\u00bb<\/strong>, ha escrito Goenaga en una publicaci\u00f3n de Instagram que acompa\u00f1a con varias im\u00e1genes de sus vacaciones familiares. \u00abQue lo quiero con toda mi alma\u00bb, dice la actriz sobre el pol\u00edtico.<\/p>\n<blockquote class=\"instagram-media\" data-instgrm-captioned=\"\" data-instgrm-permalink=\"https:\/\/www.instagram.com\/p\/DOrTYI3CDi9\/?utm_source=ig_embed&amp;utm_campaign=loading\" data-instgrm-version=\"14\" style=\" background:#FFF; border:0; border-radius:3px; box-shadow:0 0 1px 0 rgba(0,0,0,0.5),0 1px 10px 0 rgba(0,0,0,0.15); margin: 1px; max-width:658px; min-width:326px; padding:0; width:99.375%; width:-webkit-calc(100% - 2px); width:calc(100% - 2px);\"\/>\n<p class=\"txt\">Borja y B\u00e1rbara se conocieron en el 2014, despu\u00e9s de que unos amigos en com\u00fan los presentasen en San Sebasti\u00e1n. Ambos ven\u00edan de relaciones anteriores. El vasco tiene un hijo de 19 a\u00f1os, Pablo, fruto de su anterior matrimonio con Mar\u00eda Az\u00e1rate. Por su parte, B\u00e1rbara tuvo a Aran, de 14 a\u00f1os, con el tambi\u00e9n actor \u00d3scar Jaenada. <strong>La relaci\u00f3n entre la int\u00e9rprete y el pol\u00edtico ha transcurrido siempre con bastante discreci\u00f3n.<\/strong> En el 2016 tuvieron su primer hijo en com\u00fan, Telmo; y en septiembre del 2018 nac\u00eda el segundo, Eliot. \u00abBorja, mi chico, es el padre que educa fant\u00e1sticamente bien a los ni\u00f1os, que cocina fenomenal y que juega y corre con sus hijos, como hace cualquier pap\u00e1. \u00c9l es pol\u00edtico en su profesi\u00f3n y ya est\u00e1\u00bb, <a class=\"link-txt\" href=\"https:\/\/www.lavozdegalicia.es\/noticia\/yes\/2017\/03\/11\/actriz-borja-politico-mi\/0003_201703SY11P22991.htm\" rel=\"nofollow noopener\" target=\"_blank\">contaba B\u00e1rbara a La Voz hace unos a\u00f1os.<\/a><\/p>\n<p class=\"txt\">\n<p>\t\t\t\t\t\t\t\t\t\t\t\t&#13;<br \/>\n\t\t\t\t\t\t\t\t&#13;<br \/>\n&#13;<br \/>\n&#13;<\/p>\n<p>\t\t\t&#13;<br \/>\n\t&#13;<\/p>\n<p>\t\t\t<a href=\"https:\/\/www.lavozdegalicia.es\/noticia\/sociedad\/2025\/08\/08\/borja-semper-reaparece-mujer-barbara-goenaga-tras-empezar-tratamiento-contra-cancer\/00031754645393509538110.htm\" data-analytics=\"link-embed\" rel=\"nofollow noopener\" target=\"_blank\">Borja S\u00e9mper reaparece con su mujer, B\u00e1rbara Goenaga, tras empezar el tratamiento contra el c\u00e1ncer<\/a><\/p>\n<p class=\"a-min-author\">La Voz<\/p>\n<p>\t&#13;<br \/>\n\t&#13;<br \/>\n&#13;<\/p>\n<p class=\"txt\">En su \u00faltima publicaci\u00f3n, Goenaga tambi\u00e9n ha querido dedicar unas palabras a su familia, y en concreto a los m\u00e1s peque\u00f1os:\u00a0\u00abQue tengo unos hijos que son m\u00e1s majos que las pesetas, y de los que estoy cada d\u00eda m\u00e1s enamorada\u00bb. <strong>La pareja ha pasado parte de su verano en Guadalajara<\/strong>, \u00abconociendo iglesias rom\u00e1nicas y paisajes de juego de tronos\u00bb, como describe la propia Goenaga.<\/p>\n<p class=\"txt\"><strong>El diagn\u00f3stico del <a href=\"https:\/\/www.lavozdegalicia.es\/temas\/cancer\" rel=\"nofollow noopener\" target=\"_blank\">c\u00e1ncer<\/a> lleg\u00f3 tras la insistencia de B\u00e1rbara para que S\u00e9mper <a class=\"link-txt\" href=\"https:\/\/www.lavozdegalicia.es\/noticia\/espana\/2025\/07\/15\/semper-llama-poner-esfuerzo-prevencion-cancer-garantizar-igualdad-politicas-sanitarias\/00031752569920710760999.htm\" rel=\"nofollow noopener\" target=\"_blank\">se sometiera a pruebas m\u00e9dicas,<\/a> <\/strong>una insistencia que el pol\u00edtico ha reconocido como decisiva para detectar el tumor en su fase primigenia y, por tanto, con un pron\u00f3stico \u00abrazonable\u00bb. \u00abEs verdad que el <a href=\"https:\/\/www.lavozdegalicia.es\/temas\/cancer\" rel=\"nofollow noopener\" target=\"_blank\">c\u00e1ncer<\/a> nos ha impactado en casa y ella tiene una sensibilidad especialmente concernida por el tema. Me insisti\u00f3, me insisti\u00f3 y me insisti\u00f3, y le hice caso\u00bb, cont\u00f3 el vasco durante una entrevista en Onda Cero. La buena noticia, seg\u00fan sus propias palabras, es que el horizonte m\u00e9dico est\u00e1 despejado, pero la realidad es que afronta un tratamiento exigente que marcar\u00e1 su agenda y su vida en los pr\u00f3ximos meses.<\/p>\n<p>&#13;<br \/>\n\tArchivado en:&#13;<br \/>\n\t\t\t\t\t<a href=\"https:\/\/www.lavozdegalicia.es\/temas\/cancer\/\" target=\"_blank\" class=\"mg-l\" rel=\"nofollow noopener\">C\u00e1ncer<\/a>&#13;<br \/>\n\t&#13;<\/p>\n<p>\t\t\t\t<script async src=\"\/\/www.instagram.com\/embed.js\"><\/script><\/p>\n","protected":false},"excerpt":{"rendered":"Imagen compartida por B\u00e1rbara Goenaga en su Instagram, en la que aparece junto a Borja S\u00e9mper. La actriz&hellip;\n","protected":false},"author":2,"featured_media":121118,"comment_status":"","ping_status":"","sticky":false,"template":"","format":"standard","meta":{"footnotes":""},"categories":[91],"tags":[1066,146,147,25,24,23],"class_list":{"0":"post-121117","1":"post","2":"type-post","3":"status-publish","4":"format-standard","5":"has-post-thumbnail","7":"category-entretenimiento","8":"tag-cancer","9":"tag-entertainment","10":"tag-entretenimiento","11":"tag-es","12":"tag-espana","13":"tag-spain"},"share_on_mastodon":{"url":"","error":""},"_links":{"self":[{"href":"https:\/\/www.europesays.com\/es\/wp-json\/wp\/v2\/posts\/121117","targetHints":{"allow":["GET"]}}],"collection":[{"href":"https:\/\/www.europesays.com\/es\/wp-json\/wp\/v2\/posts"}],"about":[{"href":"https:\/\/www.europesays.com\/es\/wp-json\/wp\/v2\/types\/post"}],"author":[{"embeddable":true,"href":"https:\/\/www.europesays.com\/es\/wp-json\/wp\/v2\/users\/2"}],"replies":[{"embeddable":true,"href":"https:\/\/www.europesays.com\/es\/wp-json\/wp\/v2\/comments?post=121117"}],"version-history":[{"count":0,"href":"https:\/\/www.europesays.com\/es\/wp-json\/wp\/v2\/posts\/121117\/revisions"}],"wp:featuredmedia":[{"embeddable":true,"href":"https:\/\/www.europesays.com\/es\/wp-json\/wp\/v2\/media\/121118"}],"wp:attachment":[{"href":"https:\/\/www.europesays.com\/es\/wp-json\/wp\/v2\/media?parent=121117"}],"wp:term":[{"taxonomy":"category","embeddable":true,"href":"https:\/\/www.europesays.com\/es\/wp-json\/wp\/v2\/categories?post=121117"},{"taxonomy":"post_tag","embeddable":true,"href":"https:\/\/www.europesays.com\/es\/wp-json\/wp\/v2\/tags?post=121117"}],"curies":[{"name":"wp","href":"https:\/\/api.w.org\/{rel}","templated":true}]}}