{"id":121121,"date":"2025-09-17T16:09:14","date_gmt":"2025-09-17T16:09:14","guid":{"rendered":"https:\/\/www.europesays.com\/es\/121121\/"},"modified":"2025-09-17T16:09:14","modified_gmt":"2025-09-17T16:09:14","slug":"el-cofundador-de-los-helados-ben-jerrys-dimite-por-las-presiones-de-los-duenos-contra-sus-campanas-progresistas","status":"publish","type":"post","link":"https:\/\/www.europesays.com\/es\/121121\/","title":{"rendered":"El cofundador de los helados Ben &#038; Jerry&#8217;s dimite por las presiones de los due\u00f1os contra sus campa\u00f1as progresistas"},"content":{"rendered":"<p class=\"article-text\">\n        El cofundador de la f\u00e1brica de helados estadounidense Ben &amp; Jerry&#8217;s Jerry Greenfield ha abandonado la compa\u00f1\u00eda tras 50 a\u00f1os porque considera que la compa\u00f1\u00eda ha perdido su independencia y porque la multinacional Unilever, propietaria de la marca, ha \u201csilenciado\u201d su dimensi\u00f3n social.\n    <\/p>\n<p class=\"article-text\">\n        En una carta <a href=\"https:\/\/x.com\/YoBenCohen\/status\/1968161740757119057\" target=\"_blank\" data-mrf-recirculation=\"links-noticia\" class=\"link\" rel=\"nofollow\">hecha p\u00fablica en la red X<\/a> por el otro cofundador, Ben Cohen, Greenfield explica que no pod\u00eda seguir \u201ccon honestidad\u201d trabajando para la empresa, amordazada, en su opini\u00f3n, por la multinacional, que cotiza en Reino Unido.\n    <\/p>\n<p class=\"article-text\">\n        Unilever es due\u00f1a de la marca desde 2000, cuando los fundadores la vendieron, pero con una cl\u00e1usula que estipulaba que se deb\u00eda proteger la misi\u00f3n social del negocio original.\n    <\/p>\n<p class=\"article-text\">\n        \u201cEs profundamente decepcionante llegar a la conclusi\u00f3n de que esa independencia, que fue la base de la venta a Unilever, ha desaparecido\u201d, escribi\u00f3 Greenfield. \u201cSi la compa\u00f1\u00eda no defiende las cosas en las que cre\u00edamos, es que la compa\u00f1\u00eda no vale la pena\u201d, a\u00f1ade.\n    <\/p>\n<p class=\"article-text\">\n        El confundador dimisionario, que no ten\u00eda control sobre las decisiones operativas, pero segu\u00eda a sueldo de la empresa para garantizar su misi\u00f3n social, ha dicho que la decisi\u00f3n es \u201cuna de las m\u00e1s duras y dif\u00edciles\u201d que ha tomado en su carrera.\n    <\/p>\n<p class=\"article-text\">\n        La dimisi\u00f3n de Greenfield es el \u00faltimo episodio de la amarga disputa abierta desde que Unilever se desdijo de un acuerdo para que Ben &amp; Jerry&#8217;s <a href=\"https:\/\/www.eldiario.es\/economia\/helado-fria-respuesta-asentamientos-israelies-territorios-palestinos-boicot-ben-jerry-s_1_8164781.html\" target=\"_blank\" data-mrf-recirculation=\"links-noticia\" class=\"link\" rel=\"nofollow noopener\">no vendiese helados en los territorios palestinos ocupados por Israel<\/a>, donde la decisi\u00f3n hab\u00eda suscitado fuertes cr\u00edticas.\n    <\/p>\n<p class=\"article-text\">\n        Unilever vendi\u00f3 la filial israel\u00ed a una empresa local tras aquel movimiento, lo que provoc\u00f3 que el fabricante de helados denunciase a la matriz. El pleito acab\u00f3 con un acuerdo extrajudicial en 2022.\n    <\/p>\n<p class=\"article-text\">\n        Ben &amp; Jerry&#8217;s present\u00f3 una demanda contra Unilever el a\u00f1o pasado en la que acusaba a la multinacional de amenazar con disolver el consejo de administraci\u00f3n de la filial y <a href=\"https:\/\/www.eldiario.es\/economia\/ben-jerry-s-acusa-unilever-despedir-ceo-mantener-postura-progresista_1_12153622.html\" target=\"_blank\" data-mrf-recirculation=\"links-noticia\" class=\"link\" rel=\"nofollow noopener\">demandar a sus directores<\/a> por sus declaraciones p\u00fablicas de apoyo a los palestinos de Gaza.\n    <\/p>\n<p class=\"article-text\">\n        La misiva llega en un momento en que Unilever se prepara para segregar su divisi\u00f3n de helados, Magnum Ice Cream Company (TMICC), para que cotice en \u00c1msterdam, Londres y Nueva York.\n    <\/p>\n<p class=\"article-text\">\n        La v\u00edspera de que esta nueva empresa empezase a funcionar, Cohen y Greenfield publicaron una carta abierta al consejo de administraci\u00f3n y los inversores potenciales en la que reclamaban que la marca fuese \u201cliberada\u201d, y acusaban a Unilever de devaluar el negocio con sus intentos por desmantelar la misi\u00f3n social de Ben &amp; Jerry&#8217;s.\n    <\/p>\n<p class=\"article-text\">\n        Cohen y Greenfield buscaban inversores para recomprar la marca, pero la propietaria no quiere venderla. Cohen se\u00f1al\u00f3 que, en medio de las tensiones con Unilever, la marca hab\u00eda tratado de ejecutar una venta a inversores por un valor de mercado de entre 1.500 y 2.500 millones de d\u00f3lares, pero que la propuesta result\u00f3 rechazada.\n    <\/p>\n<p class=\"article-text\">\n        \u201cEl problema es que Unilever y Magnum no quieren vender, as\u00ed que no permiten que ninguno de estos inversores potenciales vea la informaci\u00f3n financiera\u201d, indic\u00f3 Cohen.\n    <\/p>\n<p class=\"article-text\">\n        Un portavoz de TMICC se\u00f1al\u00f3 que la compa\u00f1\u00eda estar\u00eda \u201ceternamente agradecida\u201d a Greenfield por su papel en la fundaci\u00f3n de la empresa, pero que \u201cestaba en desacuerdo con su perspectiva\u201d y hab\u00eda intentado trabar una \u201cconversaci\u00f3n constructiva\u201d con ambos cofundadores sobre c\u00f3mo reforzar la marca.\n    <\/p>\n<p class=\"article-text\">\n        Cohen fue acusado en mayo de \u201caglomeraci\u00f3n y obstrucci\u00f3n\u201d tras ser <a href=\"https:\/\/www.eldiario.es\/internacional\/cofundador-ben-jerry-s-detenido-protestar-guerra-gaza-congreso-eeuu_1_12300849.html\" target=\"_blank\" data-mrf-recirculation=\"links-noticia\" class=\"link\" rel=\"nofollow noopener\">detenido durante una protesta contra el bloqueo de Gaza<\/a> durante una sesi\u00f3n del Senado estadounidense.\n    <\/p>\n<p class=\"article-text\">\n        Un v\u00eddeo grabado en el lugar y publicado por Cohen en redes sociales muestran como es arrastrado fuera de la sala, esposado y expulsado.\n    <\/p>\n<p class=\"article-text\">\n        Cohen y Greenfield fundaron Ben &amp; Jerry&#8217;s en 1978 tras hacer un curso de cinco d\u00f3lares sobre fabricaci\u00f3n de helados por correspondencia.\n    <\/p>\n<p class=\"article-text\">\n        La pareja, que se conoce desde que iban al colegio en Long Island, en Nueva York, abri\u00f3 su primera tienda con la misi\u00f3n de \u201chacer avanzar los derechos y la dignidad humanos\u201d.\n    <\/p>\n<p class=\"article-text\">\n        Para sus helados eligieron nombres divertidos y a la moda, con juegos de palabras que hac\u00edan ilusi\u00f3n a iniciativas pacifistas o m\u00fasicos de rock.\n    <\/p>\n<p class=\"article-text\">\n        La compa\u00f1\u00eda empez\u00f3 en 1985 a donar casi el 8% de sus beneficios antes de impuestos a iniciativas sociales, y acab\u00f3 por convertirse en una de las m\u00e1s grandes de EEUU.\n    <\/p>\n<p class=\"article-text\">\n        Unilever la compr\u00f3 en 2000 por 326 millones de d\u00f3lares, una decisi\u00f3n que no agrad\u00f3 entonces a Greenfield, y que inclu\u00eda disposiciones para crear un consejo de administraci\u00f3n independiente que le permitiese seguir apoyando causas progresistas.\n    <\/p>\n<p>    <a href=\"https:\/\/www.eldiario.es\/internacional\/cofundador-ben-jerry-s-detenido-protestar-guerra-gaza-congreso-eeuu_1_12300849.html\" data-mrf-recirculation=\"saber-mas-abajo\" data-dl-event=\"saber-mas-abajo\" rel=\"nofollow noopener\" target=\"_blank\"><\/p>\n<p class=\"know-more__title\">El cofundador de Ben &amp; Jerry&#8217;s, detenido en el Capitolio por protestar contra el apoyo de EEUU a Israel <\/p>\n<p>            <img decoding=\"async\" class=\"lazy\" loading=\"lazy\" data-src=\"https:\/\/static.eldiario.es\/clip\/c7b67c6e-23fa-46d1-bc9b-421eea6f2a1e_16-9-aspect-ratio_default_0_x199y75.jpg\" src=\"data:image\/svg+xml,%3Csvg xmlns=\" http:=\"\" viewbox=\"0 0 880 495\" alt=\"El cofundador de Ben &amp; Jerry's, detenido en el Capitolio por protestar contra el apoyo de EEUU a Israel\"\/><\/p>\n<p>                        <\/a><\/p>\n<p class=\"article-text\">\n        \u201cPor mucho que una compa\u00f1\u00eda [previamente] independiente trate de mantener su identidad y valores, el [comprador] corporativo tratar\u00e1 siempre de llevar la voz cantante en el largo plazo\u201d, explica sobre el particular Nick Stockley, el socio y especialista en resoluci\u00f3n de disputas del bufete Mayo Wynne Baxtar.\n    <\/p>\n","protected":false},"excerpt":{"rendered":"El cofundador de la f\u00e1brica de helados estadounidense Ben &amp; Jerry&#8217;s Jerry Greenfield ha abandonado la compa\u00f1\u00eda tras&hellip;\n","protected":false},"author":2,"featured_media":121122,"comment_status":"","ping_status":"","sticky":false,"template":"","format":"standard","meta":{"footnotes":""},"categories":[80],"tags":[5404,889,1237,82,95,94,25,24,700,61,3013,5403,2151,952,23],"class_list":{"0":"post-121121","1":"post","2":"type-post","3":"status-publish","4":"format-standard","5":"has-post-thumbnail","7":"category-economia","8":"tag-africa","9":"tag-america","10":"tag-asia","11":"tag-business","12":"tag-economia","13":"tag-economy","14":"tag-es","15":"tag-espana","16":"tag-europa","17":"tag-internacional","18":"tag-mundo","19":"tag-oriente-medio","20":"tag-periodismo","21":"tag-politica","22":"tag-spain"},"share_on_mastodon":{"url":"","error":""},"_links":{"self":[{"href":"https:\/\/www.europesays.com\/es\/wp-json\/wp\/v2\/posts\/121121","targetHints":{"allow":["GET"]}}],"collection":[{"href":"https:\/\/www.europesays.com\/es\/wp-json\/wp\/v2\/posts"}],"about":[{"href":"https:\/\/www.europesays.com\/es\/wp-json\/wp\/v2\/types\/post"}],"author":[{"embeddable":true,"href":"https:\/\/www.europesays.com\/es\/wp-json\/wp\/v2\/users\/2"}],"replies":[{"embeddable":true,"href":"https:\/\/www.europesays.com\/es\/wp-json\/wp\/v2\/comments?post=121121"}],"version-history":[{"count":0,"href":"https:\/\/www.europesays.com\/es\/wp-json\/wp\/v2\/posts\/121121\/revisions"}],"wp:featuredmedia":[{"embeddable":true,"href":"https:\/\/www.europesays.com\/es\/wp-json\/wp\/v2\/media\/121122"}],"wp:attachment":[{"href":"https:\/\/www.europesays.com\/es\/wp-json\/wp\/v2\/media?parent=121121"}],"wp:term":[{"taxonomy":"category","embeddable":true,"href":"https:\/\/www.europesays.com\/es\/wp-json\/wp\/v2\/categories?post=121121"},{"taxonomy":"post_tag","embeddable":true,"href":"https:\/\/www.europesays.com\/es\/wp-json\/wp\/v2\/tags?post=121121"}],"curies":[{"name":"wp","href":"https:\/\/api.w.org\/{rel}","templated":true}]}}