{"id":121123,"date":"2025-09-17T16:10:07","date_gmt":"2025-09-17T16:10:07","guid":{"rendered":"https:\/\/www.europesays.com\/es\/121123\/"},"modified":"2025-09-17T16:10:07","modified_gmt":"2025-09-17T16:10:07","slug":"1921-la-guerra-que-jodio-espana-y-de-la-que-apenas-se-habla-sociedad","status":"publish","type":"post","link":"https:\/\/www.europesays.com\/es\/121123\/","title":{"rendered":"1921: la guerra que jodi\u00f3 Espa\u00f1a y de la que apenas se habla | Sociedad"},"content":{"rendered":"<p>Si alguien preguntara en la calle cu\u00e1l es la guerra que m\u00e1s huella ha dejado en la historia de Espa\u00f1a, la respuesta mayoritaria m\u00e1s probable ser\u00eda la Guerra Civil de 1936. Sin quitarle \u00abm\u00e9rito\u00bb a esa contienda, Nieves Concostrina ha querido repasar en La Ventana las cicatrices que dej\u00f3 en la historia del pa\u00eds una guerra anterior, absurda y sangrienta, trascendental en todos los sentidos para el futuro: la guerra del Rif.<\/p>\n<p>En el primer episodio de una serie de seis, Concostrina se adentra en los antecedentes de la guerra, con la Conferencia de Algeciras, donde se estableci\u00f3 el protectorado espa\u00f1ol sobre el Rif, una regi\u00f3n de Marruecos. A pesar de que Espa\u00f1a hab\u00eda perdido su imperio en 1898, la obtenci\u00f3n de este protectorado fue vista como una oportunidad para recuperar prestigio internacional. Sin embargo, la realidad era que la zona era conflictiva y dif\u00edcil de controlar, lo que llev\u00f3 a un enfrentamiento prolongado. Concostrina critica la figura del rey Alfonso XIII, a quien califica de \u00abinsensato\u00bb e \u00abincapaz\u00bb, argumentando que su inexperiencia y su deseo de demostrar su valent\u00eda como \u00abprimer soldado de Espa\u00f1a\u00bb contribuyeron a la prolongaci\u00f3n del conflicto.<\/p>\n<p>El c\u00f3digo iframe se ha copiado en el portapapeles<\/p>\n<p class=\"tit\">Acontece que no es poco | El gran carajal de la guerra de Marruecos (1): El comienzo<\/p>\n<p>00:00:0014:52<\/p>\n<p>FacebookTwitterLinkedinWhatsAppCerrar<\/p>\n<p>El recorrido por el conflicto contin\u00faa en el segundo episodio con un an\u00e1lisis de los intereses econ\u00f3micos, fundamentalmente mineros, que impulsaron el conflicto, con la connivencia de Alfonso XIII y ante los intentos, infructuosos, del gobierno de entonces por evitar que el conflicto se alargase. La guerra de Marruecos dur\u00f3 18 a\u00f1os y Concostrina repasa tambi\u00e9n en esta segunda entrega c\u00f3mo la sociedad espa\u00f1ola se moviliz\u00f3 para protestar frente a la movilizaci\u00f3n de reservistas, muchos j\u00f3venes y padres de familia, que ten\u00edan que incorporarse al frente mientras los ricos lo evitaban pagando una tasa.<\/p>\n<p>El c\u00f3digo iframe se ha copiado en el portapapeles<\/p>\n<p class=\"tit\">Acontece que no es poco | El gran carajal de la guerra de Marruecos (2): El primer incidente<\/p>\n<p>00:00:0015:13<\/p>\n<p>FacebookTwitterLinkedinWhatsAppCerrar<\/p>\n<p>Fruto de esa movilizaci\u00f3n fue la Semana Tr\u00e1gica de Barcelona, en 1909, un episodio de protestas duramente reprimido que acab\u00f3 con m\u00e1s de 100 muertos y miles de detenidos. Todo estall\u00f3 cuando los reservistas que estaban a punto de embarcar hacia Marruecos tuvieron conocimiento del desastre del Barranco del Lobo, donde una mala decisi\u00f3n de los oficiales y la inexperiencia de los militares espa\u00f1oles movilizados caus\u00f3 m\u00e1s de 150 muertos en un enclave rife\u00f1o.<\/p>\n<p>El c\u00f3digo iframe se ha copiado en el portapapeles<\/p>\n<p class=\"tit\">Acontece que no es poco | El gran carajal de la guerra de Marruecos (3): La Semana Tr\u00e1gica de Barcelona<\/p>\n<p>00:00:0015:21<\/p>\n<p>FacebookTwitterLinkedinWhatsAppCerrar<\/p>\n<p>El gran desastre de una guerra plagada de malas decisiones estaba, en todo caso, por llegar. En 1921, una sola acci\u00f3n militar result\u00f3 en la muerte de unos 13.000 soldados espa\u00f1oles. Concostrina explica que este episodio demuestra que la guerra se desarroll\u00f3 en un contexto de corrupci\u00f3n y mala gesti\u00f3n, donde muchos soldados eran campesinos y obreros mal entrenados, que luchaban sin entender el motivo de su presencia en el conflicto. En contraste, los rife\u00f1os, que defend\u00edan su territorio, estaban mejor preparados y conoc\u00edan el terreno, lo que les daba una ventaja significativa.<\/p>\n<p>El c\u00f3digo iframe se ha copiado en el portapapeles<\/p>\n<p class=\"tit\">Acontece que no es poco | El gran carajal de la guerra de Marruecos (4) El desastre de Annual. Alfonso XIII en la picota<\/p>\n<p>00:00:0015:50<\/p>\n<p>FacebookTwitterLinkedinWhatsAppCerrar<\/p>\n<p>Concostrina pone \u00e9nfasis durante el serial en la corrupci\u00f3n y la falta de profesionalismo entre los altos mandos militares, quienes buscaban ascensos a trav\u00e9s de m\u00e9ritos de guerra, lo que llev\u00f3 a decisiones desastrosas. La figura de Alfonso XIII se presenta como central en la serie de errores que llevaron a la guerra y a sus consecuencias, incluyendo su imprudente ret\u00f3rica.<\/p>\n<p>Hubo un intento de depurar responsabilidades, el llamado &#8216;Informe Picasso&#8217;, una investigaci\u00f3n de m\u00e1s de 2.400 folios que no solo documentaba la estrategia fallida del ej\u00e9rcito, sino tambi\u00e9n la corrupci\u00f3n interna y los abusos cometidos por los oficiales. Un informe que se silenci\u00f3 a trav\u00e9s de un golpe de Estado, el de Primo de Rivera en 1923, y del que la poblaci\u00f3n espa\u00f1ola apenas tiene conocimiento, todav\u00eda hoy.<\/p>\n<p>El c\u00f3digo iframe se ha copiado en el portapapeles<\/p>\n<p class=\"tit\">Acontece que no es poco | El gran carajal de la guerra de Marruecos (5) El Expediente Picasso<\/p>\n<p>00:00:0015:54<\/p>\n<p>FacebookTwitterLinkedinWhatsAppCerrar<\/p>\n<p>En la \u00faltima entrega de la serie, Concostrina repasa algunas de las principales caracter\u00edsticas del conflicto e incide en la divisi\u00f3n del ej\u00e9rcito que provoc\u00f3 la carrera mete\u00f3rica y la imprudencia de los militares africanistas que m\u00e1s tarde dar\u00edan el golpe de estado de 1936. La guerra de Marruecos y sus desastres han sido parte, refleja la colaboradora de La Ventana, de un ciclo de problemas que han afectado a Espa\u00f1a durante m\u00e1s de un siglo, y est\u00e1 vinculada con la dictadura de Franco y tambi\u00e9n con la Transici\u00f3n, otros dos acontecimientos que han sido objeto de manipulaci\u00f3n hist\u00f3rica.<\/p>\n<p>El c\u00f3digo iframe se ha copiado en el portapapeles<\/p>\n<p class=\"tit\">Acontece que no es poco | El gran carajal de la guerra de Marruecos (y 6): 1936, el golpe de estado de los africanistas resentidos<\/p>\n<p>00:00:0014:21<\/p>\n<p>FacebookTwitterLinkedinWhatsAppCerrar<\/p>\n","protected":false},"excerpt":{"rendered":"Si alguien preguntara en la calle cu\u00e1l es la guerra que m\u00e1s huella ha dejado en la historia&hellip;\n","protected":false},"author":2,"featured_media":121124,"comment_status":"","ping_status":"","sticky":false,"template":"","format":"standard","meta":{"footnotes":""},"categories":[42],"tags":[39925,17,18,39926,39927,13,14,39928,11,39929,61,62,63,64,19,20,15844,39930,9,10,15,16,39931,15849,39932,39933,39934,12,21,22,39935,65,66,67],"class_list":{"0":"post-121123","1":"post","2":"type-post","3":"status-publish","4":"format-standard","5":"has-post-thumbnail","7":"category-internacional","8":"tag-al-hoceima-provincecb2","9":"tag-breaking-news","10":"tag-breakingnews","11":"tag-cargocb2","12":"tag-crowdcb2","13":"tag-featured-news","14":"tag-featurednews","15":"tag-foreign-occupationcb3","16":"tag-headlines","17":"tag-hillcb2","18":"tag-internacional","19":"tag-international","20":"tag-international-news","21":"tag-internationalnews","22":"tag-latest-news","23":"tag-latestnews","24":"tag-mencb2","25":"tag-military-campcb3","26":"tag-news","27":"tag-noticias","28":"tag-noticias-destacadas","29":"tag-noticiasdestacadas","30":"tag-rif-warcb3","31":"tag-soldiercb2","32":"tag-spanish-and-portuguese-ethnicitycb2","33":"tag-spanish-armed-forcescb1","34":"tag-tentcb2","35":"tag-titulares","36":"tag-ultimas-noticias","37":"tag-ultimasnoticias","38":"tag-walkingcb2","39":"tag-world","40":"tag-world-news","41":"tag-worldnews"},"share_on_mastodon":{"url":"","error":""},"_links":{"self":[{"href":"https:\/\/www.europesays.com\/es\/wp-json\/wp\/v2\/posts\/121123","targetHints":{"allow":["GET"]}}],"collection":[{"href":"https:\/\/www.europesays.com\/es\/wp-json\/wp\/v2\/posts"}],"about":[{"href":"https:\/\/www.europesays.com\/es\/wp-json\/wp\/v2\/types\/post"}],"author":[{"embeddable":true,"href":"https:\/\/www.europesays.com\/es\/wp-json\/wp\/v2\/users\/2"}],"replies":[{"embeddable":true,"href":"https:\/\/www.europesays.com\/es\/wp-json\/wp\/v2\/comments?post=121123"}],"version-history":[{"count":0,"href":"https:\/\/www.europesays.com\/es\/wp-json\/wp\/v2\/posts\/121123\/revisions"}],"wp:featuredmedia":[{"embeddable":true,"href":"https:\/\/www.europesays.com\/es\/wp-json\/wp\/v2\/media\/121124"}],"wp:attachment":[{"href":"https:\/\/www.europesays.com\/es\/wp-json\/wp\/v2\/media?parent=121123"}],"wp:term":[{"taxonomy":"category","embeddable":true,"href":"https:\/\/www.europesays.com\/es\/wp-json\/wp\/v2\/categories?post=121123"},{"taxonomy":"post_tag","embeddable":true,"href":"https:\/\/www.europesays.com\/es\/wp-json\/wp\/v2\/tags?post=121123"}],"curies":[{"name":"wp","href":"https:\/\/api.w.org\/{rel}","templated":true}]}}