{"id":121135,"date":"2025-09-17T16:18:08","date_gmt":"2025-09-17T16:18:08","guid":{"rendered":"https:\/\/www.europesays.com\/es\/121135\/"},"modified":"2025-09-17T16:18:08","modified_gmt":"2025-09-17T16:18:08","slug":"nos-vamos-a-posicionar-frontalmente-en-contra","status":"publish","type":"post","link":"https:\/\/www.europesays.com\/es\/121135\/","title":{"rendered":"Nos vamos a posicionar frontalmente en contra"},"content":{"rendered":"<p>El alcalde de San Crist\u00f3bal de La Laguna, Luis Yeray Guti\u00e9rrez, ha asegurando este mi\u00e9rcoles en la Radio Canaria que desde Gobierno local se posicionar\u00e1n \u201cfrontalmente en contra\u201d de una hipot\u00e9tica celebraci\u00f3n de <a href=\"https:\/\/www.lavuelta.es\/es\" rel=\"nofollow noopener\" target=\"_blank\">La Vuelta<\/a> en Aguere. <\/p>\n<p>Las declaraciones del regidor lagunero se producen un d\u00eda despu\u00e9s de que el vicepresidente y consejero de Turismo del Cabildo de Tenerife, <a href=\"https:\/\/diariodeavisos.elespanol.com\/2025\/09\/vuelta-espana-tenerife\/\" rel=\"nofollow noopener\" target=\"_blank\">Lope Afonso<\/a>, confirmara que la corporaci\u00f3n insular mantiene su inter\u00e9s en albergar etapas de la prueba ciclista m\u00e1s importante del pa\u00eds. <\/p>\n<p>\u201cLe dir\u00edamos al Cabildo que nuestro rechazo es total y absoluto\u201d, insisti\u00f3 Guti\u00e9rrez. Asimismo, reconoci\u00f3 que no entiende c\u00f3mo se puede pensar en que este tipo de movimientos o expresiones nos vamos a ganar un \u201cpu\u00f1ado de votos\u201d. <\/p>\n<p>\u201cRechazo absoluto\u201d<\/p>\n<p>El alcalde lagunero asevera que existe un \u201crechazo absoluto\u201d en Tenerife respecto al genocidio en Gaza por parte de Israel. En este sentido, tampoco comprende por qu\u00e9 desde las instituciones p\u00fablicas se est\u00e1 \u201cblanqueando\u201d que la participaci\u00f3n de equipos que est\u00e1n subvencionados \u201cpor estos genocidas\u201d en \u201cnuestras competiciones\u201d.<\/p>\n<p>La Vuelta a Espa\u00f1a se disput\u00f3 entre el 23 de agosto y el 14 de septiembre. Fue ganada por Jonas Vingegaard tras dominar varias etapas, incluida la decisiva etapa de monta\u00f1a hacia La Bola del Mundo. Sin embargo, la \u00faltima jornada en Madrid fue suspendida por las protestas pro-palestinas que bloquearon el recorrido.<\/p>\n","protected":false},"excerpt":{"rendered":"El alcalde de San Crist\u00f3bal de La Laguna, Luis Yeray Guti\u00e9rrez, ha asegurando este mi\u00e9rcoles en la Radio&hellip;\n","protected":false},"author":2,"featured_media":121136,"comment_status":"","ping_status":"","sticky":false,"template":"","format":"standard","meta":{"footnotes":""},"categories":[273],"tags":[313,312,168,25,24,23,167],"class_list":{"0":"post-121135","1":"post","2":"type-post","3":"status-publish","4":"format-standard","5":"has-post-thumbnail","7":"category-ciclismo","8":"tag-ciclismo","9":"tag-cycling","10":"tag-deportes","11":"tag-es","12":"tag-espana","13":"tag-spain","14":"tag-sports"},"share_on_mastodon":{"url":"","error":""},"_links":{"self":[{"href":"https:\/\/www.europesays.com\/es\/wp-json\/wp\/v2\/posts\/121135","targetHints":{"allow":["GET"]}}],"collection":[{"href":"https:\/\/www.europesays.com\/es\/wp-json\/wp\/v2\/posts"}],"about":[{"href":"https:\/\/www.europesays.com\/es\/wp-json\/wp\/v2\/types\/post"}],"author":[{"embeddable":true,"href":"https:\/\/www.europesays.com\/es\/wp-json\/wp\/v2\/users\/2"}],"replies":[{"embeddable":true,"href":"https:\/\/www.europesays.com\/es\/wp-json\/wp\/v2\/comments?post=121135"}],"version-history":[{"count":0,"href":"https:\/\/www.europesays.com\/es\/wp-json\/wp\/v2\/posts\/121135\/revisions"}],"wp:featuredmedia":[{"embeddable":true,"href":"https:\/\/www.europesays.com\/es\/wp-json\/wp\/v2\/media\/121136"}],"wp:attachment":[{"href":"https:\/\/www.europesays.com\/es\/wp-json\/wp\/v2\/media?parent=121135"}],"wp:term":[{"taxonomy":"category","embeddable":true,"href":"https:\/\/www.europesays.com\/es\/wp-json\/wp\/v2\/categories?post=121135"},{"taxonomy":"post_tag","embeddable":true,"href":"https:\/\/www.europesays.com\/es\/wp-json\/wp\/v2\/tags?post=121135"}],"curies":[{"name":"wp","href":"https:\/\/api.w.org\/{rel}","templated":true}]}}