{"id":121137,"date":"2025-09-17T16:19:09","date_gmt":"2025-09-17T16:19:09","guid":{"rendered":"https:\/\/www.europesays.com\/es\/121137\/"},"modified":"2025-09-17T16:19:09","modified_gmt":"2025-09-17T16:19:09","slug":"la-publicidad-de-mercado-pago-que-protagonizo-en-baku","status":"publish","type":"post","link":"https:\/\/www.europesays.com\/es\/121137\/","title":{"rendered":"la publicidad de Mercado Pago que protagoniz\u00f3 en Bak\u00fa"},"content":{"rendered":"<p>\n        El piloto argentino es nuevamente la cara de la firma, que refuerza su alianza con Alpine y acompa\u00f1a la carrera deportiva del pilarense en la F\u00f3rmula 1.\n    <\/p>\n<p>17.09.2025 \u2022 12:29hs \u2022 Viral<\/p>\n<p>                <img decoding=\"async\" src=\"https:\/\/www.europesays.com\/es\/wp-content\/uploads\/2025\/09\/42766.jpg\" class=\"\" alt=\"Franco Colapinto sorprendi\u00f3 en la previa de su nueva carrera con un comercial de Mercado Pago\" width=\"1280px\" height=\"720px\"\/><\/p>\n<p>Un nuevo comercial de <strong>Mercado Pago<\/strong>, protagonizado por <strong>Franco Colapinto<\/strong>, sali\u00f3 a la luz en la previa del <strong>Gran Premio de Azerbaiy\u00e1n de la F\u00f3rmula 1<\/strong>, donde el piloto argentino buscar\u00e1 sumar sus primeros puntos del a\u00f1o a bordo del <strong>Alpine<\/strong>.<\/p>\n<p>Desde su llegada a la M\u00e1xima, <strong>Mercado Libre<\/strong> \u2014compa\u00f1\u00eda madre de Mercado Pago\u2014 acompa\u00f1a la carrera del pilarense como sponsor y socio estrat\u00e9gico. La empresa no solo financia parte de su trayectoria, sino que adem\u00e1s sell\u00f3 una alianza con Alpine, escuder\u00eda a la que Colapinto se incorpor\u00f3 este a\u00f1o, convirti\u00e9ndose en uno de los principales inversores del equipo franc\u00e9s.<\/p>\n<p>El v\u00ednculo entre Colapinto y Mercado Libre en la F\u00f3rmula 1<\/p>\n<p>No es la primera vez que el piloto argentino protagoniza un comercial de la empresa. <strong>Meses atr\u00e1s, en medio de la confirmaci\u00f3n de su debut como titular de Alpine, Mercado Libre lanz\u00f3 un spot que r\u00e1pidamente se volvi\u00f3 viral en redes sociales.<\/strong><\/p>\n<p>En ese aviso, titulado <strong>\u00abNos vemos en Imola, pa\u00bb<\/strong>, Colapinto recib\u00eda un paquete de la plataforma de e-commerce con un casco de F\u00f3rmula 1 en su interior.<\/p>\n<p>Con humor, el video jugaba con el tiempo que el argentino pas\u00f3 como suplente y cerraba con la frase: \u00abVuelve Franco, volvimos todos\u00bb. El propio Marcos Galper\u00edn, fundador de Mercado Libre, comparti\u00f3 el video en redes sociales al grito de entusiasmo de los fan\u00e1ticos.<\/p>\n<p>Ahora, Mercado Pago vuelve a apostar por Colapinto en un nuevo spot que combina la pasi\u00f3n de los argentinos por la F\u00f3rmula 1 con la presencia cada vez m\u00e1s fuerte de la fintech en el deporte internacional.<\/p>\n<p>Con este tipo de acciones, la compa\u00f1\u00eda refuerza su posicionamiento de marca global y aprovecha la visibilidad que aporta tener a un piloto argentino en la categor\u00eda m\u00e1s importante del automovilismo. Para Colapinto, es adem\u00e1s una oportunidad de fortalecer el v\u00ednculo con sus seguidores en la previa de un GP clave, en el mismo circuito donde consigui\u00f3 su primera clasificaci\u00f3n a la Q3 con Williams.<\/p>\n","protected":false},"excerpt":{"rendered":"El piloto argentino es nuevamente la cara de la firma, que refuerza su alianza con Alpine y acompa\u00f1a&hellip;\n","protected":false},"author":2,"featured_media":121138,"comment_status":"","ping_status":"","sticky":false,"template":"","format":"standard","meta":{"footnotes":""},"categories":[270],"tags":[2749,283,2745,2738,2744,2353,82,2741,2734,168,1819,95,94,2737,25,24,306,2746,2731,271,272,1723,766,2730,2748,2732,2740,2735,2736,2750,39943,39942,2733,9,2743,10,2151,88,2742,23,167,2747,118,120,2739],"class_list":{"0":"post-121137","1":"post","2":"type-post","3":"status-publish","4":"format-standard","5":"has-post-thumbnail","7":"category-formula-1","8":"tag-ads","9":"tag-argentina","10":"tag-argentine","11":"tag-autos","12":"tag-breaking","13":"tag-buenos-aires","14":"tag-business","15":"tag-campus","16":"tag-comex","17":"tag-deportes","18":"tag-diario","19":"tag-economia","20":"tag-economy","21":"tag-empleos","22":"tag-es","23":"tag-espana","24":"tag-f1","25":"tag-finance","26":"tag-finanzas","27":"tag-formula-1","28":"tag-formula1","29":"tag-franco-colapinto","30":"tag-impuestos","31":"tag-iprofesional","32":"tag-legal","33":"tag-legales","34":"tag-life-and-style","35":"tag-management","36":"tag-marketing","37":"tag-media","38":"tag-mercado-libre","39":"tag-mercado-pago","40":"tag-negocios","41":"tag-news","42":"tag-newspaper","43":"tag-noticias","44":"tag-periodismo","45":"tag-politics","46":"tag-real-estate","47":"tag-spain","48":"tag-sports","49":"tag-taxation","50":"tag-technology","51":"tag-tecnologia","52":"tag-vinos"},"share_on_mastodon":{"url":"","error":""},"_links":{"self":[{"href":"https:\/\/www.europesays.com\/es\/wp-json\/wp\/v2\/posts\/121137","targetHints":{"allow":["GET"]}}],"collection":[{"href":"https:\/\/www.europesays.com\/es\/wp-json\/wp\/v2\/posts"}],"about":[{"href":"https:\/\/www.europesays.com\/es\/wp-json\/wp\/v2\/types\/post"}],"author":[{"embeddable":true,"href":"https:\/\/www.europesays.com\/es\/wp-json\/wp\/v2\/users\/2"}],"replies":[{"embeddable":true,"href":"https:\/\/www.europesays.com\/es\/wp-json\/wp\/v2\/comments?post=121137"}],"version-history":[{"count":0,"href":"https:\/\/www.europesays.com\/es\/wp-json\/wp\/v2\/posts\/121137\/revisions"}],"wp:featuredmedia":[{"embeddable":true,"href":"https:\/\/www.europesays.com\/es\/wp-json\/wp\/v2\/media\/121138"}],"wp:attachment":[{"href":"https:\/\/www.europesays.com\/es\/wp-json\/wp\/v2\/media?parent=121137"}],"wp:term":[{"taxonomy":"category","embeddable":true,"href":"https:\/\/www.europesays.com\/es\/wp-json\/wp\/v2\/categories?post=121137"},{"taxonomy":"post_tag","embeddable":true,"href":"https:\/\/www.europesays.com\/es\/wp-json\/wp\/v2\/tags?post=121137"}],"curies":[{"name":"wp","href":"https:\/\/api.w.org\/{rel}","templated":true}]}}