{"id":121139,"date":"2025-09-17T16:20:09","date_gmt":"2025-09-17T16:20:09","guid":{"rendered":"https:\/\/www.europesays.com\/es\/121139\/"},"modified":"2025-09-17T16:20:09","modified_gmt":"2025-09-17T16:20:09","slug":"baloncesto-casademont-zaragoza-el-casademont-se-juega-la-clasificacion-a-la-euroliga","status":"publish","type":"post","link":"https:\/\/www.europesays.com\/es\/121139\/","title":{"rendered":"Baloncesto | Casademont Zaragoza | El Casademont se juega la clasificaci\u00f3n a la Euroliga"},"content":{"rendered":"<p class=\"ft-text\">El <strong>Casademont Zaragoza se enfrentar\u00e1 al Zabiny Brno de Rep\u00fablica Checa este jueves a las 18.00 horas. Un reto decisivo en su camino hacia la clasificaci\u00f3n para la Euroliga Femenina<\/strong>. El doble enfrentamiento, un partido de ida y otro de vuelta, pondr\u00e1 a prueba a un equipo que, tras superar una eliminatoria m\u00e1s accesible en la temporada pasada, ahora tiene por delante una tarea mucho m\u00e1s complicada.<\/p>\n<p class=\"ft-text\">El primer encuentro tendr\u00e1 lugar en Brno (Rep\u00fablica Checa), el equipo rojillo volar\u00e1 este mi\u00e9rcoles para empezar la preparaci\u00f3n f\u00edsica e intensa antes del partido. El<strong> conjunto checo es un rival m\u00e1s duro y preparado<\/strong> en comparaci\u00f3n con los que se midi\u00f3 el Casademont la pasada temporada, la eliminatoria la disput\u00f3 frente al CS Phoenix Constanta obteniendo dos victorias claras, como visitantes (57-75) y local (71-52).<\/p>\n<p class=\"ft-text\">El enfrentamiento contra las checas no solo ser\u00e1 una batalla por la clasificaci\u00f3n a la Euroliga, sino tambi\u00e9n una prueba para<strong> comprobar el estado de forma y cohesi\u00f3n del equipo<\/strong>. A pesar de la dificultad del reto, las jugadoras del Casademont conf\u00edan en sus posibilidades. Helena Pueyo reconoci\u00f3 que el partido se prev\u00e9 muy f\u00edsico y complicado, pero asegur\u00f3 que el <strong>equipo est\u00e1 bien preparado y con muchas ganas de darlo todo en la cancha<\/strong>. Adem\u00e1s, la reciente gira por Corea del Sur ha sido clave para mejorar su juego colectivo, reforzando la uni\u00f3n y el trabajo en equipo. Aunque el conjunto aragon\u00e9s sigue <strong>sin poder incluir en la convocatoria a Nerea Hermosa<\/strong>, que sigue recuper\u00e1ndose de la lesi\u00f3n, y <strong>Carla Leite<\/strong>, que todav\u00eda est\u00e1 disputando la WNBA junto a las Valkyries tras clasificarse para los playoffs.<\/p>\n<p class=\"ft-text\">El partido de ida, por lo tanto, se percibe como un punto de inflexi\u00f3n en el camino hacia la Euroliga. Para el Casademont Zaragoza, <strong>obtener un buen resultado en Brno ser\u00eda clave para afrontar el partido de vuelta con la confianza necesaria<\/strong>, especialmente si logran llevarse la victoria y poner el marcador a su favor. La eliminatoria finalizar\u00e1 la pr\u00f3xima semana, cuando el <strong>conjunto rojillo reciba al Zabiny Brno en el Pabell\u00f3n Pr\u00edncipe Felipe el mi\u00e9rcoles 24 de septiembre a las 20.00 horas<\/strong>. Un partido de vuelta que promete ser una aut\u00e9ntica prueba, donde las jugadoras del Casademont deber\u00e1n sellar su pase a la fase de grupos de la Euroliga Femenina.<\/p>\n","protected":false},"excerpt":{"rendered":"El Casademont Zaragoza se enfrentar\u00e1 al Zabiny Brno de Rep\u00fablica Checa este jueves a las 18.00 horas. Un&hellip;\n","protected":false},"author":2,"featured_media":121140,"comment_status":"","ping_status":"","sticky":false,"template":"","format":"standard","meta":{"footnotes":""},"categories":[269],"tags":[299,298,2511,5369,4616,168,25,24,833,4348,1045,23,167,14132],"class_list":{"0":"post-121139","1":"post","2":"type-post","3":"status-publish","4":"format-standard","5":"has-post-thumbnail","7":"category-baloncesto","8":"tag-baloncesto","9":"tag-basketball","10":"tag-casademont","11":"tag-casademont-zaragoza","12":"tag-clasificacion","13":"tag-deportes","14":"tag-es","15":"tag-espana","16":"tag-euroliga","17":"tag-juega","18":"tag-partido","19":"tag-spain","20":"tag-sports","21":"tag-sur"},"share_on_mastodon":{"url":"","error":""},"_links":{"self":[{"href":"https:\/\/www.europesays.com\/es\/wp-json\/wp\/v2\/posts\/121139","targetHints":{"allow":["GET"]}}],"collection":[{"href":"https:\/\/www.europesays.com\/es\/wp-json\/wp\/v2\/posts"}],"about":[{"href":"https:\/\/www.europesays.com\/es\/wp-json\/wp\/v2\/types\/post"}],"author":[{"embeddable":true,"href":"https:\/\/www.europesays.com\/es\/wp-json\/wp\/v2\/users\/2"}],"replies":[{"embeddable":true,"href":"https:\/\/www.europesays.com\/es\/wp-json\/wp\/v2\/comments?post=121139"}],"version-history":[{"count":0,"href":"https:\/\/www.europesays.com\/es\/wp-json\/wp\/v2\/posts\/121139\/revisions"}],"wp:featuredmedia":[{"embeddable":true,"href":"https:\/\/www.europesays.com\/es\/wp-json\/wp\/v2\/media\/121140"}],"wp:attachment":[{"href":"https:\/\/www.europesays.com\/es\/wp-json\/wp\/v2\/media?parent=121139"}],"wp:term":[{"taxonomy":"category","embeddable":true,"href":"https:\/\/www.europesays.com\/es\/wp-json\/wp\/v2\/categories?post=121139"},{"taxonomy":"post_tag","embeddable":true,"href":"https:\/\/www.europesays.com\/es\/wp-json\/wp\/v2\/tags?post=121139"}],"curies":[{"name":"wp","href":"https:\/\/api.w.org\/{rel}","templated":true}]}}