{"id":121149,"date":"2025-09-17T16:26:09","date_gmt":"2025-09-17T16:26:09","guid":{"rendered":"https:\/\/www.europesays.com\/es\/121149\/"},"modified":"2025-09-17T16:26:09","modified_gmt":"2025-09-17T16:26:09","slug":"nuevos-videos-de-extreme-tarja-buckcherry","status":"publish","type":"post","link":"https:\/\/www.europesays.com\/es\/121149\/","title":{"rendered":"Nuevos v\u00eddeos de EXTREME, TARJA, BUCKCHERRY"},"content":{"rendered":"<p>\u00a0<\/p>\n<p style=\"text-align: center;\"><strong>Nuevos v\u00eddeos de <a href=\"#EXTREME\">EXTREME<\/a>, <a href=\"#TARJA2\">TARJA<\/a>, <a href=\"#BUCKCHERRY\">BUCKCHERRY<\/a><\/strong><\/p>\n<p><a href=\"https:\/\/www.facebook.com\/extremeband\" target=\"_blank\" rel=\"noopener nofollow\"><strong>EXTREME<\/strong><\/a> han estrenado un nuevo v\u00eddeo para el tema \u201cX Out\u201d.<\/p>\n<p>El \u00faltimo disco de <a href=\"https:\/\/www.facebook.com\/extremeband\" target=\"_blank\" rel=\"noopener nofollow\"><strong>EXTREME<\/strong><\/a> \u201cSix\u201d apareci\u00f3 el 9 de junio de 2023 a trav\u00e9s de earMUSIC.<\/p>\n<p><img fetchpriority=\"high\" decoding=\"async\" src=\"https:\/\/www.europesays.com\/es\/wp-content\/uploads\/2025\/09\/extreme2024_5_500x267.jpg\" alt=\"EXTREME\" width=\"500\" height=\"267\"\/><\/p>\n<p>Todos los detalles en esta <a href=\"https:\/\/www.rafabasa.com\/2023\/03\/01\/metallica-extreme-heavens-edge\/#EXTREME\" target=\"_blank\" rel=\"noopener nofollow\">noticia<\/a> y los adelantos aparecidos en <a href=\"https:\/\/www.rafabasa.com\/2024\/11\/01\/extreme-sacrifice-sirenia\/#EXTREME\" target=\"_blank\" rel=\"noopener nofollow\">esta<\/a>.<\/p>\n<p>\u00a0<\/p>\n<p>A continuaci\u00f3n ten\u00e9is el tema de <a href=\"https:\/\/www.facebook.com\/tarjaofficial\" target=\"_blank\" rel=\"noopener nofollow\"><strong>TARJA<\/strong><\/a> \u201cUntil My Last Breath\u201d extra\u00eddo de su nuevo directo \u201cCircus Live\u201d, aparecido el 26 de mayo a trav\u00e9s de earMUSIC.<\/p>\n<p><img loading=\"lazy\" decoding=\"async\" src=\"https:\/\/www.europesays.com\/es\/wp-content\/uploads\/2025\/09\/tarja2020_9_500x267.jpg\" alt=\"tarja\" width=\"500\" height=\"267\"\/><\/p>\n<p>Todos los detalles en esta <a href=\"https:\/\/www.rafabasa.com\/2025\/02\/28\/tarja-herman-rarebell-liv-kristine\/#Tarja\" target=\"_blank\" rel=\"noopener nofollow\">noticia<\/a> y los adelantos publicados en <a href=\"https:\/\/www.rafabasa.com\/2025\/09\/09\/five-finger-death-punch-tarja-blackberry-smoke\/#TARJA\" rel=\"nofollow noopener\" target=\"_blank\">esta<\/a>.<\/p>\n<p>La cantante nos <a href=\"https:\/\/www.rafabasa.com\/2025\/03\/24\/tarja-marko-hietala-hate-vio-lence\/#TARJA_Marko_Hietala\" target=\"_blank\" rel=\"noopener nofollow\">visitar\u00e1 a comienzos del a\u00f1o pr\u00f3ximo<\/a> junto a <strong>Marko Hietala<\/strong>.<\/p>\n<p>Su \u00faltimo single junto a <strong>Marko Hietala<\/strong> en esta <a href=\"https:\/\/www.rafabasa.com\/2024\/03\/13\/marko-hietala-tarja-turunen-the-69-eyes-heir-apparent\/#Marko_Hietala_Tarja_Turunen\" target=\"_blank\" rel=\"noopener nofollow\">noticia<\/a>.<\/p>\n<p>\u00a0<\/p>\n<p>\u00a0<\/p>\n<p>A continuaci\u00f3n ten\u00e9is el nuevo v\u00eddeo de <a href=\"https:\/\/www.facebook.com\/buckcherry\" target=\"_blank\" rel=\"noopener nofollow\"><strong>BUCKCHERRY<\/strong><\/a> para el tema \u201cHello Goodbye\u201d.<\/p>\n<p><img loading=\"lazy\" decoding=\"async\" src=\"https:\/\/www.europesays.com\/es\/wp-content\/uploads\/2025\/09\/buckcherry2025_3.jpg\" alt=\"BUCKCHERRY\" width=\"500\" height=\"345\"\/><\/p>\n<p><a href=\"https:\/\/www.facebook.com\/buckcherry\" target=\"_blank\" rel=\"noopener nofollow\"><strong>BUCKCHERRY<\/strong><\/a> editaron el 13 de junio a trav\u00e9s de Round Hill Records en Am\u00e9rica del Norte, Sony Japan en Jap\u00f3n e Earache en Europa un nuevo disco titulado \u201cRoar Like Thunder\u201d.<\/p>\n<p>Todos los detalles en esta <a href=\"https:\/\/www.rafabasa.com\/2025\/03\/18\/buckcherry-savaged-predator\/#BUCKCHERRY\" rel=\"nofollow noopener\" target=\"_blank\">noticia<\/a> y los v\u00eddeos aparecidos en <a href=\"https:\/\/www.rafabasa.com\/2025\/07\/10\/buckcherry-ashes-of-ares-desaster-wytch-hazel\/#BUCKCHERRY\" rel=\"nofollow noopener\" target=\"_blank\">esta<\/a>.<\/p>\n<p>\u00a0<\/p>\n<p align=\"center\"><strong>Sigue el\u00a0<a href=\"https:\/\/whatsapp.com\/channel\/0029VaCprxVBA1f555USvT2O\" target=\"_blank\" rel=\"nofollow noopener\">Canal de RAFABASA.COM en WhatsApp<\/a>, donde encontrar\u00e1s todas nuestras novedades al instante<\/strong><\/p>\n<p>\u00a0<\/p>\n<p>\u00a0<\/p>\n","protected":false},"excerpt":{"rendered":"\u00a0 Nuevos v\u00eddeos de EXTREME, TARJA, BUCKCHERRY EXTREME han estrenado un nuevo v\u00eddeo para el tema \u201cX Out\u201d.&hellip;\n","protected":false},"author":2,"featured_media":121150,"comment_status":"","ping_status":"","sticky":false,"template":"","format":"standard","meta":{"footnotes":""},"categories":[170],"tags":[39947,146,147,25,24,39948,184,185,23,31938],"class_list":{"0":"post-121149","1":"post","2":"type-post","3":"status-publish","4":"format-standard","5":"has-post-thumbnail","7":"category-musica","8":"tag-buckcherry","9":"tag-entertainment","10":"tag-entretenimiento","11":"tag-es","12":"tag-espana","13":"tag-extreme","14":"tag-music","15":"tag-musica","16":"tag-spain","17":"tag-tarja"},"share_on_mastodon":{"url":"","error":""},"_links":{"self":[{"href":"https:\/\/www.europesays.com\/es\/wp-json\/wp\/v2\/posts\/121149","targetHints":{"allow":["GET"]}}],"collection":[{"href":"https:\/\/www.europesays.com\/es\/wp-json\/wp\/v2\/posts"}],"about":[{"href":"https:\/\/www.europesays.com\/es\/wp-json\/wp\/v2\/types\/post"}],"author":[{"embeddable":true,"href":"https:\/\/www.europesays.com\/es\/wp-json\/wp\/v2\/users\/2"}],"replies":[{"embeddable":true,"href":"https:\/\/www.europesays.com\/es\/wp-json\/wp\/v2\/comments?post=121149"}],"version-history":[{"count":0,"href":"https:\/\/www.europesays.com\/es\/wp-json\/wp\/v2\/posts\/121149\/revisions"}],"wp:featuredmedia":[{"embeddable":true,"href":"https:\/\/www.europesays.com\/es\/wp-json\/wp\/v2\/media\/121150"}],"wp:attachment":[{"href":"https:\/\/www.europesays.com\/es\/wp-json\/wp\/v2\/media?parent=121149"}],"wp:term":[{"taxonomy":"category","embeddable":true,"href":"https:\/\/www.europesays.com\/es\/wp-json\/wp\/v2\/categories?post=121149"},{"taxonomy":"post_tag","embeddable":true,"href":"https:\/\/www.europesays.com\/es\/wp-json\/wp\/v2\/tags?post=121149"}],"curies":[{"name":"wp","href":"https:\/\/api.w.org\/{rel}","templated":true}]}}