{"id":121151,"date":"2025-09-17T16:27:26","date_gmt":"2025-09-17T16:27:26","guid":{"rendered":"https:\/\/www.europesays.com\/es\/121151\/"},"modified":"2025-09-17T16:27:26","modified_gmt":"2025-09-17T16:27:26","slug":"marvel-confirma-el-diseno-del-doctor-doom-de-robert-downey-jr-para-la-proxima-pelicula-de-vengadores","status":"publish","type":"post","link":"https:\/\/www.europesays.com\/es\/121151\/","title":{"rendered":"Marvel confirma el dise\u00f1o del Doctor Doom de Robert Downey Jr. para la pr\u00f3xima pel\u00edcula de Vengadores"},"content":{"rendered":"<p><b>El Universo Cinematogr\u00e1fico de Marvel sigue expandi\u00e9ndose<\/b> con nuevas sorpresas y una de las m\u00e1s esperadas ya tiene confirmaci\u00f3n oficial, <b>el dise\u00f1o definitivo del Doctor Doom interpretado por Robert Downey Jr.<\/b> Tras encarnar a <a title=\"Iron Man\" href=\"https:\/\/www.larazon.es\/videojuegos\/origen-doctor-doom-robert-downey-esta-pelicula-iron-man-segun-esta-teoria-marvel_2025082968b02d07fb354e4b3d237339.html\" target=\"_blank\" rel=\"nofollow noopener\">Iron Man<\/a> durante m\u00e1s de una d\u00e9cada, el actor regresa a Marvel en un giro sorprendente, esta vez como <b>uno de los villanos m\u00e1s ic\u00f3nicos de los c\u00f3mics<\/b>.<\/p>\n<p>El primer vistazo del personaje se hab\u00eda producido en la escena postcr\u00e9ditos de Los Cuatro Fant\u00e1sticos: primeros pasos, donde <b>apenas se mostraban su capucha y la emblem\u00e1tica m\u00e1scara<\/b>. Ahora, con el estreno de <a title=\"Vengadores: Doomsday\" href=\"https:\/\/www.larazon.es\/videojuegos\/hermanos-russo-confirman-nuevo-adelanto-vengadores-doomsday-marvel-studios_2025091068c137827dd380649b205607.html\" target=\"_blank\" rel=\"nofollow noopener\">Vengadores: Doomsday<\/a> en el horizonte, <b>Marvel ha revelado por completo el aspecto de este nuevo Doom<\/b>, generando gran expectaci\u00f3n entre los fans.<\/p>\n<p>Un dise\u00f1o fiel a los c\u00f3mics y lleno de detalles<\/p>\n<p>El traje del Doctor Doom fue <b>mostrado en primicia durante el Walt Disney Studios Marketing Expo de Shangh\u00e1i<\/b>, donde se presentaron diferentes materiales promocionales de la pr\u00f3xima pel\u00edcula de Vengadores. Entre ellos destacaba <b>una ilustraci\u00f3n oficial en la que Downey Jr. aparece caracterizado como el villano<\/b>, con la cl\u00e1sica combinaci\u00f3n de verde y plata, armadura con detalles de cota de malla y la intimidante m\u00e1scara met\u00e1lica que ha definido al personaje desde su creaci\u00f3n.<\/p>\n<p><b>Este nuevo dise\u00f1o se diferencia de anteriores versiones cinematogr\u00e1ficas<\/b>. Mientras que la interpretaci\u00f3n de Julian McMahon en las pel\u00edculas de Los 4 Fant\u00e1sticos manten\u00eda algunos elementos cl\u00e1sicos, <b>el traje era m\u00e1s sencillo y menos detallado<\/b>. En cambio, la propuesta de 2015 con Toby Kebbell fue la m\u00e1s pol\u00e9mica, <b>alej\u00e1ndose casi por completo de la est\u00e9tica del c\u00f3mic<\/b>. El dise\u00f1o del MCU busca ahora reconciliar al personaje con sus ra\u00edces gr\u00e1ficas, <b>ofreciendo una representaci\u00f3n mucho m\u00e1s fiel y espectacular<\/b>.<\/p>\n<p>Con esta revelaci\u00f3n, Marvel no solo prepara el terreno para el regreso de Robert Downey Jr. a la gran pantalla, sino tambi\u00e9n para <b>la presentaci\u00f3n de un villano que promete marcar un antes y un despu\u00e9s en la saga de Vengadores<\/b>.<\/p>\n","protected":false},"excerpt":{"rendered":"El Universo Cinematogr\u00e1fico de Marvel sigue expandi\u00e9ndose con nuevas sorpresas y una de las m\u00e1s esperadas ya tiene&hellip;\n","protected":false},"author":2,"featured_media":121152,"comment_status":"","ping_status":"","sticky":false,"template":"","format":"standard","meta":{"footnotes":""},"categories":[169],"tags":[177,146,147,25,24,176,175,23],"class_list":{"0":"post-121151","1":"post","2":"type-post","3":"status-publish","4":"format-standard","5":"has-post-thumbnail","7":"category-cine","8":"tag-cine","9":"tag-entertainment","10":"tag-entretenimiento","11":"tag-es","12":"tag-espana","13":"tag-film","14":"tag-movies","15":"tag-spain"},"share_on_mastodon":{"url":"","error":""},"_links":{"self":[{"href":"https:\/\/www.europesays.com\/es\/wp-json\/wp\/v2\/posts\/121151","targetHints":{"allow":["GET"]}}],"collection":[{"href":"https:\/\/www.europesays.com\/es\/wp-json\/wp\/v2\/posts"}],"about":[{"href":"https:\/\/www.europesays.com\/es\/wp-json\/wp\/v2\/types\/post"}],"author":[{"embeddable":true,"href":"https:\/\/www.europesays.com\/es\/wp-json\/wp\/v2\/users\/2"}],"replies":[{"embeddable":true,"href":"https:\/\/www.europesays.com\/es\/wp-json\/wp\/v2\/comments?post=121151"}],"version-history":[{"count":0,"href":"https:\/\/www.europesays.com\/es\/wp-json\/wp\/v2\/posts\/121151\/revisions"}],"wp:featuredmedia":[{"embeddable":true,"href":"https:\/\/www.europesays.com\/es\/wp-json\/wp\/v2\/media\/121152"}],"wp:attachment":[{"href":"https:\/\/www.europesays.com\/es\/wp-json\/wp\/v2\/media?parent=121151"}],"wp:term":[{"taxonomy":"category","embeddable":true,"href":"https:\/\/www.europesays.com\/es\/wp-json\/wp\/v2\/categories?post=121151"},{"taxonomy":"post_tag","embeddable":true,"href":"https:\/\/www.europesays.com\/es\/wp-json\/wp\/v2\/tags?post=121151"}],"curies":[{"name":"wp","href":"https:\/\/api.w.org\/{rel}","templated":true}]}}