{"id":121162,"date":"2025-09-17T16:33:10","date_gmt":"2025-09-17T16:33:10","guid":{"rendered":"https:\/\/www.europesays.com\/es\/121162\/"},"modified":"2025-09-17T16:33:10","modified_gmt":"2025-09-17T16:33:10","slug":"yulia-navalnaya-afirma-que-su-marido-murio-envenenado-tras-el-analisis-de-dos-laboratorios","status":"publish","type":"post","link":"https:\/\/www.europesays.com\/es\/121162\/","title":{"rendered":"Yulia Nav\u00e1lnaya afirma que su marido muri\u00f3 envenenado tras el an\u00e1lisis de dos laboratorios"},"content":{"rendered":"<p data-gtm-element-container=\"modulo-texto-link\" class=\"paragraph\">El 16 de febrero del 2024, Alex\u00e9i Navalni mor\u00eda en una c\u00e1rcel en el \u00c1rtico a los 47 a\u00f1os. El entonces opositor y el mayor rival de Putin cumpl\u00eda varias penas de m\u00e1s de treinta a\u00f1os de privaci\u00f3n de libertad, una sentencia duramente criticada por la oposici\u00f3n, que lo calific\u00f3 de \u201cpersecuci\u00f3n pol\u00edtica\u201d. El popular Navalni hab\u00eda sido v\u00edctima de diversos reveses durante su vida pol\u00edtica, siendo vetado de las elecciones presidenciales rusas en el 2018 tras ser acusado de malversaci\u00f3n de fondos, por lo que nunca pudo llegar a enfrentarse a Putin en las urnas.\u00a0<\/p>\n<p data-gtm-element-container=\"modulo-texto-link\" class=\"paragraph\">Ya en el 2020, se desplom\u00f3 cuando viajaba en un avi\u00f3n que volaba entre Tomsk y Mosc\u00fa, obligado a aterrizar de emergencia y ser hospitalizado r\u00e1pidamente. En ese episodio, <a href=\"https:\/\/www.lavanguardia.com\/internacional\/20200917\/483521902344\/alexei-navalni-restos-novichok-veneno-botella-agua-hotel.html\" title=\"Encontrados restos de Novichok en una botella de agua del hotel donde se aloj\u00f3 Navalni\" rel=\"nofollow noopener\" target=\"_blank\">los an\u00e1lisis practicados en Berl\u00edn -donde fue trasladado- revelaron que le hab\u00edan envenenado en el hotel donde se hospedaba<\/a>. Ahora, casi dos a\u00f1os despu\u00e9s de su muerte, su viuda Yulia Nav\u00e1lnaya afirma que el fallecimiento en prisi\u00f3n se produjo por la misma causa, y que los resultados de dos laboratorios de dos pa\u00edses diferentes lo avalan.\u00a0<\/p>\n<blockquote>\n<p>        Mi marido era un s\u00edmbolo de esperanza para nuestro pa\u00eds. Putin mat\u00f3 esa esperanza<\/p>\n<p>            Yulia Nav\u00e1lnaya\u00a0<\/p>\n<\/blockquote>\n<p data-gtm-element-container=\"modulo-texto-link\" class=\"paragraph\">\u201cMi marido, Alex\u00e9i Navalni fue envenenado. No son palabras vac\u00edas, tengo todas las razones para decirlo.\u201d, comienza explicando Nav\u00e1lnaya, quien ha relatado la muerte de su marido a trav\u00e9s de un comunicado publicado en X. \u201cFue trasladado m\u00e1s all\u00e1 del c\u00edrculo polar \u00e1rtico dos a\u00f1os antes de su muerte, claramente a prop\u00f3sito (\u2026) no solo quer\u00edan matarlo, tambi\u00e9n romperle\u201d.\u00a0<\/p>\n<p data-gtm-element-container=\"modulo-texto-link\" class=\"paragraph\">\u201cLe atormentaron con hambre fr\u00edo y aislamiento\u201d afirma Nav\u00e1lnaya, quien prometi\u00f3 hacer todo lo posible para investigar la muerte de su marido. Seg\u00fan la viuda del difunto opositor, consiguieron conservar material biol\u00f3gico de Navalni para trasladarlo al extranjero, donde asegura que dos laboratorios situados en dos pa\u00edses diferentes, independientes uno del otro, han\u00a0podido investigarlo. Navalnaya explica que los resultados confirman la teor\u00eda del asesinato por envenenamiento.<\/p>\n<p>                <img loading=\"lazy\" decoding=\"async\" data-full-src=\"https:\/\/www.lavanguardia.com\/uploads\/2024\/09\/30\/66fa7b17a5438.jpeg\" alt=\"Horizontal\" width=\"449\" height=\"305\" src=\"https:\/\/www.europesays.com\/es\/wp-content\/uploads\/2025\/09\/66fa7b17a5438.jpeg\" class=\"lazy\"\/><\/p>\n<p class=\"caption-title \">Imagen de Yulia Nav\u00e1lnaya, en una entrevista coincidida para La Vanguardia\u00a0<\/p>\n<p>                    Llibert Teixid\u00f3 \/ Propias<\/p>\n<p>    Lee tambi\u00e9n<\/p>\n<p data-gtm-element-container=\"modulo-texto-link\" class=\"paragraph\">\u201cLos estados occidentales no tienen base legal para iniciar procedimientos penales y no querr\u00edan que la inc\u00f3moda verdad saliera a la luz en el momento menos oportuno, pero yo tengo motivos, no solo legales, sino tambi\u00e9n morales\u201d, explica Nav\u00e1lnaya, quien pide a los laboratorios que hagan p\u00fablica su investigaci\u00f3n. \u201cMi marido era un s\u00edmbolo de esperanza para nuestro pa\u00eds. Putin mat\u00f3 esa esperanza, merecemos saber c\u00f3mo muri\u00f3\u201d, concluye el comunicado.<\/p>\n<p data-gtm-element-container=\"modulo-texto-link\" class=\"paragraph\">Por su parte, el portavoz ruso\u00a0Dimitri Peskov ha afirmado que el Kremlin\u00a0no tiene conocimiento de las afirmaciones de Nav\u00e1lnaya sobre el presunto envenenamiento de su marido en prisi\u00f3n.\u00a0<\/p>\n","protected":false},"excerpt":{"rendered":"El 16 de febrero del 2024, Alex\u00e9i Navalni mor\u00eda en una c\u00e1rcel en el \u00c1rtico a los 47&hellip;\n","protected":false},"author":2,"featured_media":121163,"comment_status":"","ping_status":"","sticky":false,"template":"","format":"standard","meta":{"footnotes":""},"categories":[42],"tags":[17,18,13,14,11,61,62,63,64,19,20,9,10,15,16,12,21,22,65,66,67],"class_list":{"0":"post-121162","1":"post","2":"type-post","3":"status-publish","4":"format-standard","5":"has-post-thumbnail","7":"category-internacional","8":"tag-breaking-news","9":"tag-breakingnews","10":"tag-featured-news","11":"tag-featurednews","12":"tag-headlines","13":"tag-internacional","14":"tag-international","15":"tag-international-news","16":"tag-internationalnews","17":"tag-latest-news","18":"tag-latestnews","19":"tag-news","20":"tag-noticias","21":"tag-noticias-destacadas","22":"tag-noticiasdestacadas","23":"tag-titulares","24":"tag-ultimas-noticias","25":"tag-ultimasnoticias","26":"tag-world","27":"tag-world-news","28":"tag-worldnews"},"share_on_mastodon":{"url":"","error":""},"_links":{"self":[{"href":"https:\/\/www.europesays.com\/es\/wp-json\/wp\/v2\/posts\/121162","targetHints":{"allow":["GET"]}}],"collection":[{"href":"https:\/\/www.europesays.com\/es\/wp-json\/wp\/v2\/posts"}],"about":[{"href":"https:\/\/www.europesays.com\/es\/wp-json\/wp\/v2\/types\/post"}],"author":[{"embeddable":true,"href":"https:\/\/www.europesays.com\/es\/wp-json\/wp\/v2\/users\/2"}],"replies":[{"embeddable":true,"href":"https:\/\/www.europesays.com\/es\/wp-json\/wp\/v2\/comments?post=121162"}],"version-history":[{"count":0,"href":"https:\/\/www.europesays.com\/es\/wp-json\/wp\/v2\/posts\/121162\/revisions"}],"wp:featuredmedia":[{"embeddable":true,"href":"https:\/\/www.europesays.com\/es\/wp-json\/wp\/v2\/media\/121163"}],"wp:attachment":[{"href":"https:\/\/www.europesays.com\/es\/wp-json\/wp\/v2\/media?parent=121162"}],"wp:term":[{"taxonomy":"category","embeddable":true,"href":"https:\/\/www.europesays.com\/es\/wp-json\/wp\/v2\/categories?post=121162"},{"taxonomy":"post_tag","embeddable":true,"href":"https:\/\/www.europesays.com\/es\/wp-json\/wp\/v2\/tags?post=121162"}],"curies":[{"name":"wp","href":"https:\/\/api.w.org\/{rel}","templated":true}]}}