{"id":121165,"date":"2025-09-17T16:35:58","date_gmt":"2025-09-17T16:35:58","guid":{"rendered":"https:\/\/www.europesays.com\/es\/121165\/"},"modified":"2025-09-17T16:35:58","modified_gmt":"2025-09-17T16:35:58","slug":"bruselas-propone-retirar-todas-las-ventajas-comerciales-a-israel-y-sancionar-a-dos-ministros","status":"publish","type":"post","link":"https:\/\/www.europesays.com\/es\/121165\/","title":{"rendered":"Bruselas propone retirar todas las ventajas comerciales a Israel y sancionar a dos ministros"},"content":{"rendered":"<p style=\"\">La Comisi\u00f3n Europea ha aprobado una propuesta para suspender parcialmente las disposiciones comerciales <a href=\"https:\/\/www.abc.es\/internacional\/ue-presentara-miercoles-propuesta-suspender-parcialmente-acuerdo-20250916155410-nt.html\" title=\"www.abc.es\" data-voc-vtm-id=\"in-text-traffic\" data-mrf-link=\"www.abc.es\" rel=\"nofollow noopener\" target=\"_blank\">del Acuerdo de Asociaci\u00f3n entre la UE e Israel<\/a> que incluye sanciones contra dos ministros del Gobierno israel\u00ed y diez miembros de la direcci\u00f3n de la organizaci\u00f3n terrorista Ham\u00e1s.<\/p>\n<p style=\"\">La medida  &#8230; implicar\u00eda la suspensi\u00f3n de la aplicaci\u00f3n de las reglas preferenciales de las que se est\u00e1n <strong>beneficiando casi el 40%<\/strong> de las exportaciones de Israel a la <a href=\"https:\/\/www.abc.es\/economia\/ultimo-aviso-mario-draghi-europa-alcanzar-resultados-20250916204233-nt.html\" title=\"www.abc.es\" data-voc-vtm-id=\"in-text-traffic\" data-mrf-link=\"www.abc.es\" rel=\"nofollow noopener\" target=\"_blank\">Uni\u00f3n Europea<\/a> y que si se aprueba esta medida pasar\u00e1n a tener que cumplir las condiciones generales del comercio.<\/p>\n<p class=\"voc-p\" style=\"\">Adem\u00e1s se suspenden las futuras asignaciones anuales de ayuda bilateral as\u00ed como los proyectos de cooperaci\u00f3n institucional actualmente en curso con Israel y a los proyectos financiados en el marco del mecanismo de cooperaci\u00f3n regional UE-Israel, excepto aquellos proyectos que beneficien a la socieda civil y en concreto el que financia el museo del Holocausto o \u00abYad Vashem\u00bb.<\/p>\n<p class=\"voc-p\" style=\"\">La presidenta <strong>Von der Leyen<\/strong> considera que \u00ablos terribles acontecimientos que ocurren a diario en Gaza deben cesar. Es necesario un alto el fuego inmediato, el acceso sin restricciones a toda la ayuda humanitaria y la liberaci\u00f3n de todos los rehenes retenidos por Ham\u00e1s. La Uni\u00f3n Europea sigue siendo el mayor donante de ayuda humanitaria y un firme defensor de la soluci\u00f3n de dos Estados\u00bb.<\/p>\n<p class=\"voc-p\" style=\"\">Los dos ministros a los que se les proh\u00edbe su entrada en la UE son el de Seguridad Nacional <strong>Itamar Ben Gvir <\/strong>y <strong>Bezael Smotrich<\/strong>, responsable de Finanzas. Adem\u00e1s, tres colonos considerados autores de actos violentos. Los miembros del Politbur\u00f3 de Ham\u00e1s se encuentran en Gaza, en Cisjordania y \u00aben distintos pa\u00edses\u00bb. <\/p>\n<p class=\"voc-p\" style=\"\">Las medidas que suspenden las ventajas para los productos israel\u00edes han de ser aprobadas por mayor\u00eda cualificada en el Consejo, por parte de los representantes de los pa\u00edses. Sin embargo, las sanciones personales contra personalidades israel\u00edes y de Hamas han de ser respaldadas tambi\u00e9n en el Consejo, pero en este caso por unanimidad.<\/p>\n","protected":false},"excerpt":{"rendered":"La Comisi\u00f3n Europea ha aprobado una propuesta para suspender parcialmente las disposiciones comerciales del Acuerdo de Asociaci\u00f3n entre&hellip;\n","protected":false},"author":2,"featured_media":121166,"comment_status":"","ping_status":"","sticky":false,"template":"","format":"standard","meta":{"footnotes":""},"categories":[5],"tags":[4135,17,18,2317,3903,25,24,13,14,20085,11,74,19,20,9,10,15,16,34,8092,26380,23,35,12,21,22],"class_list":{"0":"post-121165","1":"post","2":"type-post","3":"status-publish","4":"format-standard","5":"has-post-thumbnail","7":"category-titulares","8":"tag-aranceles","9":"tag-breaking-news","10":"tag-breakingnews","11":"tag-bruselas","12":"tag-comercio","13":"tag-es","14":"tag-espana","15":"tag-featured-news","16":"tag-featurednews","17":"tag-fondos","18":"tag-headlines","19":"tag-israel","20":"tag-latest-news","21":"tag-latestnews","22":"tag-news","23":"tag-noticias","24":"tag-noticias-destacadas","25":"tag-noticiasdestacadas","26":"tag-pide","27":"tag-reactivar","28":"tag-romper","29":"tag-spain","30":"tag-suspender","31":"tag-titulares","32":"tag-ultimas-noticias","33":"tag-ultimasnoticias"},"share_on_mastodon":{"url":"","error":""},"_links":{"self":[{"href":"https:\/\/www.europesays.com\/es\/wp-json\/wp\/v2\/posts\/121165","targetHints":{"allow":["GET"]}}],"collection":[{"href":"https:\/\/www.europesays.com\/es\/wp-json\/wp\/v2\/posts"}],"about":[{"href":"https:\/\/www.europesays.com\/es\/wp-json\/wp\/v2\/types\/post"}],"author":[{"embeddable":true,"href":"https:\/\/www.europesays.com\/es\/wp-json\/wp\/v2\/users\/2"}],"replies":[{"embeddable":true,"href":"https:\/\/www.europesays.com\/es\/wp-json\/wp\/v2\/comments?post=121165"}],"version-history":[{"count":0,"href":"https:\/\/www.europesays.com\/es\/wp-json\/wp\/v2\/posts\/121165\/revisions"}],"wp:featuredmedia":[{"embeddable":true,"href":"https:\/\/www.europesays.com\/es\/wp-json\/wp\/v2\/media\/121166"}],"wp:attachment":[{"href":"https:\/\/www.europesays.com\/es\/wp-json\/wp\/v2\/media?parent=121165"}],"wp:term":[{"taxonomy":"category","embeddable":true,"href":"https:\/\/www.europesays.com\/es\/wp-json\/wp\/v2\/categories?post=121165"},{"taxonomy":"post_tag","embeddable":true,"href":"https:\/\/www.europesays.com\/es\/wp-json\/wp\/v2\/tags?post=121165"}],"curies":[{"name":"wp","href":"https:\/\/api.w.org\/{rel}","templated":true}]}}