{"id":121167,"date":"2025-09-17T16:37:08","date_gmt":"2025-09-17T16:37:08","guid":{"rendered":"https:\/\/www.europesays.com\/es\/121167\/"},"modified":"2025-09-17T16:37:08","modified_gmt":"2025-09-17T16:37:08","slug":"las-guerreras-afrontan-su-primer-compromiso-de-la-temporada-con-tres-navarras-en-sus-filas","status":"publish","type":"post","link":"https:\/\/www.europesays.com\/es\/121167\/","title":{"rendered":"Las Guerreras afrontan su primer compromiso de la temporada con tres navarras en sus filas"},"content":{"rendered":"<p>Desde el pasado lunes 15 est\u00e1n <strong>concentradas en\u00a0 la localidad eslovaca de Samarin<\/strong> y, este jueves 18, afrontar\u00e1n su primer compromiso de esta temporada. <strong>Las Guerreras<\/strong>, la selecci\u00f3n nacional femenina, iniciar\u00e1n una nueva etapa en su <strong>preparaci\u00f3n hacia el pr\u00f3ximo Mundial<\/strong>, que se celebrar\u00e1 en Alemania y los Pa\u00edses Bajos entre el 26 de noviembre y el 14 de diciembre de 2025, con <strong>un par de amistosos<\/strong> frente a Eslovaquia en el Zilina City Sports Hall. El primero, <strong>este jueves a las 18.30 horas <\/strong>y el segundo, el <strong>s\u00e1bado 20 a las 20.00 horas<\/strong>.<\/p>\n<p>Entre las 18 convocadas por el selecci\u00f3n <strong>Ambros Mart\u00edn<\/strong> estar\u00e1 por primera vez la meta pamplonesa <strong>Olaia Luzuriaga Gonz\u00e1lez\u00a0<\/strong>(Replasa Beti Onak) pero, tambi\u00e9n, las hermanas de Villava <strong>Lysa y Lyndie Tchaptchet Def\u00f3<\/strong> (jugadoras del Odense dan\u00e9s y del Bera Bera respectivamente), quienes est\u00e1n viviendo una concentraci\u00f3n muy especial ya que es la primera convocatoria internacional en las que ambas -ya con experiencia previa en la selecci\u00f3n y en algunas de las principales competiciones- coinciden, compartiendo adem\u00e1s la posici\u00f3n de pivote.\u00a0<\/p>\n<p>La mayor de las dos hermanas, que regresa a una llamada de la selecci\u00f3n tras no haber sido convocada desde los <strong>Juegos Ol\u00edmpicos de Par\u00eds<\/strong>, reconoc\u00eda en una entrevista a la Real Federaci\u00f3n Espa\u00f1ola de Balonmano que es \u00abun placer compartir pista con mi hermana\u00bb. \u00abEs una oportunidad para las dos. <strong>Siempre hemos bromeado con que esto pod\u00eda llegar a pasar pero no cre\u00edamos que iba a ser tan pronto.<\/strong> Estoy muy orgullosa de verla aqu\u00ed y de lo que est\u00e1 haciendo. Y tambi\u00e9n <strong>me llena de orgullo<\/strong> por decir que estoy aqu\u00ed en la selecci\u00f3n con mi hermana. Muy poca gente puede decirlo\u00bb, recalcaba la <a href=\"https:\/\/www.diariodenavarra.es\/noticias\/deportes\/balonmano\/2023\/06\/06\/navarra-lysa-tchaptchet-ganar-segunda-champions-21-anos-viviendo-indescriptible-afortunada-571102-1051.html\" target=\"_blank\" rel=\"nofollow noopener\">bicampeona de Europa con el Vipers Kristiansand<\/a>, de 23 a\u00f1os.\u00a0<br \/>\n\u00abEs algo que siempre lo hemos hablado y que ya ha llegado. Despu\u00e9s de un par de entrenamientos <strong>ya se nota el &#8216;pique&#8217;.<\/strong>.. -bromeaba por su parte Lyndie-. No. Es muy guay. Y <strong>ojal\u00e1 haya muchas m\u00e1s convocatorias as\u00ed<\/strong>\u00ab, recalcaba Lyndie, de 20 a\u00f1os, elegida como mejor pivote y mejor defensora de la pasada Liga Guerreras Iberdrola y <a href=\"https:\/\/www.diariodenavarra.es\/noticias\/deportes\/balonmano\/2025\/09\/06\/super-amara-bera-bera-aplasta-benfica-alzar-tercera-supercopa-consecutiva-pamplona-659506-1051.html\" target=\"_blank\" rel=\"nofollow noopener\">campeona ya esta campa\u00f1a de la Supercopa Ib\u00e9rica en Pamplona<\/a>.\u00a0<\/p>\n<p>Por su parte, el seleccionador <strong>Ambros Mart\u00edn<\/strong> destaca en declaraciones a la federaci\u00f3n que, en este \u201carranque del curso internacional y el primer paso en la preparaci\u00f3n del Campeonato del Mundo\u201d,\u00a0\u00a0la mezcla de juventud y experiencia en la convocatoria. \u201cTenemos<strong> jugadoras muy j\u00f3venes que est\u00e1n empujando fuerte<\/strong> y otras que regresan, como Lysa Tchaptchet, lo que siempre es una buena noticia\u201d, reconoce. \u201cEs pronto para estar a nuestro mejor nivel, pero las jugadoras han llegado con energ\u00eda, chispa y muchas ganas. Queremos aprovechar al m\u00e1ximo estos partidos para probar situaciones de juego y facilitar la adaptaci\u00f3n de las nuevas\u201d.<\/p>\n","protected":false},"excerpt":{"rendered":"Desde el pasado lunes 15 est\u00e1n concentradas en\u00a0 la localidad eslovaca de Samarin y, este jueves 18, afrontar\u00e1n&hellip;\n","protected":false},"author":2,"featured_media":121168,"comment_status":"","ping_status":"","sticky":false,"template":"","format":"standard","meta":{"footnotes":""},"categories":[278],"tags":[30510,376,1625,168,25,24,3367,375,977,23,167,1152],"class_list":{"0":"post-121167","1":"post","2":"type-post","3":"status-publish","4":"format-standard","5":"has-post-thumbnail","7":"category-balonmano","8":"tag-afrontan","9":"tag-balonmano","10":"tag-compromiso","11":"tag-deportes","12":"tag-es","13":"tag-espana","14":"tag-guerreras","15":"tag-handball","16":"tag-primer","17":"tag-spain","18":"tag-sports","19":"tag-temporada"},"share_on_mastodon":{"url":"","error":""},"_links":{"self":[{"href":"https:\/\/www.europesays.com\/es\/wp-json\/wp\/v2\/posts\/121167","targetHints":{"allow":["GET"]}}],"collection":[{"href":"https:\/\/www.europesays.com\/es\/wp-json\/wp\/v2\/posts"}],"about":[{"href":"https:\/\/www.europesays.com\/es\/wp-json\/wp\/v2\/types\/post"}],"author":[{"embeddable":true,"href":"https:\/\/www.europesays.com\/es\/wp-json\/wp\/v2\/users\/2"}],"replies":[{"embeddable":true,"href":"https:\/\/www.europesays.com\/es\/wp-json\/wp\/v2\/comments?post=121167"}],"version-history":[{"count":0,"href":"https:\/\/www.europesays.com\/es\/wp-json\/wp\/v2\/posts\/121167\/revisions"}],"wp:featuredmedia":[{"embeddable":true,"href":"https:\/\/www.europesays.com\/es\/wp-json\/wp\/v2\/media\/121168"}],"wp:attachment":[{"href":"https:\/\/www.europesays.com\/es\/wp-json\/wp\/v2\/media?parent=121167"}],"wp:term":[{"taxonomy":"category","embeddable":true,"href":"https:\/\/www.europesays.com\/es\/wp-json\/wp\/v2\/categories?post=121167"},{"taxonomy":"post_tag","embeddable":true,"href":"https:\/\/www.europesays.com\/es\/wp-json\/wp\/v2\/tags?post=121167"}],"curies":[{"name":"wp","href":"https:\/\/api.w.org\/{rel}","templated":true}]}}