{"id":121169,"date":"2025-09-17T16:38:07","date_gmt":"2025-09-17T16:38:07","guid":{"rendered":"https:\/\/www.europesays.com\/es\/121169\/"},"modified":"2025-09-17T16:38:07","modified_gmt":"2025-09-17T16:38:07","slug":"entrevista-con-olga-casado-antes-de-su-compromiso-en-el-coliseo-de-nimes","status":"publish","type":"post","link":"https:\/\/www.europesays.com\/es\/121169\/","title":{"rendered":"Entrevista con Olga Casado antes de su compromiso en el Coliseo de Nimes"},"content":{"rendered":"<p>Con tan solo 22 a\u00f1os, la novillera\u00a0<strong>Olga Casado encarna el futuro del toreo<\/strong>\u00a0. Una prodigio madrile\u00f1a, ya triunfante en Espa\u00f1a y Sudam\u00e9rica, se prepara para un nuevo reto: conquistar la Arena de Nimes.<\/p>\n<p>Hemos querido conocer un poco m\u00e1s a la persona que se esconde detr\u00e1s del torero, justo antes de su debut en el Coliseo franc\u00e9s para este domingo.<\/p>\n<p><strong>VIDEO<\/strong>: Arenesdenimes.com<\/p>\n<p>\ufeff<\/p>\n","protected":false},"excerpt":{"rendered":"Con tan solo 22 a\u00f1os, la novillera\u00a0Olga Casado encarna el futuro del toreo\u00a0. Una prodigio madrile\u00f1a, ya triunfante&hellip;\n","protected":false},"author":2,"featured_media":121170,"comment_status":"","ping_status":"","sticky":false,"template":"","format":"standard","meta":{"footnotes":""},"categories":[277],"tags":[373,168,25,24,23,167,374],"class_list":{"0":"post-121169","1":"post","2":"type-post","3":"status-publish","4":"format-standard","5":"has-post-thumbnail","7":"category-toreo","8":"tag-bullfighting","9":"tag-deportes","10":"tag-es","11":"tag-espana","12":"tag-spain","13":"tag-sports","14":"tag-toreo"},"share_on_mastodon":{"url":"","error":""},"_links":{"self":[{"href":"https:\/\/www.europesays.com\/es\/wp-json\/wp\/v2\/posts\/121169","targetHints":{"allow":["GET"]}}],"collection":[{"href":"https:\/\/www.europesays.com\/es\/wp-json\/wp\/v2\/posts"}],"about":[{"href":"https:\/\/www.europesays.com\/es\/wp-json\/wp\/v2\/types\/post"}],"author":[{"embeddable":true,"href":"https:\/\/www.europesays.com\/es\/wp-json\/wp\/v2\/users\/2"}],"replies":[{"embeddable":true,"href":"https:\/\/www.europesays.com\/es\/wp-json\/wp\/v2\/comments?post=121169"}],"version-history":[{"count":0,"href":"https:\/\/www.europesays.com\/es\/wp-json\/wp\/v2\/posts\/121169\/revisions"}],"wp:featuredmedia":[{"embeddable":true,"href":"https:\/\/www.europesays.com\/es\/wp-json\/wp\/v2\/media\/121170"}],"wp:attachment":[{"href":"https:\/\/www.europesays.com\/es\/wp-json\/wp\/v2\/media?parent=121169"}],"wp:term":[{"taxonomy":"category","embeddable":true,"href":"https:\/\/www.europesays.com\/es\/wp-json\/wp\/v2\/categories?post=121169"},{"taxonomy":"post_tag","embeddable":true,"href":"https:\/\/www.europesays.com\/es\/wp-json\/wp\/v2\/tags?post=121169"}],"curies":[{"name":"wp","href":"https:\/\/api.w.org\/{rel}","templated":true}]}}