{"id":121175,"date":"2025-09-17T16:41:07","date_gmt":"2025-09-17T16:41:07","guid":{"rendered":"https:\/\/www.europesays.com\/es\/121175\/"},"modified":"2025-09-17T16:41:07","modified_gmt":"2025-09-17T16:41:07","slug":"gustavo-marcaccio-nuevo-director-de-tenis-de-la-rafa-nadal-academy-by-movistar","status":"publish","type":"post","link":"https:\/\/www.europesays.com\/es\/121175\/","title":{"rendered":"Gustavo Marcaccio, nuevo director de tenis de la Rafa Nadal Academy by Movistar"},"content":{"rendered":"<p>Con motivo del arranque del nuevo curso acad\u00e9mico y ten\u00edstico, y en v\u00edsperas de celebrar su noveno aniversario, la <strong><a href=\"https:\/\/www.ultimahora.es\/etiqueta\/Rafa+Nadal+Academy.html?utm_source=Inline-tag&amp;utm_medium=internal\" rel=\"nofollow noopener\" target=\"_blank\">Rafa Nadal Academy<\/a> by Movistar ha presentado su nueva estructura en el \u00e1rea de <a href=\"https:\/\/www.ultimahora.es\/etiqueta\/tenis.html?utm_source=Inline-tag&amp;utm_medium=internal\" rel=\"nofollow noopener\" target=\"_blank\">tenis<\/a><\/strong>, basada en la continuidad y en el ADN que le ha caracterizado desde su apertura en 2016. El pasado mes de julio, en una emotiva despedida, <strong><a href=\"https:\/\/www.ultimahora.es\/etiqueta\/Rafa+Nadal.html?utm_source=Inline-tag&amp;utm_medium=internal\" rel=\"nofollow noopener\" target=\"_blank\">Rafa Nadal<\/a> agradeci\u00f3 p\u00fablicamente a Marc Gorriz su dedicaci\u00f3n, su esfuerzo y su compromiso<\/strong> en sus funciones como responsable de tenis de la academia. Y esta misma semana, el propio Rafa ha dado la bienvenida a <strong>Gustavo Marcaccio como nuevo Director de Tenis tanto de la academia de Manacor como de los centros<\/strong> que forman parte de la expansi\u00f3n internacional.<\/p>\n<p>Tras adquirir una gran experiencia en el circuito profesional, Marcaccio se incorpor\u00f3 a la Rafa Nadal Academy en 2021. Adem\u00e1s de coordinar diferentes grupos de jugadores en la Academia, uno de los principales roles en sus inicios fue el de <strong>sumarse al equipo de trabajo que llev\u00f3 las riendas de la carrera deportiva de Jaume Muna<\/strong>r, trabajando de la mano con Tomeu Salv\u00e0. Posteriormente trabaj\u00f3 con en el equipo de<strong> Mart\u00edn Landaluce<\/strong> y desde 2022 se incorpor\u00f3 al <strong>equipo t\u00e9cnico del propio Rafa Nadal<\/strong>, con el que trabaj\u00f3 mano a mano hasta la retirada del manacor\u00ed en noviembre de 2024.<\/p>\n<p>\u00abSer director de la Rafa Nadal Academy significa una <strong>gran responsabilidad<\/strong>, porque significa representar la visi\u00f3n y el legado de Rafa en la comunidad del tenis. Nuestro mayor objetivo es poder seguir el faro de Rafa dejando una huella en cada ni\u00f1o, en cada adulto y en cada jugador profesional que pase por la academia. Debemos estar atentos en cada detalle, cada d\u00eda. Con nuestro servicio en pista y con la interacci\u00f3n humana fuera ella. Luego, por supuesto, con nuestros estudiantes-deportistas, tenemos que <strong>seguir transmitiendo el impulso de Rafa<\/strong> a la hora de combinar el deporte y los estudios\u00bb, ha afirmado el t\u00e9cnico argentino.<\/p>\n<p>Tras su retirada del circuito profesional, Gustavo Marcaccio adquiri\u00f3 una gran experiencia como entrenador gracias a los \u00e9xitos cosechados con Guido Pella, Paula Ormaechea, Svetlana Kuznetsova, M\u00e1ximo Gonz\u00e1lez o Giovanni Lapenti. Aunque la mayor notoriedad como Coach la adquiri\u00f3 en la etapa en la que trabaj\u00f3 con <strong>Juan M\u00f3naco, al que ayud\u00f3 a conquistar 4 t\u00edtulos ATP<\/strong> y alcanzar el Top 10 del ranking mundial. Adem\u00e1s, Marcaccio ha trabajado con el equipo nacional argentino desempe\u00f1ando el papel de Sub-Capit\u00e1n del equipo de Copa Davis. \u00abMi relaci\u00f3n con Rafa comenz\u00f3 cuando yo estaba en el circuito. \u00c9l era un reci\u00e9n llegado al que hab\u00eda que seguir de cerca y, r\u00e1pidamente, se convirti\u00f3 en una estrella. Y s\u00ed, despu\u00e9s entren\u00e9 a algunos de sus rivales y amigos, y as\u00ed fue como empezamos a construir una peque\u00f1a relaci\u00f3n. Luego me invit\u00f3 a unirme a la Academia en el puesto de head coach y tambi\u00e9n a <strong>integrarme en el equipo de Jaume Munar<\/strong> antes de acabar ayud\u00e1ndole en sus dos \u00faltimos a\u00f1os de carrera ten\u00edstica\u00bb, ha relatado el bonaerense.<\/p>\n<p>En la composici\u00f3n del nuevo organigrama <strong>Tomeu Salv\u00e1<\/strong> asistir\u00e1 directamente a Gustavo como Codirector T\u00e9cnico. Ambos estar\u00e1n asistidos por la asesor\u00eda de <strong>Toni Nadal<\/strong> (embajador de la academia), por Marc Gorriz, (que se mantiene en el equipo, ahora en el rol de consultor t\u00e9cnico) y por <strong>Joel Figueras<\/strong>, responsable de formaci\u00f3n. En el equipo t\u00e9cnico de la academia destacan tambi\u00e9n los nombres de <strong>Anabel Medina<\/strong>,<strong> Pedro Clar<\/strong> y <strong>Joan Bosch<\/strong>, como entrenadores de algunos de los principales jugadores ATP y WTA de la academia: Casper Ruud, Alex Eala, Alina Korneeva o Coleman Wong. Adem\u00e1s, Iv\u00e1n Barrera y Mark Krauss se incorporan como responsables de los jugadores juniors y \u00c1lex Praderas de los adultos. Este equipo t\u00e9cnico, del que forman parte unos 60 entrenadores, se complementa con un gran equipo de preparadores f\u00edsicos, fisioterapeutas, psic\u00f3logos deportivos y nutricionistas que, apoyados por el <strong>equipo m\u00e9dico de Quir\u00f3n Salud<\/strong>, velan por el d\u00eda a d\u00eda de cada uno de los jugadores, ni\u00f1os o adultos, que forman parte de los programas de la academia. Figuras tan relevantes en la carrera de Rafa Nadal <strong>como Rafael Maym\u00f3 o el doctor \u00c1ngel Ruiz-Cotorro desempe\u00f1ar\u00e1n un papel fundamental en la asesor\u00eda del \u00e1rea de salud<\/strong> de la Academia.<\/p>\n","protected":false},"excerpt":{"rendered":"Con motivo del arranque del nuevo curso acad\u00e9mico y ten\u00edstico, y en v\u00edsperas de celebrar su noveno aniversario,&hellip;\n","protected":false},"author":2,"featured_media":121176,"comment_status":"","ping_status":"","sticky":false,"template":"","format":"standard","meta":{"footnotes":""},"categories":[274],"tags":[168,25,24,6894,28063,3439,23,167,327,326],"class_list":{"0":"post-121175","1":"post","2":"type-post","3":"status-publish","4":"format-standard","5":"has-post-thumbnail","7":"category-tenis","8":"tag-deportes","9":"tag-es","10":"tag-espana","11":"tag-rafa-nadal","12":"tag-rafa-nadal-academy","13":"tag-rafael-nadal","14":"tag-spain","15":"tag-sports","16":"tag-tenis","17":"tag-tennis"},"share_on_mastodon":{"url":"","error":""},"_links":{"self":[{"href":"https:\/\/www.europesays.com\/es\/wp-json\/wp\/v2\/posts\/121175","targetHints":{"allow":["GET"]}}],"collection":[{"href":"https:\/\/www.europesays.com\/es\/wp-json\/wp\/v2\/posts"}],"about":[{"href":"https:\/\/www.europesays.com\/es\/wp-json\/wp\/v2\/types\/post"}],"author":[{"embeddable":true,"href":"https:\/\/www.europesays.com\/es\/wp-json\/wp\/v2\/users\/2"}],"replies":[{"embeddable":true,"href":"https:\/\/www.europesays.com\/es\/wp-json\/wp\/v2\/comments?post=121175"}],"version-history":[{"count":0,"href":"https:\/\/www.europesays.com\/es\/wp-json\/wp\/v2\/posts\/121175\/revisions"}],"wp:featuredmedia":[{"embeddable":true,"href":"https:\/\/www.europesays.com\/es\/wp-json\/wp\/v2\/media\/121176"}],"wp:attachment":[{"href":"https:\/\/www.europesays.com\/es\/wp-json\/wp\/v2\/media?parent=121175"}],"wp:term":[{"taxonomy":"category","embeddable":true,"href":"https:\/\/www.europesays.com\/es\/wp-json\/wp\/v2\/categories?post=121175"},{"taxonomy":"post_tag","embeddable":true,"href":"https:\/\/www.europesays.com\/es\/wp-json\/wp\/v2\/tags?post=121175"}],"curies":[{"name":"wp","href":"https:\/\/api.w.org\/{rel}","templated":true}]}}