{"id":121179,"date":"2025-09-17T16:43:08","date_gmt":"2025-09-17T16:43:08","guid":{"rendered":"https:\/\/www.europesays.com\/es\/121179\/"},"modified":"2025-09-17T16:43:08","modified_gmt":"2025-09-17T16:43:08","slug":"el-desembarco-de-cadillac-en-la-formula-uno-suma-mas-identidad-estadounidense","status":"publish","type":"post","link":"https:\/\/www.europesays.com\/es\/121179\/","title":{"rendered":"El desembarco de Cadillac en la F\u00f3rmula Uno suma m\u00e1s identidad estadounidense"},"content":{"rendered":"<p class=\"article-body__paragraph\">La llegada oficial de Cadillac a la pr\u00f3xima temporada de la F\u00f3rmula Uno contin\u00faa sumando hitos, luego de que anunciara su alianza con Jim Beam como su patrocinador oficial.<\/p>\n<p class=\"article-body__paragraph\">La sociedad multimillonaria y multianual con la marca de bourbon refuerza la identidad estadounidense del equipo, puesto que se agrega al acuerdo firmado con la firma de ropa Tommy Hilfiger, otro \u00edcono de ese pa\u00eds.<\/p>\n<p class=\"article-body__paragraph\">De esta forma, el desembarco de la escuder\u00eda va tomando cada vez m\u00e1s forma.<\/p>\n<p><img alt=\"\" class=\"global-image\" decoding=\"async\"  src=\"https:\/\/www.europesays.com\/es\/wp-content\/uploads\/2025\/09\/THZRFUXTWBE47I666E6PTLYT74.jpg\"  fetchpriority=\"low\" loading=\"lazy\"\/>Hand-out <\/p>\n<p class=\"article-body__paragraph\">Hace unas semanas confirmaron a su dupla de pilotos, el finland\u00e9s Valtteri Bottas y el mexicano Sergio P\u00e9rez, que aportar\u00e1n experiencia en el \u201cGran Circo\u201d al novel team. <\/p>\n<p class=\"article-body__paragraph\">Ambos traen consigo trayectorias extensas en la F1, con numerosas carreras, podios y victorias, que le ser\u00e1n muy \u00fatiles al piloto de reserva, el californiano Colton Herta, en su preparaci\u00f3n para tomar un rol m\u00e1s protag\u00f3nico en un futuro no muy lejano.<\/p>\n<p class=\"article-body__paragraph\">Desde la direcci\u00f3n, figuras como Dan Towriss (director ejecutivo) y Graeme Lowdon (jefe de equipo) han sido enf\u00e1ticos en se\u00f1alar que el proyecto est\u00e1 desarroll\u00e1ndose \u201csobre la marcha\u201d: con plazos exigentes, m\u00faltiples frentes t\u00e9cnicos abiertos y una presi\u00f3n elevada para llegar bien preparado al arranque. <\/p>\n<p><img alt=\"\" class=\"global-image\" decoding=\"async\"  src=\"https:\/\/www.europesays.com\/es\/wp-content\/uploads\/2025\/09\/SEA5YFGKTJAI7BFH7RIWZLS5EA.jpeg\"  fetchpriority=\"low\" loading=\"lazy\"\/><\/p>\n<p class=\"article-body__paragraph\">Se est\u00e1 levantando una estructura con sedes en Estados Unidos y en el Reino Unido, laboratorios, instalaciones de dise\u00f1o, simulaci\u00f3n, aerodin\u00e1mica y producci\u00f3n que reflejan los ambiciosos planes de Cadillac en la F1.<\/p>\n<p class=\"article-body__paragraph\">Una pieza fundamental de esta estrategia es el compromiso de GM de desarrollar un motor propio para Cadillac, previsto para entrar en competencia hacia 2029. Hasta entonces, el equipo utilizar\u00e1 propulsores de Ferrari.<\/p>\n","protected":false},"excerpt":{"rendered":"La llegada oficial de Cadillac a la pr\u00f3xima temporada de la F\u00f3rmula Uno contin\u00faa sumando hitos, luego de&hellip;\n","protected":false},"author":2,"featured_media":121180,"comment_status":"","ping_status":"","sticky":false,"template":"","format":"standard","meta":{"footnotes":""},"categories":[270],"tags":[5331,168,25,24,306,271,272,39951,10,11007,23,167,7844],"class_list":{"0":"post-121179","1":"post","2":"type-post","3":"status-publish","4":"format-standard","5":"has-post-thumbnail","7":"category-formula-1","8":"tag-cadillac","9":"tag-deportes","10":"tag-es","11":"tag-espana","12":"tag-f1","13":"tag-formula-1","14":"tag-formula1","15":"tag-jim-beam","16":"tag-noticias","17":"tag-sergio-perez","18":"tag-spain","19":"tag-sports","20":"tag-valtteri-bottas"},"share_on_mastodon":{"url":"","error":""},"_links":{"self":[{"href":"https:\/\/www.europesays.com\/es\/wp-json\/wp\/v2\/posts\/121179","targetHints":{"allow":["GET"]}}],"collection":[{"href":"https:\/\/www.europesays.com\/es\/wp-json\/wp\/v2\/posts"}],"about":[{"href":"https:\/\/www.europesays.com\/es\/wp-json\/wp\/v2\/types\/post"}],"author":[{"embeddable":true,"href":"https:\/\/www.europesays.com\/es\/wp-json\/wp\/v2\/users\/2"}],"replies":[{"embeddable":true,"href":"https:\/\/www.europesays.com\/es\/wp-json\/wp\/v2\/comments?post=121179"}],"version-history":[{"count":0,"href":"https:\/\/www.europesays.com\/es\/wp-json\/wp\/v2\/posts\/121179\/revisions"}],"wp:featuredmedia":[{"embeddable":true,"href":"https:\/\/www.europesays.com\/es\/wp-json\/wp\/v2\/media\/121180"}],"wp:attachment":[{"href":"https:\/\/www.europesays.com\/es\/wp-json\/wp\/v2\/media?parent=121179"}],"wp:term":[{"taxonomy":"category","embeddable":true,"href":"https:\/\/www.europesays.com\/es\/wp-json\/wp\/v2\/categories?post=121179"},{"taxonomy":"post_tag","embeddable":true,"href":"https:\/\/www.europesays.com\/es\/wp-json\/wp\/v2\/tags?post=121179"}],"curies":[{"name":"wp","href":"https:\/\/api.w.org\/{rel}","templated":true}]}}