{"id":121181,"date":"2025-09-17T16:44:11","date_gmt":"2025-09-17T16:44:11","guid":{"rendered":"https:\/\/www.europesays.com\/es\/121181\/"},"modified":"2025-09-17T16:44:11","modified_gmt":"2025-09-17T16:44:11","slug":"unicaja-i-donde-ver-y-cuando-se-juega-el-unicaja-al-ahli-de-la-copa-intercontinental-2025","status":"publish","type":"post","link":"https:\/\/www.europesays.com\/es\/121181\/","title":{"rendered":"UNICAJA I D\u00f3nde ver y cu\u00e1ndo se juega el Unicaja-Al Ahli de la Copa Intercontinental 2025"},"content":{"rendered":"<p class=\"ft-text\"><strong>El Unicaja inicia este jueves en el Singapore Indoor Center su andadura en la Copa Intercontinental FIBA 2025.<\/strong> Por delante, tres partidos para tratar de revalidar el t\u00edtulo logrado hace ahora un a\u00f1o en este mismo escenario. <a class=\"ft-link ft-link--decoration\" href=\"https:\/\/www.laopiniondemalaga.es\/unicaja\/2025\/07\/17\/unicaja-conoce-camino-copa-intercontinental-singapur-119790187.html\" rel=\"nofollow noopener\" target=\"_blank\">El primero, contra el campe\u00f3n de \u00c1frica, el Al Ahli de Libia.<\/a><\/p>\n<p class=\"ft-text\">Los verdes arrancan oficialmente la temporada en la lejana ciudad-estado asi\u00e1tica, con la <strong>duda de Nihad Djedovic<\/strong> y con una plantilla renovada respecto a la de las \u00faltimas temporadas.<\/p>\n<p>14 jugadores<\/p>\n<p class=\"ft-text\">Con 14 jugadores en la expedici\u00f3n, I<strong>bon Navarro deber\u00e1 hacer dos descartes<\/strong>, teniendo en cuenta que seis de los 12 convocados para cada partido tienen que ser jugadores \u00abcupo\u00bb, por lo que uno de los 7 extranjeros de la actual plantilla cajista <strong>(Perry, Kalinoski, Casta\u00f1eda, Duarte, Tillie, Webb III y Kravish)<\/strong> deber\u00e1 quedarse fuera de los elegidos para cada partido.<\/p>\n<p>Horario del Unicaja-Al Ahli<\/p>\n<p class=\"ft-text\">El partido contra el equipo africano se jugar\u00e1 este<strong> jueves, 18 de septiembre, a partir de las 14 horas,<\/strong> en el Singapore Indoor Center.<\/p>\n<p>\u00bfD\u00f3nde se podr\u00e1 ver por TV?<\/p>\n<p class=\"ft-text\"><a class=\"ft-link ft-link--decoration\" href=\"https:\/\/www.laopiniondemalaga.es\/unicaja\/2025\/09\/13\/ibon-navarro-singapur-repetir-titulo-intercontinental-copa-andalucia-121543228.html\" rel=\"nofollow noopener\" target=\"_blank\">El choque de la Copa Intercontinental<\/a> podr\u00e1 seguirse por televisi\u00f3n <strong>a trav\u00e9s de las c\u00e1maras de 101 Televisi\u00f3n y tambi\u00e9n por RTVE Play. Se ver\u00e1 en diferido, a partir de las 15.30 horas, por Teledeporte.<\/strong> Al concluir el partido, se podr\u00e1 leer la cr\u00f3nica y todo lo que ocurra en el partido en <a class=\"ft-link ft-link--decoration\" href=\"https:\/\/www.laopiniondemalaga.es\/unicaja\/\" rel=\"nofollow noopener\" target=\"_blank\">el sitio web de La Opini\u00f3n de M\u00e1laga<\/a>.<\/p>\n","protected":false},"excerpt":{"rendered":"El Unicaja inicia este jueves en el Singapore Indoor Center su andadura en la Copa Intercontinental FIBA 2025.&hellip;\n","protected":false},"author":2,"featured_media":121182,"comment_status":"","ping_status":"","sticky":false,"template":"","format":"standard","meta":{"footnotes":""},"categories":[269],"tags":[39952,299,298,38277,168,25,24,319,1429,23,167,807,214,2246,809],"class_list":{"0":"post-121181","1":"post","2":"type-post","3":"status-publish","4":"format-standard","5":"has-post-thumbnail","7":"category-baloncesto","8":"tag-ahli","9":"tag-baloncesto","10":"tag-basketball","11":"tag-copa-intercontinental","12":"tag-deportes","13":"tag-es","14":"tag-espana","15":"tag-horario","16":"tag-plantilla","17":"tag-spain","18":"tag-sports","19":"tag-television","20":"tag-tv","21":"tag-unicaja","22":"tag-ver"},"share_on_mastodon":{"url":"","error":""},"_links":{"self":[{"href":"https:\/\/www.europesays.com\/es\/wp-json\/wp\/v2\/posts\/121181","targetHints":{"allow":["GET"]}}],"collection":[{"href":"https:\/\/www.europesays.com\/es\/wp-json\/wp\/v2\/posts"}],"about":[{"href":"https:\/\/www.europesays.com\/es\/wp-json\/wp\/v2\/types\/post"}],"author":[{"embeddable":true,"href":"https:\/\/www.europesays.com\/es\/wp-json\/wp\/v2\/users\/2"}],"replies":[{"embeddable":true,"href":"https:\/\/www.europesays.com\/es\/wp-json\/wp\/v2\/comments?post=121181"}],"version-history":[{"count":0,"href":"https:\/\/www.europesays.com\/es\/wp-json\/wp\/v2\/posts\/121181\/revisions"}],"wp:featuredmedia":[{"embeddable":true,"href":"https:\/\/www.europesays.com\/es\/wp-json\/wp\/v2\/media\/121182"}],"wp:attachment":[{"href":"https:\/\/www.europesays.com\/es\/wp-json\/wp\/v2\/media?parent=121181"}],"wp:term":[{"taxonomy":"category","embeddable":true,"href":"https:\/\/www.europesays.com\/es\/wp-json\/wp\/v2\/categories?post=121181"},{"taxonomy":"post_tag","embeddable":true,"href":"https:\/\/www.europesays.com\/es\/wp-json\/wp\/v2\/tags?post=121181"}],"curies":[{"name":"wp","href":"https:\/\/api.w.org\/{rel}","templated":true}]}}