{"id":121185,"date":"2025-09-17T16:46:13","date_gmt":"2025-09-17T16:46:13","guid":{"rendered":"https:\/\/www.europesays.com\/es\/121185\/"},"modified":"2025-09-17T16:46:13","modified_gmt":"2025-09-17T16:46:13","slug":"sirat-de-oliver-laxe-representara-a-espana-en-los-oscar-2026-2","status":"publish","type":"post","link":"https:\/\/www.europesays.com\/es\/121185\/","title":{"rendered":"&#8216;Sir\u00e2t&#8217;, de Oliver Laxe, representar\u00e1 a Espa\u00f1a en los Oscar 2026"},"content":{"rendered":"<p><a class=\"v-mdl-ath__fig-a\" href=\"https:\/\/www.elcorreo.com\/autor\/iker-cortes-110.html\" title=\"Iker Cort\u00e9s\" rel=\"nofollow noopener\" target=\"_blank\"><br \/>\n<img decoding=\"async\" class=\"v-mdl-ath__img\" src=\"https:\/\/www.europesays.com\/es\/wp-content\/uploads\/2025\/08\/autor-110-foto-2.jpeg\" alt=\"Iker Cort\u00e9s\"\/><br \/>\n<\/a><\/p>\n<p class=\"v-mdl-ath__p v-mdl-ath__p--6\">\nMi\u00e9rcoles, 17 de septiembre 2025, 12:53<\/p>\n<p>| Actualizado 13:33h.<\/p>\n<p class=\"v-p\">&#8216;Sir\u00e2t&#8217;, la descomunal pel\u00edcula de Oliver Laxe, inicia su carrera hacia los Oscar. La Academia de las Artes y las Ciencias Cinematogr\u00e1ficas de Espa\u00f1a ha seleccionado finalmente la \u00faltima cinta del cineasta de &#8216;O que arde&#8217; para representar a Espa\u00f1a en la categor\u00eda de mejor pel\u00edcula internacional en la 98\u00aa edici\u00f3n de los premios Oscar, imponi\u00e9ndose as\u00ed a &#8216;Romer\u00eda&#8217;, de Carla Sim\u00f3n, y &#8216;Sorda&#8217;, de Eva Libertad, las otras dos preseleccionadas.<\/p>\n<p class=\"v-p\">Ha sido el cineasta Pablo Berger quien ha anunciado el nombre del largometraje, que fue una de las grandes sorpresas de la temporada cuando se estren\u00f3 all\u00e1 por febrero. Sensorial, hipn\u00f3tica y brutal, la pel\u00edcula sigue a Luis, al que da vida Sergi L\u00f3pez, y a su hijo Esteban, a su llegada a una rave perdida en medio de las monta\u00f1as del sur de Marruecos. Busca a su hija, que desapareci\u00f3 hace unos meses en una de esas fiestas, pero al no encontrarla decide seguir a un grupo hasta otra celebraci\u00f3n que tendr\u00e1 lugar en pleno desierto.<\/p>\n<p><a href=\"http:\/\/www.elcorreo.com\/pantallas\/cine\/cine-experimentan-emociones-fuertes-sentimos-vidas-20250602004647-ntrc.html#vtm_modulosEngag=mod-rel:pantallas:noticia:1:cmp:1-not\" class=\"v-a-link\" aria-label=\"Imagen\" rel=\"nofollow noopener\" target=\"_blank\"><\/p>\n<p><img decoding=\"async\" loading=\"lazy\" src=\"https:\/\/www.europesays.com\/es\/wp-content\/uploads\/2025\/09\/oliver-laxe-komG--366x256@RC.jpg\" class=\"v-a-img\" width=\"258\" height=\"180\" alt=\"\" data-voc-vtm-id=\"in-text-traffic\"\/><\/p>\n<p><\/a><\/p>\n<p class=\"v-p\">Pero la carrera hacia el Oscar a la mejor pel\u00edcula internacional es una carrera de fondo. &#8216;Sir\u00e2t&#8217; debe a\u00fan pasar dos cortes. El primero llegar\u00e1 el 16 de diciembre, cuando se anuncie la llamada &#8216;shortlist&#8217;, con diez pel\u00edculas, el segundo, el 22 de enero, cuando se decidan las cinco finalistas. La ceremonia de entrega de la 98\u00aa edici\u00f3n de los Oscar se celebrar\u00e1 el 15 de marzo de 2026. El a\u00f1o pasado la candidatura espa\u00f1ola recay\u00f3 en &#8216;Segundo Premio&#8217;, de Isaki Lacuesta y Pol Rodr\u00edguez, que no logr\u00f3 entrar entre las cinco finalistas a los Oscar.<\/p>\n<p class=\"v-p\">Llena de im\u00e1genes poderosas, contaba Laxe en una entrevista concedida a este peri\u00f3dico que la cinta surgi\u00f3 porque \u00aben una sociedad tan tanatof\u00f3bica, que ha extirpado la muerte\u00bb, el necesitaba \u00abexperimentarla, meditarla o vivirla\u00bb. \u00abEsta pel\u00edcula es una trampa para que, en este momento de tanta distracci\u00f3n y de tanta narcosis en el que estamos, miremos un poco adentro, que es la \u00fanica manera de ser libres y de tener menos angustia\u00bb, aseguraba.<\/p>\n<p class=\"v-p\">At\u00edpica pel\u00edcula de aventuras, su fotograf\u00eda y su sonido la dejan inevitablemente anclada en la memoria y as\u00ed lo ha debido ver Neon, prestigiosa distribuidora de cine independiente responsable de otras ganadoras del Oscar como &#8216;Par\u00e1sitos&#8217;, que estrenar\u00e1 la cinta en EE UU en noviembre. Ser\u00e1 un buen espaldarazo para una cinta que solo en Espa\u00f1a ha superado ya los 2,5 millones de euros de recaudaci\u00f3n.<\/p>\n<p class=\"v-p\">Galardonada con el Premio del Jurado en el Festival de Cannes, su \u00e9xito no ha dejado de crecer porque la cinta desembarc\u00f3 el pasado 10 de septiembre en un total de 311 cines de Francia, distribuida por Pyramide Films, lo que ha llevado a la pel\u00edcula a ocupar el tercer puesto en el r\u00e1nking franc\u00e9s, despachando m\u00e1s de 142.000 entradas desde su estreno.<\/p>\n<p><img decoding=\"async\" loading=\"lazy\" src=\"https:\/\/www.europesays.com\/es\/wp-content\/uploads\/2025\/09\/22107-32-scan-01-kgYE--1200x841@RC.jpg\" class=\"v-mdl__img-z\" width=\"1200\" height=\"841\" alt=\"Imagen principal - 'Sir\u00e2t', de Oliver Laxe, representar\u00e1 a Espa\u00f1a en los Oscar 2026\"\/><\/p>\n<p><img decoding=\"async\" loading=\"lazy\" src=\"https:\/\/www.europesays.com\/es\/wp-content\/uploads\/2025\/09\/21688-6-scan-05-kgYE--1200x851@RC.jpg\" class=\"v-mdl__img-z\" width=\"1200\" height=\"851\" alt=\"Imagen secundaria 1 - 'Sir\u00e2t', de Oliver Laxe, representar\u00e1 a Espa\u00f1a en los Oscar 2026\"\/><\/p>\n<p><img decoding=\"async\" loading=\"lazy\" src=\"https:\/\/www.europesays.com\/es\/wp-content\/uploads\/2025\/09\/_V__2478-kgYE--711x841@RC.jpg\" class=\"v-mdl__img-z\" width=\"711\" height=\"841\" alt=\"Imagen secundaria 2 - 'Sir\u00e2t', de Oliver Laxe, representar\u00e1 a Espa\u00f1a en los Oscar 2026\"\/><\/p>\n<p class=\"v-p\">En cuanto a su producci\u00f3n, &#8216;Sir\u00e2t&#8217; es una coproducci\u00f3n entre Espa\u00f1a y Francia, respaldada en parte por El Deseo, la productora de Pedro y Agust\u00edn Almod\u00f3var. <\/p>\n<p>Comenta<\/p>\n<p>Reporta un error<\/p>\n","protected":false},"excerpt":{"rendered":"Mi\u00e9rcoles, 17 de septiembre 2025, 12:53 | Actualizado 13:33h. &#8216;Sir\u00e2t&#8217;, la descomunal pel\u00edcula de Oliver Laxe, inicia su&hellip;\n","protected":false},"author":2,"featured_media":121186,"comment_status":"","ping_status":"","sticky":false,"template":"","format":"standard","meta":{"footnotes":""},"categories":[174],"tags":[3076,255,146,147,25,24,256,39954,11991,39955,38931,39953,23],"class_list":{"0":"post-121185","1":"post","2":"type-post","3":"status-publish","4":"format-standard","5":"has-post-thumbnail","7":"category-famosos","8":"tag-3076","9":"tag-celebrities","10":"tag-entertainment","11":"tag-entretenimiento","12":"tag-es","13":"tag-espana","14":"tag-famosos","15":"tag-laxe","16":"tag-oliver","17":"tag-oscares","18":"tag-representara","19":"tag-sirat","20":"tag-spain"},"share_on_mastodon":{"url":"","error":""},"_links":{"self":[{"href":"https:\/\/www.europesays.com\/es\/wp-json\/wp\/v2\/posts\/121185","targetHints":{"allow":["GET"]}}],"collection":[{"href":"https:\/\/www.europesays.com\/es\/wp-json\/wp\/v2\/posts"}],"about":[{"href":"https:\/\/www.europesays.com\/es\/wp-json\/wp\/v2\/types\/post"}],"author":[{"embeddable":true,"href":"https:\/\/www.europesays.com\/es\/wp-json\/wp\/v2\/users\/2"}],"replies":[{"embeddable":true,"href":"https:\/\/www.europesays.com\/es\/wp-json\/wp\/v2\/comments?post=121185"}],"version-history":[{"count":0,"href":"https:\/\/www.europesays.com\/es\/wp-json\/wp\/v2\/posts\/121185\/revisions"}],"wp:featuredmedia":[{"embeddable":true,"href":"https:\/\/www.europesays.com\/es\/wp-json\/wp\/v2\/media\/121186"}],"wp:attachment":[{"href":"https:\/\/www.europesays.com\/es\/wp-json\/wp\/v2\/media?parent=121185"}],"wp:term":[{"taxonomy":"category","embeddable":true,"href":"https:\/\/www.europesays.com\/es\/wp-json\/wp\/v2\/categories?post=121185"},{"taxonomy":"post_tag","embeddable":true,"href":"https:\/\/www.europesays.com\/es\/wp-json\/wp\/v2\/tags?post=121185"}],"curies":[{"name":"wp","href":"https:\/\/api.w.org\/{rel}","templated":true}]}}