{"id":121187,"date":"2025-09-17T16:47:09","date_gmt":"2025-09-17T16:47:09","guid":{"rendered":"https:\/\/www.europesays.com\/es\/121187\/"},"modified":"2025-09-17T16:47:09","modified_gmt":"2025-09-17T16:47:09","slug":"las-actividades-que-se-celebraran-en-barcelona-como-capital-mundial-de-la-arquitectura","status":"publish","type":"post","link":"https:\/\/www.europesays.com\/es\/121187\/","title":{"rendered":"Las actividades que se celebrar\u00e1n en Barcelona como Capital Mundial de la Arquitectura"},"content":{"rendered":"<p data-gtm-element-container=\"modulo-texto-link\" class=\"paragraph\">Barcelona ser\u00e1 la Capital Mundial de la Arquitectura de la Unesco el pr\u00f3ximo a\u00f1o. Su designaci\u00f3n por la asamblea de la Uni\u00f3n Internacional de Arquitectos (UIA) se dio a conocer en el 2021 tras imponerse a Pek\u00edn. La fecha de celebraci\u00f3n se acerca y pondr\u00e1 a la ciudad en el foco mundial arquitect\u00f3nico, justo en un 2026 que coincidir\u00e1 con el centenario de la muerte de Antoni Gaud\u00ed y los 150 a\u00f1os de la defunci\u00f3n de Ildefons Cerd\u00e0.\u00a0<\/p>\n<p data-gtm-element-container=\"modulo-texto-link\" class=\"paragraph\">Sin prisas pero sin pausa y con discreci\u00f3n,  las instituciones y los diferentes agentes implicados del sector trabajan de forma conjunta desde hace tiempo para dotar de contenido el programa de este acontecimiento internacional.<\/p>\n<p data-gtm-element-container=\"modulo-texto-link\" class=\"paragraph\">En un acto celebrado en la antigua editorial Gustavo Gili del Eixample, edificio ic\u00f3nico del racionalismo catal\u00e1n, se adelant\u00f3 hoy a los medios de comunicaci\u00f3n algunas de las actividades que Barcelona impulsar\u00e1 con el objetivo de divulgar la arquitectura entre la ciudadan\u00eda y explicar que se trata de una disciplina con una \u201cpotencia transformadora positiva en nuestra sociedad\u201d, tal como ha destacado hoy la arquitecta jefe municipal del Ayuntamiento, Maria Buhigas.<\/p>\n<p>                <img loading=\"lazy\" decoding=\"async\" data-full-src=\"https:\/\/www.lavanguardia.com\/uploads\/2025\/09\/17\/68caa1f16147c.jpeg\" alt=\"Horizontal\" width=\"449\" height=\"299\" src=\"https:\/\/www.europesays.com\/es\/wp-content\/uploads\/2025\/09\/68caa1f16147c.jpeg\" class=\"lazy\"\/><\/p>\n<p class=\"caption-title \">El alcalde Jaume Collboni, con la consellera S\u00edlvia Paneque, el Secretario General de Agenda Urbana, Vivienda y Arquitectura, I\u00f1aqui Carnicero, y la arquitecta jefa municipal, Maria Buhigas<\/p>\n<p>                    Joan Mateu Parra \/ Shooting<\/p>\n<p data-gtm-element-container=\"modulo-texto-link\" class=\"paragraph\">En este avance del programa, se concretaron las fechas de la celebraci\u00f3n de esta capitalidad. Durar\u00e1 diez meses, empezar\u00e1 el 12 de febrero, el d\u00eda de Santa Eul\u00e0lia, y acabar\u00e1 para Santa Ll\u00facia, el 13 de diciembre.\u00a0<\/p>\n<p data-gtm-element-container=\"modulo-texto-link\" class=\"paragraph\">En total, se organizar\u00e1n m\u00e1s de un millar de actividades repartidas en diferentes espacios por toda la ciudad, como en centros c\u00edvicos, museos, mercados municipales, bibliotecas y tambi\u00e9n en plazas y calles de la ciudad. Con una voluntad descentralizadora, uno de los distritos ser\u00e1 el lugar de referencia cada mes, comenzando por el Eixample y concluyendo por Ciutat Vella.\u00a0<\/p>\n<p>De exposiciones a conferencias\u00a0<\/p>\n<p data-gtm-element-container=\"modulo-texto-link\" class=\"paragraph\">En cuanto al contenido, habr\u00e1 diferentes exposiciones, conferencias, talleres, rutas y visitas guiadas para acercar el patrimonio arquitect\u00f3nico barcelon\u00e9s a la poblaci\u00f3n. Por ejemplo, en la antigua sede de la Editorial Gustavo Gili se mostrar\u00e1 los proyectos urban\u00edsticos que transformar\u00e1n la ciudad en la pr\u00f3xima d\u00e9cada o se organizar\u00e1 una muestra para explorar la relaci\u00f3n entre la obra de Picasso y la arquitectura en el museo de la ciudad que lleva su nombre.\u00a0<\/p>\n<p data-gtm-element-container=\"modulo-texto-link\" class=\"paragraph\">Tambi\u00e9n se dedicar\u00e1 exposiciones a otros nombres destacados que han dejado huella en la configuraci\u00f3n de Barcelona, como el arquitecto modernista Josep Maria Jujol, colaborador estrecho de Gaud\u00ed, o el arquitecto y paisajista Nicolau Maria Rubi\u00f3 i Tudur\u00ed. Las exposiciones tendr\u00e1n una duraci\u00f3n entre tres y seis meses.\u00a0<\/p>\n<p data-gtm-element-container=\"modulo-texto-link\" class=\"paragraph\">Por otro lado, el Congreso Mundial de Arquitectura de la UIA se celebrar\u00e1 del 28 de junio al 2 de julio. Aunque ayer no se desvelaron nombres, el congreso contar\u00e1 con profesionales destacados del sector y ser\u00e1 la segunda vez en la historia que Barcelona lo acoja, tras hacerlo en 1996, cuatro a\u00f1os despu\u00e9s de la cita ol\u00edmpica.<\/p>\n<p>        Lee tambi\u00e9n<\/p>\n<p>    Teresa Ses\u00e9<\/p>\n<p>             <img loading=\"lazy\" decoding=\"async\" data-full-src=\"https:\/\/www.lavanguardia.com\/uploads\/2021\/07\/28\/61012d0d6def6.jpeg\" alt=\"aaaaaaa\" width=\"104\" height=\"108\" src=\"https:\/\/www.europesays.com\/es\/wp-content\/uploads\/2025\/09\/61012d0d6def6.jpeg\" class=\"lazy\"\/><\/p>\n<p data-gtm-element-container=\"modulo-texto-link\" class=\"paragraph\">La Capital Mundial de la Arquitectura tambi\u00e9n quiere dejar un legado tras su celebraci\u00f3n. Esto se concretar\u00e1 con la construcci\u00f3n de una nueva maqueta de Barcelona a gran escala, de 11 metros por nueve metros, que servir\u00e1 para explicar \u201cel pasado, presente y futuro\u201d de la ciudad, tal como avanz\u00f3 Buhigas. Su construcci\u00f3n est\u00e1 en marcha y se est\u00e1 grabando su proceso de elaboraci\u00f3n.\u00a0<\/p>\n<p data-gtm-element-container=\"modulo-texto-link\" class=\"paragraph\">Adem\u00e1s, el Ayuntamiento lanz\u00f3 un concurso internacional con la Fundaci\u00f3n Mies van der Rohe para remodelar diez paredes medianeras de edificios, ubicados uno en cada distrito, y transformarlas en nuevas fachadas. Las obras de esta iniciativa, dirigida a j\u00f3venes arquitectos, se iniciar\u00e1n en los pr\u00f3ximos meses.<\/p>\n<p>Unidad institucional\u00a0<\/p>\n<p data-gtm-element-container=\"modulo-texto-link\" class=\"paragraph\">Durante la presentaci\u00f3n, se escenific\u00f3 la unidad y la voluntad colaborativa entre las diferentes administraciones para impulsar esta capitalidad arquitect\u00f3nica de Barcelona. El acto cont\u00f3 con la presencia del alcalde Jaume Collboni, as\u00ed como de la consellera de Territori, Habitatge i Transici\u00f3 Ecol\u00f3gica de la Generalitat, S\u00edlvia Paneque, y el Secretario General de Agenda Urbana, Vivienda y Arquitectura del Ministerio de Vivienda y Agenda Urbana, I\u00f1aqui Carnicero.<\/p>\n<p data-gtm-element-container=\"modulo-texto-link\" class=\"paragraph\">Collboni resalt\u00f3 la importancia de la arquitectura y del urbanismo para mejorar la calidad de vida de los ciudadanos y hacer frente a desaf\u00edos globales contempor\u00e1neos como la falta de vivienda o el cambio clim\u00e1tico. Tambi\u00e9n hizo hincapi\u00e9 en que la programaci\u00f3n de este evento es un \u201ctrabajo colectivo\u201d realizado \u201cde abajo arriba\u201d, con la implicaci\u00f3n de m\u00e1s de un centenar de entidades, con colegios profesionales, escuelas de dise\u00f1o y otras organizaciones culturales.\u00a0<\/p>\n<p data-gtm-element-container=\"modulo-texto-link\" class=\"paragraph\">Por su parte, Paneque remarc\u00f3 que este evento para el Govern supone una \u201cgran alianza de pa\u00eds\u201d y a\u00f1adi\u00f3 que la arquitectura no es solo \u201cconstrucci\u00f3n\u201d, sino tambi\u00e9n cultura, econom\u00eda y \u201csobre todo convivencia c\u00edvica\u201d. \u201cEste acontecimiento situar\u00e1 a Barcelona en el epicentro del debate arquitect\u00f3nico internacional y servir\u00e1 que decidamos entre todos mostrar c\u00f3mo queremos vivir\u201d, concluy\u00f3 Carnicero. El presupuesto para impulsar este acontecimiento asciende a 11 millones, aportados de forma equitativa entre las tres instituciones.<\/p>\n","protected":false},"excerpt":{"rendered":"Barcelona ser\u00e1 la Capital Mundial de la Arquitectura de la Unesco el pr\u00f3ximo a\u00f1o. Su designaci\u00f3n por la&hellip;\n","protected":false},"author":2,"featured_media":121188,"comment_status":"","ping_status":"","sticky":false,"template":"","format":"standard","meta":{"footnotes":""},"categories":[173],"tags":[229,233,231,230,232,234,146,147,25,24,23],"class_list":{"0":"post-121187","1":"post","2":"type-post","3":"status-publish","4":"format-standard","5":"has-post-thumbnail","7":"category-arte-y-diseno","8":"tag-arte","9":"tag-arte-y-diseno","10":"tag-arts","11":"tag-arts-and-design","12":"tag-design","13":"tag-diseno","14":"tag-entertainment","15":"tag-entretenimiento","16":"tag-es","17":"tag-espana","18":"tag-spain"},"share_on_mastodon":{"url":"","error":""},"_links":{"self":[{"href":"https:\/\/www.europesays.com\/es\/wp-json\/wp\/v2\/posts\/121187","targetHints":{"allow":["GET"]}}],"collection":[{"href":"https:\/\/www.europesays.com\/es\/wp-json\/wp\/v2\/posts"}],"about":[{"href":"https:\/\/www.europesays.com\/es\/wp-json\/wp\/v2\/types\/post"}],"author":[{"embeddable":true,"href":"https:\/\/www.europesays.com\/es\/wp-json\/wp\/v2\/users\/2"}],"replies":[{"embeddable":true,"href":"https:\/\/www.europesays.com\/es\/wp-json\/wp\/v2\/comments?post=121187"}],"version-history":[{"count":0,"href":"https:\/\/www.europesays.com\/es\/wp-json\/wp\/v2\/posts\/121187\/revisions"}],"wp:featuredmedia":[{"embeddable":true,"href":"https:\/\/www.europesays.com\/es\/wp-json\/wp\/v2\/media\/121188"}],"wp:attachment":[{"href":"https:\/\/www.europesays.com\/es\/wp-json\/wp\/v2\/media?parent=121187"}],"wp:term":[{"taxonomy":"category","embeddable":true,"href":"https:\/\/www.europesays.com\/es\/wp-json\/wp\/v2\/categories?post=121187"},{"taxonomy":"post_tag","embeddable":true,"href":"https:\/\/www.europesays.com\/es\/wp-json\/wp\/v2\/tags?post=121187"}],"curies":[{"name":"wp","href":"https:\/\/api.w.org\/{rel}","templated":true}]}}