{"id":121197,"date":"2025-09-17T16:52:09","date_gmt":"2025-09-17T16:52:09","guid":{"rendered":"https:\/\/www.europesays.com\/es\/121197\/"},"modified":"2025-09-17T16:52:09","modified_gmt":"2025-09-17T16:52:09","slug":"tension-en-el-real-madrid-por-la-suplencia-de-vinicius-en-champions-league-el-sugestivo-mensaje-del-brasileno","status":"publish","type":"post","link":"https:\/\/www.europesays.com\/es\/121197\/","title":{"rendered":"Tensi\u00f3n en el Real Madrid por la suplencia de Vinicius en Champions League: el sugestivo mensaje del brasile\u00f1o"},"content":{"rendered":"<p><img alt=\"Vinicius Jr fue suplente en\" class=\"global-image\" decoding=\"async\" fetchpriority=\"high\" height=\"2632\" loading=\"eager\" src=\"https:\/\/www.europesays.com\/es\/wp-content\/uploads\/2025\/09\/6NK6G3WJVZFI7OW3HY3UNHDZKA.jpg\" width=\"3832\"\/>Vinicius Jr fue suplente en el \u00faltimo partido del Real Madrid (Reuters)<\/p>\n<p class=\"paragraph\">La suplencia de\u00a0<b>Vinicius Junior<\/b>\u00a0frente al\u00a0<b>Olympique de Marsella<\/b>\u00a0en el debut de la <b>Champions League<\/b> gener\u00f3 impacto tanto dentro como fuera del vestuario del\u00a0<b>Real Madrid<\/b>.\u00a0El brasile\u00f1o, habituado a ser una de las piezas clave en el ataque,<b> comenz\u00f3 el duelo desde el banco <\/b>y mostr\u00f3 una actitud seria mientras esperaba su oportunidad. Al sonar el silbato del descanso, sali\u00f3 del banquillo antes que sus compa\u00f1eros, reflejo de su descontento por la decisi\u00f3n t\u00e9cnica.<\/p>\n<p class=\"paragraph\">Cuando\u00a0<b>Xabi Alonso<\/b>, entrenador del\u00a0<b>Real Madrid<\/b>, decidi\u00f3 incorporar a Vinicius a los 63 minutos por Rodrygo, el extremo <b>logr\u00f3 forzar un penal <\/b>que contribuy\u00f3 al 2-1 provisional, transformado por\u00a0<b>Kylian Mbapp\u00e9<\/b>. Sin embargo, ni el desenlace de la jugada ni el gol desataron en Vinicius la euforia a la que hab\u00eda acostumbrado a la afici\u00f3n.<\/p>\n<p class=\"paragraph\">La elecci\u00f3n de dejar al delantero en el banquillo ha levantado interrogantes sobre <b>su actual estatus en el plantel.<\/b> Consultado al respecto,\u00a0<b>Xabi Alonso<\/b>\u00a0sostuvo ante los medios tras el triunfo: \u201cEstamos en un momento muy exigente y necesitamos a todos. Queremos tener a todos conectados, a Vini, Mastantuono, Rodrygo&#8230; <b>\u00bfSi he hablado con Vini? Eso se queda en Valdebebas, pero va a haber momentos para todos\u201d.<\/b> El entrenador subray\u00f3, adem\u00e1s, la importancia de quienes ingresan desde el banco:<b> \u201cNadie se tiene que sentir ofendido por quedarse en el banquillo. <\/b>Y los cambios est\u00e1n teniendo un impacto muy bueno en el partido\u201d, replic\u00f3.<\/p>\n<p><img alt=\"Vinicius Jr public\u00f3 un mensaje\" class=\"global-image\" decoding=\"async\" fetchpriority=\"low\" height=\"1280\" loading=\"lazy\" src=\"https:\/\/www.europesays.com\/es\/wp-content\/uploads\/2025\/09\/5WA54LAFANBSBLT6KYBXEXFLNM.jpg\" width=\"1920\"\/>Vinicius Jr public\u00f3 un mensaje en sus redes sociales <\/p>\n<p class=\"paragraph\">A este panorama se suma un inicio de temporada irregular para\u00a0<b>Vinicius<\/b>. Sus recientes suplencias, primero frente al\u00a0<b>Real Oviedo<\/b>\u00a0en Liga y, especialmente, ante el\u00a0<b>Marsella<\/b>\u00a0en el estreno europeo, han provocado incertidumbre sobre su lugar en un equipo donde las jerarqu\u00edas parecen haber cambiado.\u00a0Marca\u00a0describi\u00f3 que \u201cel t\u00e9cnico entiende que Vinicius sigue siendo diferencial, pero <b>no le concede el estatus de intocable. Debe gan\u00e1rselo cada fin de semana\u201d.<\/b><\/p>\n<p class=\"paragraph\">Por ahora, el principal foco del club blanco es\u00a0<b>Kylian Mbapp\u00e9<\/b>, quien desde el comienzo de la temporada 2025\/26 ha recibido el respaldo institucional y del vestuario como <b>nuevo l\u00edder<\/b>. Su designaci\u00f3n como lanzador exclusivo de penaltis y la herencia del dorsal 10 \u2014antes propiedad de\u00a0<b>Luka Modric<\/b>\u2014 marcaron un cambio de paradigma. El atacante franc\u00e9s aport\u00f3 goles y jerarqu\u00eda en las primeras fechas, mientras que <b>el protagonismo de Vinicius en el campo y en el imaginario del madridismo se redujo.<\/b><\/p>\n<p class=\"paragraph\">El equipo t\u00e9cnico sostiene que todo responde a una pol\u00edtica de rotaciones. Para\u00a0<b>Xabi Alonso<\/b>, la alternancia entre\u00a0<b>Vinicius<\/b>\u00a0y\u00a0<b>Rodrygo<\/b>\u00a0en la banda izquierda es clave hasta que alguno logre disputar el puesto de forma indiscutible. No obstante, en la lista restringida de futbolistas indiscutibles del entrenador vasco solo figuran tres nombres al inicio:\u00a0<b>Thibaut Courtois,<\/b>\u00a0<b>Aur\u00e9lien Tchouam\u00e9ni<\/b>, referente en el centro del campo y\u00a0<b>Kylian Mbapp\u00e9<\/b>, la nueva estrella.<\/p>\n<p><img alt=\"\" class=\"global-image\" decoding=\"async\" fetchpriority=\"low\" height=\"3447\" loading=\"lazy\" src=\"https:\/\/www.europesays.com\/es\/wp-content\/uploads\/2025\/09\/3DEBYMFU45CUHGVC7T5YVGR5MI.jpg\" width=\"1920\"\/><\/p>\n<p class=\"paragraph\">El futuro inmediato del atacante brasile\u00f1o tambi\u00e9n mantiene expectante a la afici\u00f3n. La renovaci\u00f3n de su contrato, que parec\u00eda acordada en febrero, a\u00fan no se ha hecho efectiva.\u00a0<b>Vinicius tiene v\u00ednculo hasta junio de 2027 y ha reiterado su intenci\u00f3n de continuar<\/b>, aunque el retraso en la firma ha generado especulaciones. <\/p>\n<p class=\"paragraph\">Mientras tanto, el propio futbolista aliment\u00f3 el debate en redes sociales, donde comparti\u00f3 una publicaci\u00f3n con la letra de una canci\u00f3n: <b>\u201cY yo, probado y purificado, sin ego alguno me mantuve en el podio<\/b>. Y los premios que gan\u00e9, esa mierda no me hizo el mejor. Es que siempre hay alguien m\u00e1s talentoso, pero desde peque\u00f1o soy el que m\u00e1s se esfuerza. <b>Conquist\u00e9 con esfuerzo y call\u00e9 la boca de muchos que no me dieron nada.<\/b> y la vida no se volvi\u00f3 m\u00e1s facil. Nosotros nos hicimos fuertes\u201d.<\/p>\n<p class=\"paragraph\">El calendario no se detiene para el\u00a0<b>Real Madrid<\/b>. Este s\u00e1bado, el Santiago Bernab\u00e9u ser\u00e1 escenario de la visita del\u00a0<b>Espanyol<\/b>\u00a0por la quinta jornada de la Liga, con la inc\u00f3gnita de si\u00a0<b>Vinicius Junior<\/b>\u00a0recuperar\u00e1 protagonismo en el campo.<\/p>\n","protected":false},"excerpt":{"rendered":"Vinicius Jr fue suplente en el \u00faltimo partido del Real Madrid (Reuters) La suplencia de\u00a0Vinicius Junior\u00a0frente al\u00a0Olympique de&hellip;\n","protected":false},"author":2,"featured_media":121198,"comment_status":"","ping_status":"","sticky":false,"template":"","format":"standard","meta":{"footnotes":""},"categories":[93],"tags":[210,168,25,24,406,39956,39957,281,23,3020,167],"class_list":{"0":"post-121197","1":"post","2":"type-post","3":"status-publish","4":"format-standard","5":"has-post-thumbnail","7":"category-deportes","8":"tag-barcelona","9":"tag-deportes","10":"tag-es","11":"tag-espana","12":"tag-europe","13":"tag-optamatchid2445350","14":"tag-optauuid99wedij17mim6jt5gz6035a8k","15":"tag-soccer","16":"tag-spain","17":"tag-sport","18":"tag-sports"},"share_on_mastodon":{"url":"","error":""},"_links":{"self":[{"href":"https:\/\/www.europesays.com\/es\/wp-json\/wp\/v2\/posts\/121197","targetHints":{"allow":["GET"]}}],"collection":[{"href":"https:\/\/www.europesays.com\/es\/wp-json\/wp\/v2\/posts"}],"about":[{"href":"https:\/\/www.europesays.com\/es\/wp-json\/wp\/v2\/types\/post"}],"author":[{"embeddable":true,"href":"https:\/\/www.europesays.com\/es\/wp-json\/wp\/v2\/users\/2"}],"replies":[{"embeddable":true,"href":"https:\/\/www.europesays.com\/es\/wp-json\/wp\/v2\/comments?post=121197"}],"version-history":[{"count":0,"href":"https:\/\/www.europesays.com\/es\/wp-json\/wp\/v2\/posts\/121197\/revisions"}],"wp:featuredmedia":[{"embeddable":true,"href":"https:\/\/www.europesays.com\/es\/wp-json\/wp\/v2\/media\/121198"}],"wp:attachment":[{"href":"https:\/\/www.europesays.com\/es\/wp-json\/wp\/v2\/media?parent=121197"}],"wp:term":[{"taxonomy":"category","embeddable":true,"href":"https:\/\/www.europesays.com\/es\/wp-json\/wp\/v2\/categories?post=121197"},{"taxonomy":"post_tag","embeddable":true,"href":"https:\/\/www.europesays.com\/es\/wp-json\/wp\/v2\/tags?post=121197"}],"curies":[{"name":"wp","href":"https:\/\/api.w.org\/{rel}","templated":true}]}}