{"id":121201,"date":"2025-09-17T16:55:10","date_gmt":"2025-09-17T16:55:10","guid":{"rendered":"https:\/\/www.europesays.com\/es\/121201\/"},"modified":"2025-09-17T16:55:10","modified_gmt":"2025-09-17T16:55:10","slug":"audio-de-desayuno-con-liantes-en-rpa-a-la-carta-del-miercoles-17-de-septiembre-de-2025","status":"publish","type":"post","link":"https:\/\/www.europesays.com\/es\/121201\/","title":{"rendered":"Audio de Desayuno con liantes en RPA a la carta, del mi\u00e9rcoles 17 de septiembre de 2025"},"content":{"rendered":"<p>Los estadounidenses lideran el inter\u00e9s extranjero por la compra de vivienda en Asturias. Analizamos los motivos en \u201cDesayuno con Liantes\u201d. Adem\u00e1s debatimos sobre la infidelidad y nos acercamos a las Fiestas de San Mateo. Tambi\u00e9n hablamos de salud, m\u00fasica asturiana y\u2026 \u00a1fantasmas! Nos acompa\u00f1aron Cris Puertas, Amanda Granda, Bel\u00e9n Loredo, Santi Robles, Veca Artiz, Adri \u201cEl asturiano\u201d, Xana del Mar y Miguel \u00c1ngel Mu\u00f1iz.<\/p>\n","protected":false},"excerpt":{"rendered":"Los estadounidenses lideran el inter\u00e9s extranjero por la compra de vivienda en Asturias. Analizamos los motivos en \u201cDesayuno&hellip;\n","protected":false},"author":2,"featured_media":121202,"comment_status":"","ping_status":"","sticky":false,"template":"","format":"standard","meta":{"footnotes":""},"categories":[81],"tags":[119,123,124,25,24,117,121,122,23,118,120],"class_list":{"0":"post-121201","1":"post","2":"type-post","3":"status-publish","4":"format-standard","5":"has-post-thumbnail","7":"category-ciencia-y-tecnologia","8":"tag-ciencia","9":"tag-ciencia-y-tecnologia","10":"tag-cienciaytecnologia","11":"tag-es","12":"tag-espana","13":"tag-science","14":"tag-science-and-technology","15":"tag-scienceandtechnology","16":"tag-spain","17":"tag-technology","18":"tag-tecnologia"},"share_on_mastodon":{"url":"","error":""},"_links":{"self":[{"href":"https:\/\/www.europesays.com\/es\/wp-json\/wp\/v2\/posts\/121201","targetHints":{"allow":["GET"]}}],"collection":[{"href":"https:\/\/www.europesays.com\/es\/wp-json\/wp\/v2\/posts"}],"about":[{"href":"https:\/\/www.europesays.com\/es\/wp-json\/wp\/v2\/types\/post"}],"author":[{"embeddable":true,"href":"https:\/\/www.europesays.com\/es\/wp-json\/wp\/v2\/users\/2"}],"replies":[{"embeddable":true,"href":"https:\/\/www.europesays.com\/es\/wp-json\/wp\/v2\/comments?post=121201"}],"version-history":[{"count":0,"href":"https:\/\/www.europesays.com\/es\/wp-json\/wp\/v2\/posts\/121201\/revisions"}],"wp:featuredmedia":[{"embeddable":true,"href":"https:\/\/www.europesays.com\/es\/wp-json\/wp\/v2\/media\/121202"}],"wp:attachment":[{"href":"https:\/\/www.europesays.com\/es\/wp-json\/wp\/v2\/media?parent=121201"}],"wp:term":[{"taxonomy":"category","embeddable":true,"href":"https:\/\/www.europesays.com\/es\/wp-json\/wp\/v2\/categories?post=121201"},{"taxonomy":"post_tag","embeddable":true,"href":"https:\/\/www.europesays.com\/es\/wp-json\/wp\/v2\/tags?post=121201"}],"curies":[{"name":"wp","href":"https:\/\/api.w.org\/{rel}","templated":true}]}}