{"id":121203,"date":"2025-09-17T16:56:11","date_gmt":"2025-09-17T16:56:11","guid":{"rendered":"https:\/\/www.europesays.com\/es\/121203\/"},"modified":"2025-09-17T16:56:11","modified_gmt":"2025-09-17T16:56:11","slug":"jose-maria-castellano-la-mano-derecha-de-amancio-ortega-que-saco-a-bolsa-inditex-expansion","status":"publish","type":"post","link":"https:\/\/www.europesays.com\/es\/121203\/","title":{"rendered":"Jos\u00e9 Mar\u00eda Castellano, la mano derecha de Amancio Ortega que sac\u00f3 a Bolsa Inditex &#8211; Expansi\u00f3n"},"content":{"rendered":"<ol>\n<li><a href=\"https:\/\/news.google.com\/rss\/articles\/CBMikgFBVV95cUxOYkNPWmhGaUlPMTJ0bTRydXdvV2VadjJyZEJCd0RGNUJkNlEtZnJIS0w2QmxBQjNvNFB6c1h6SFZjQm40T3BUdnBXZmpjY1dSRGVDVHBXUno0cmMyaHhiMW05RFUxSlBzSDNHNXQ3cWQ3TXpKZGZoME1SS3pPWjRkUDB2S2NXNkdYb3JRNDJGRWUwZ9IBkgFBVV95cUxOYW1Hekx1TFAtU01INDIxN2llOF90YU83LXVJVlBmXzhJVjlKR1JOa0VKZDUzeTFrRGVHQXBEc0NOUHJQYU1tQlBPVXBObnkyeTlJS0g3aTdsaENIbnk5S3oyazVzM0lTSWZMUFFWMjF6cF93OFdEM2R3bkhHX2FkNlpva09UTkZ5MmFwakRsdm01Zw?oc=5\" target=\"_blank\" rel=\"nofollow noopener\">Jos\u00e9 Mar\u00eda Castellano, la mano derecha de Amancio Ortega que sac\u00f3 a Bolsa Inditex<\/a>&nbsp;&nbsp;Expansi\u00f3n<\/li>\n<li><a href=\"https:\/\/news.google.com\/rss\/articles\/CBMiqgFBVV95cUxQSlJHLXRyMkdtbW11TUVCZEZxY2EzMjdIbmJEbjZxWTZDV1NySGRCd2lJUi1McDV5WW9hc1NJRzVqQlI1Qks3dDNLQ1c2WXU3aDBJaHZiekl1UEhiV1U5NC1zcFdteDlaOVpiMHZOYmJjcndyX2ZJRm44cDFmMDBmbDJETEh0QWtiVWxLMU5PRHV2WjBRRDc5ejcxdEtxczVHY2RNNlAtTHFEZw?oc=5\" target=\"_blank\" rel=\"nofollow noopener\">Muere Jos\u00e9 Mar\u00eda Castellano, quien fuera ejecutivo clave de Inditex<\/a>&nbsp;&nbsp;EL PA\u00cdS<\/li>\n<li><a href=\"https:\/\/news.google.com\/rss\/articles\/CBMiwwFBVV95cUxOekp1c0RrY19IUDlWS3Q4QUh0Q1lDWWlxWkhDaVVCcUI5NWhNR3lNSENVME5zYWd4ak5tQ2NFcjF1SXFTX1k1SnVyYm04YXFpSTNGODZfbHZLS0VIbTJTOVgwajVRdFdMNy1xX3oyTjFaaThKVVNLb3BGX0VaZENsUmNoYlFHcHdjQS1tOU8taFdWWGxKb1dLYXdIOWl6bDJQYTlHb0JpaXdxLXRZbXRaRkR3MEFxd3FlVjlkZGctMlB0Zk0?oc=5\" target=\"_blank\" rel=\"nofollow noopener\">Muere Jos\u00e9 Mar\u00eda Castellano, la discreta mano derecha de Amancio Ortega<\/a>&nbsp;&nbsp;La Vanguardia<\/li>\n<li><a href=\"https:\/\/news.google.com\/rss\/articles\/CBMifEFVX3lxTE5PTmNKZlpaMk9FWnU4U1N1aDFMMXVIWU1qVjNhY3pUREJmZVFJcFZWTlpWMGhxN0FvZmxQRnpiSmozWDYxU2I4LXM0SmNOSnY3RVk3ZUQ4S0ZBcHdoRlBObU1HVnAxMTdwMjhzOFltZC0yTmg3QVZIU1pISU_SAXxBVV95cUxPNGsybXpjUGNCLWhsdWFacUhObTFrVmUtdHo2d3Y0WkFOQnpzUkZFSGIyTHh0TzFuOFpUM0RzOEpQOU1YTlA5SnBHcjFvajk1cHNpOUZZY3VKREpEdFRUMFNIaWJMbnNucmNzcG9YdHp3bzJNTTN1eGJTTlJL?oc=5\" target=\"_blank\" rel=\"nofollow noopener\">Muere Jos\u00e9 Mar\u00eda Castellano, primer consejero delegado de Inditex, a los 78 a\u00f1os<\/a>&nbsp;&nbsp;El Mundo<\/li>\n<li><a href=\"https:\/\/news.google.com\/rss\/articles\/CBMigAFBVV95cUxQZm1IblBUQUZlTW40cXV5UlVYZnN0MzFoVXFPb0tNUHFIMU9aU2F6cFZacDVTa0taSzFIN0tGY1pUSmN0QmRDSVdFZlZsX1dtRzlaWWZRX1hUNThWY2hNRFZ3cGVhQ3dCZFNpY0ZsbGdMMlk2MEhNdVptNFRsRFJQTw?oc=5\" target=\"_blank\" rel=\"nofollow noopener\">Fallece Jos\u00e9 Mar\u00eda Castellano, el directivo que contribuy\u00f3 al \u00e9xito de Inditex<\/a>&nbsp;&nbsp;Expansi\u00f3n<\/li>\n<\/ol>\n","protected":false},"excerpt":{"rendered":"Jos\u00e9 Mar\u00eda Castellano, la mano derecha de Amancio Ortega que sac\u00f3 a Bolsa Inditex&nbsp;&nbsp;Expansi\u00f3n Muere Jos\u00e9 Mar\u00eda Castellano,&hellip;\n","protected":false},"author":2,"featured_media":121204,"comment_status":"","ping_status":"","sticky":false,"template":"","format":"standard","meta":{"footnotes":""},"categories":[80],"tags":[82,95,94,2308,20864,25,24,24594,23],"class_list":{"0":"post-121203","1":"post","2":"type-post","3":"status-publish","4":"format-standard","5":"has-post-thumbnail","7":"category-economia","8":"tag-business","9":"tag-economia","10":"tag-economy","11":"tag-empresas","12":"tag-empresas-distribucion","13":"tag-es","14":"tag-espana","15":"tag-nea","16":"tag-spain"},"share_on_mastodon":{"url":"","error":""},"_links":{"self":[{"href":"https:\/\/www.europesays.com\/es\/wp-json\/wp\/v2\/posts\/121203","targetHints":{"allow":["GET"]}}],"collection":[{"href":"https:\/\/www.europesays.com\/es\/wp-json\/wp\/v2\/posts"}],"about":[{"href":"https:\/\/www.europesays.com\/es\/wp-json\/wp\/v2\/types\/post"}],"author":[{"embeddable":true,"href":"https:\/\/www.europesays.com\/es\/wp-json\/wp\/v2\/users\/2"}],"replies":[{"embeddable":true,"href":"https:\/\/www.europesays.com\/es\/wp-json\/wp\/v2\/comments?post=121203"}],"version-history":[{"count":0,"href":"https:\/\/www.europesays.com\/es\/wp-json\/wp\/v2\/posts\/121203\/revisions"}],"wp:featuredmedia":[{"embeddable":true,"href":"https:\/\/www.europesays.com\/es\/wp-json\/wp\/v2\/media\/121204"}],"wp:attachment":[{"href":"https:\/\/www.europesays.com\/es\/wp-json\/wp\/v2\/media?parent=121203"}],"wp:term":[{"taxonomy":"category","embeddable":true,"href":"https:\/\/www.europesays.com\/es\/wp-json\/wp\/v2\/categories?post=121203"},{"taxonomy":"post_tag","embeddable":true,"href":"https:\/\/www.europesays.com\/es\/wp-json\/wp\/v2\/tags?post=121203"}],"curies":[{"name":"wp","href":"https:\/\/api.w.org\/{rel}","templated":true}]}}