{"id":121205,"date":"2025-09-17T16:57:10","date_gmt":"2025-09-17T16:57:10","guid":{"rendered":"https:\/\/www.europesays.com\/es\/121205\/"},"modified":"2025-09-17T16:57:10","modified_gmt":"2025-09-17T16:57:10","slug":"reino-unido-despliega-todo-su-boato-para-la-visita-de-estado-de-trump","status":"publish","type":"post","link":"https:\/\/www.europesays.com\/es\/121205\/","title":{"rendered":"Reino Unido despliega todo su boato para la visita de Estado de Trump"},"content":{"rendered":"<p>    <img src=\"https:\/\/www.europesays.com\/es\/wp-content\/uploads\/2025\/09\/2025-09-17T123A043A37Z-90020814.jpg\" width=\"1024\" height=\"682\" alt=\"\" loading=\"eager\" decoding=\"sync\" fetchpriority=\"high\"\/><\/p>\n<p>            afp_tickers        <\/p>\n<p>        Este contenido fue publicado en    <\/p>\n<p>        17 septiembre 2025 &#8211; 18:10\n<\/p>\n<p>El presidente estadounidense, Donald Trump, fue agasajado este mi\u00e9rcoles en el castillo de Windsor por la monarqu\u00eda brit\u00e1nica con toda solemnidad, en el primer d\u00eda de su visita oficial a Reino Unido, lejos de Londres y de\u00a0manifestaciones en su contra.<\/p>\n<p>Trump y su esposa Melania, que llegaron el martes por la noche a Londres, fueron recibidos al bajar del helic\u00f3ptero, que les transport\u00f3 desde la capital, por los pr\u00edncipes de Gales, Guillermo y Catalina, y los reyes Carlos III y Camila.<\/p>\n<p>Salvas de ca\u00f1\u00f3n, procesi\u00f3n en carruaje junto a los reyes y ceremonia militar marcaron el inicio de esta segunda visita de Estado del presidente estadounidense, tras la de 2019, en su primer mandato.<\/p>\n<p>El dirigente estadounidense pas\u00f3 revista a una guardia de honor en el patio del castillo, en una ceremonia militar sin precedentes, en la que participaron unos 1.300 miembros del ej\u00e9rcito brit\u00e1nico.<\/p>\n<p>\u2013 Dos noches en Windsor \u2013<\/p>\n<p>Trump dormir\u00e1 las dos \u00faltimas noches de su visita en el castillo de Windsor, una de las residencias de la monarqu\u00eda brit\u00e1nica, a menos de 40 km de Londres.<\/p>\n<p>\u00abDicen que el castillo de Windsor es lo m\u00e1ximo, as\u00ed que va a estar genial\u00bb, dijo Donald Trump, antes de su partida de Washington.<\/p>\n<p>Tras un almuerzo privado con las dos parejas reales, Donald y Melania Trump depositar\u00e1n flores en la tumba de la reina Isabel II, fallecida en septiembre de 2022, en la capilla de San Jorge del castillo.<\/p>\n<p>Un desfile a\u00e9reo, que combinar\u00e1 aviones de combate brit\u00e1nicos y estadounidenses, adem\u00e1s de la patrulla acrob\u00e1tica \u2018Red Arrows\u2019, preceder\u00e1 a un banquete real con unos 150 invitados.<\/p>\n<p>Carlos y Camila ofrecieron al presidente estadounidense la bandera brit\u00e1nica que ondeaba sobre el Palacio de Buckingham el d\u00eda de su investidura, el 20 de enero.<\/p>\n<p>Por su parte, Donald y Melania Trump regalaron a los monarcas una r\u00e9plica de una espada del presidente estadounidense Dwight D. Eisenhower, recordando \u00abla asociaci\u00f3n hist\u00f3rica decisiva para ganar la Segunda Guerra Mundial\u00bb, seg\u00fan un comunicado de Buckingham.<\/p>\n<p>En las dos jornadas finales de la visita de Trump, todos los actos ser\u00e1n a puerta cerrada, lejos de las multitudes debido a su impopularidad en Reino Unido.<\/p>\n<p>Una manifestaci\u00f3n para protestar contra la presencia de Trump en Reino Unido est\u00e1 convocada el mi\u00e9rcoles en Londres, vigilada por m\u00e1s de 1.600 polic\u00edas.<\/p>\n<p>Tambi\u00e9n este mi\u00e9rcoles, decenas de curiosos y manifestantes se acercaron a las calles contiguas al castillo de Windsor.<\/p>\n<p>\u00abEst\u00e1 bien que un presidente venga al Reino Unido, y debemos recibir a Donald Trump\u00bb, dijo a la AFP Charlene Bryan, llegada desde Londres.\u00a0<\/p>\n<p>\u00abPero es triste que el p\u00fablico no pueda verlo\u00bb, lament\u00f3 esta empleada de guarder\u00eda.<\/p>\n<p>No lejos de ella, una pancarta rezaba: \u00abQu\u00e9 verg\u00fcenza para el gobierno, haber invitado al dictador Trump\u00bb.<\/p>\n<p>\u00abTrump es un l\u00edder terrible y no lo queremos en nuestro pa\u00eds\u00bb, se\u00f1al\u00f3 Helen, que prefiri\u00f3 no dar su apellido.<\/p>\n<p>El martes, el grupo \u00abDirigidos por burros\u00bb, que exige responsabilidades a pol\u00edticos con campa\u00f1as a menudo humor\u00edsticas, proyect\u00f3 im\u00e1genes de Trump y el criminal sexual Jeffrey Epstein en una torre de Windsor.\u00a0<\/p>\n<p>El caso Epstein lleva semanas empa\u00f1ando la presidencia de Trump, que fue durante mucho tiempo amigo \u00edntimo del financiero.<\/p>\n<p>\u2013 Encuentro con Starmer \u2013<\/p>\n<p>El tema tambi\u00e9n estuvo presente esta semana en la agenda de primer ministro brit\u00e1nico, Keir Starmer, quien destituy\u00f3 a su embajador en Washington, Peter Mandelson, tras revelarse sus estrechos v\u00ednculos con Epstein.<\/p>\n<p>Tampoco en la jornada final de su visita, el jueves, Trump se acercar\u00e1 a Londres.\u00a0<\/p>\n<p>En su lugar ir\u00e1 a Chequers, a unos 70 km de la capital, para reunirse con Starmer en la residencia oficial campestre del primer ministro. \u00a0<\/p>\n<p>El gobierno laborista brit\u00e1nico, debilitado en el plano econ\u00f3mico y en plena crisis pol\u00edtica, busca aprovechar esta visita para multiplicar los anuncios de acuerdos.<\/p>\n<p>Entre ellos est\u00e1 una fuerte inversi\u00f3n de 30.000 millones de d\u00f3lares por la empresa estadounidense Microsoft.<\/p>\n<p>El laboratorio farmac\u00e9utico brit\u00e1nico GSK anunci\u00f3 el mi\u00e9rcoles una inversi\u00f3n de 30.000 millones de d\u00f3lares en cinco a\u00f1os en Estados Unidos, especialmente en investigaci\u00f3n y desarrollo.<\/p>\n<p>psr-dk\/jvb<\/p>\n","protected":false},"excerpt":{"rendered":"afp_tickers Este contenido fue publicado en 17 septiembre 2025 &#8211; 18:10 El presidente estadounidense, Donald Trump, fue agasajado&hellip;\n","protected":false},"author":2,"featured_media":121206,"comment_status":"","ping_status":"","sticky":false,"template":"","format":"standard","meta":{"footnotes":""},"categories":[42],"tags":[17,18,82,83,84,13,14,11,10110,39605,61,62,63,86,64,19,20,9,10,15,16,88,12090,5799,2005,90,12,21,22,65,66,67],"class_list":{"0":"post-121205","1":"post","2":"type-post","3":"status-publish","4":"format-standard","5":"has-post-thumbnail","7":"category-internacional","8":"tag-breaking-news","9":"tag-breakingnews","10":"tag-business","11":"tag-diplomacy","12":"tag-economy-general","13":"tag-featured-news","14":"tag-featurednews","15":"tag-headlines","16":"tag-human-interest","17":"tag-imperial-and-royal-matters","18":"tag-internacional","19":"tag-international","20":"tag-international-news","21":"tag-international-relations","22":"tag-internationalnews","23":"tag-latest-news","24":"tag-latestnews","25":"tag-news","26":"tag-noticias","27":"tag-noticias-destacadas","28":"tag-noticiasdestacadas","29":"tag-politics","30":"tag-politics-general","31":"tag-social-issues-general","32":"tag-society","33":"tag-ticker","34":"tag-titulares","35":"tag-ultimas-noticias","36":"tag-ultimasnoticias","37":"tag-world","38":"tag-world-news","39":"tag-worldnews"},"share_on_mastodon":{"url":"","error":""},"_links":{"self":[{"href":"https:\/\/www.europesays.com\/es\/wp-json\/wp\/v2\/posts\/121205","targetHints":{"allow":["GET"]}}],"collection":[{"href":"https:\/\/www.europesays.com\/es\/wp-json\/wp\/v2\/posts"}],"about":[{"href":"https:\/\/www.europesays.com\/es\/wp-json\/wp\/v2\/types\/post"}],"author":[{"embeddable":true,"href":"https:\/\/www.europesays.com\/es\/wp-json\/wp\/v2\/users\/2"}],"replies":[{"embeddable":true,"href":"https:\/\/www.europesays.com\/es\/wp-json\/wp\/v2\/comments?post=121205"}],"version-history":[{"count":0,"href":"https:\/\/www.europesays.com\/es\/wp-json\/wp\/v2\/posts\/121205\/revisions"}],"wp:featuredmedia":[{"embeddable":true,"href":"https:\/\/www.europesays.com\/es\/wp-json\/wp\/v2\/media\/121206"}],"wp:attachment":[{"href":"https:\/\/www.europesays.com\/es\/wp-json\/wp\/v2\/media?parent=121205"}],"wp:term":[{"taxonomy":"category","embeddable":true,"href":"https:\/\/www.europesays.com\/es\/wp-json\/wp\/v2\/categories?post=121205"},{"taxonomy":"post_tag","embeddable":true,"href":"https:\/\/www.europesays.com\/es\/wp-json\/wp\/v2\/tags?post=121205"}],"curies":[{"name":"wp","href":"https:\/\/api.w.org\/{rel}","templated":true}]}}