{"id":121209,"date":"2025-09-17T16:59:16","date_gmt":"2025-09-17T16:59:16","guid":{"rendered":"https:\/\/www.europesays.com\/es\/121209\/"},"modified":"2025-09-17T16:59:16","modified_gmt":"2025-09-17T16:59:16","slug":"tengo-fotos-con-abascal-y-con-illa-no-soy-ni-un-progre-de-los-anos-70-ni-un-facha-del-siglo-xxi","status":"publish","type":"post","link":"https:\/\/www.europesays.com\/es\/121209\/","title":{"rendered":"Tengo fotos con Abascal y con Illa, no soy ni un progre de los a\u00f1os 70 ni un facha del siglo XXI"},"content":{"rendered":"<p class=\"article-text\">\n        Un di\u00e1logo de guante blanco entre dos cat\u00f3licos practicantes. Uno, socialista, president de la Generalitat. El otro, conservador, presidente de la Conferencia Episcopal espa\u00f1ola. Salvador Illa y Luis Arg\u00fcello debatieron este mediod\u00eda en la Fundaci\u00f3n Pablo VI sobre migraciones, polarizaci\u00f3n pol\u00edtica (y eclesial), relaciones Iglesia-Estado y democracia, en un encuentro en el que ambos reivindicaron encuentros no siempre bien entendidos, incluso en sus propias filas. As\u00ed, <a href=\"https:\/\/www.eldiario.es\/politica\/illa-puigdemont-constatan-distancia-politica-reunion-tuvieron-bruselas_1_12598811.html\" data-mrf-recirculation=\"links-noticia\" class=\"link\" rel=\"nofollow noopener\" target=\"_blank\">Illa defendi\u00f3 su reuni\u00f3n en Bruselas con Carles Puigdemont<\/a> \u2014\u201c\u00bfC\u00f3mo no voy a poder encontrarme con el representante de la segunda fuerza pol\u00edtica? Pensamos distinto, pero convivimos\u201d, reflexion\u00f3, reivindicando \u201cun espacio m\u00ednimo com\u00fan\u201d\u2014 mientras que Arg\u00fcello hizo lo propio con <a href=\"https:\/\/www.eldiario.es\/sociedad\/presidente-obispos-pide-elecciones-anticipadas-salida-bloqueo-institucional-dar-voz-ciudadanos_1_12392281.html\" data-mrf-recirculation=\"links-noticia\" class=\"link\" rel=\"nofollow noopener\" target=\"_blank\">su relaci\u00f3n con el l\u00edder de Vox<\/a> \u2014\u201cEn este lugar me he hecho una foto con Illa y antes con\u00a0Santiago Abascal, y no me arrepiento de ninguna de ellas. No soy el rojo de los a\u00f1os 70 ni el facha del siglo XXI\u201d\u2014.\n    <\/p>\n<p>    <a href=\"https:\/\/www.eldiario.es\/sociedad\/iglesia-espanola-rompe-ultima-barrera-consenso-democratico-pedir-cambio-gobierno_1_12403418.html\" data-mrf-recirculation=\"saber-mas\" data-dl-event=\"saber-mas\" rel=\"nofollow noopener\" target=\"_blank\"><\/p>\n<p class=\"know-more__title\">La Iglesia espa\u00f1ola rompe la \u00faltima barrera del consenso democr\u00e1tico al pedir cambio de gobierno<\/p>\n<p>            <img decoding=\"async\" class=\"lazy\" loading=\"lazy\" data-src=\"https:\/\/static.eldiario.es\/clip\/f086fa88-508b-4972-932d-305e412578ae_16-9-aspect-ratio_default_0.jpg\" src=\"data:image\/svg+xml,%3Csvg xmlns=\" http:=\"\" viewbox=\"0 0 880 495\" alt=\"La Iglesia espa\u00f1ola rompe la \u00faltima barrera del consenso democr\u00e1tico al pedir cambio de gobierno\"\/><\/p>\n<p>                        <\/a><\/p>\n<p class=\"article-text\">\n        \u201cEs un buen cat\u00f3lico, que reza a diario, va a misa, pero menos de lo que me gustar\u00eda\u201d. Esa fue la definici\u00f3n que en su d\u00eda hizo el cardenal de Barcelona, Juan Jos\u00e9 Omella, sobre el president, quien reivindic\u00f3 la compatibilidad de su vocaci\u00f3n a la pol\u00edtica desde su compromiso cristiano.\n    <\/p>\n<p class=\"article-text\">\n        En tiempos de polarizaci\u00f3n, \u00bfes posible el di\u00e1logo?, arranc\u00f3 el debate. \u201cNo s\u00f3lo es conveniente, sino que es necesario\u201d, subray\u00f3 Salvador Illa. Eso s\u00ed, \u201csiempre que haya capacidad de escuchar, ponerse en el lugar del otro e intentar entender sus razones\u201d. Por su parte, Arg\u00fcello denunci\u00f3 a los que \u201cdemonizan\u201d a los que piensan diferente. \u201c\u00bfPor qu\u00e9 hay tanta dificultad en la sociedad actual? Porque se dice que con &#8216;estos&#8217; no se puede hablar\u201d, traz\u00f3 el presidente del episcopado, quien denunci\u00f3 que \u201cla polarizaci\u00f3n es una estrategia para conseguir resultados pol\u00edticos\u201d, aunque admiti\u00f3 que \u201cen la Iglesia hemos vivido ese contagio\u201d, especialmente en la cuesti\u00f3n migratoria.\n    <\/p>\n<p class=\"article-text\">\n        \u201cHay corrientes organizadas que hacen de la polarizaci\u00f3n una estrategia, con el objetivo de deslegitimar las instituciones que son de todos\u201d, advirti\u00f3 Illa, quien lament\u00f3 que faltan \u201cespacios p\u00fablicos compartidos\u201d, un \u201cespacio m\u00ednimo com\u00fan\u201d en el que poder dialogar. \u201cA m\u00ed me gustar\u00eda que en la Iglesia tambi\u00e9n se viviera esto\u201d, coincidi\u00f3 el arzobispo de Valladolid, quien pidi\u00f3 \u201cun esfuerzo para contagiar el di\u00e1logo\u201d.\n    <\/p>\n<p class=\"article-text\">\n        En cuanto a las dif\u00edciles relaciones entre pol\u00edtica y religi\u00f3n, Arg\u00fcello pidi\u00f3 \u201crespetar el Estado de Derecho\u201d, denunciando el \u201crelativismo moral\u201d que, en su opini\u00f3n, lleva a \u201cconvertir el Estado en ejemplo de moralidad\u201d.\n    <\/p>\n<p class=\"article-text\">\n        \u201cEl Estado no es Dios, y esa lucha contra la idolatr\u00eda del poder del Estado forma parte de esa relaci\u00f3n, no la privacidad de la sacrist\u00eda\u201d, resalt\u00f3 el arzobispo.\n    <\/p>\n<p class=\"article-text\">\n        Por su parte, Salvador Illa defendi\u00f3 el derecho de las religiones a participar en el debate p\u00fablico. \u201cLa aconfesionalidad no implica reducir a la sacrist\u00eda a las religiones\u201d, subray\u00f3 el president.\n    <\/p>\n<p class=\"article-text\">\n        Arg\u00fcello subray\u00f3 las \u00a0\u201cdudas\u201d sobre el modelo democr\u00e1tico actual. \u201cHaber ganado las elecciones con una mayor\u00eda, lo mismo en Espa\u00f1a que en Estados Unidos, donde los bloques aparecen con una diferencia de 60\/40, 55\/45 o incluso 51\/49, puede llevarnos a pensar que la soluci\u00f3n es el tiranicidio, cuando verdaderamente tenemos que hacer una reflexi\u00f3n m\u00e1s honda\u201d, se\u00f1al\u00f3. Illa, por su parte, apunt\u00f3 que\u00a0\u201cla democracia no es un r\u00e9gimen perfecto, pero la alternativa es mucho peor\u201d. \u201cYo sigo pensando que el bien com\u00fan se construye entre todos\u201d, recalc\u00f3 el president.\n    <\/p>\n<p class=\"article-text\">\n        Sobre la inmigraci\u00f3n y las distintas &#8216;almas&#8217; en el catolicismo, Arg\u00fcello lament\u00f3 c\u00f3mo \u201cdignidad humana y el bien com\u00fan son v\u00edctimas de la polarizaci\u00f3n\u201d, y defendi\u00f3 \u201cla acogida y el derecho a no salir de tu tierra\u201d y tambi\u00e9n \u201clograr una integraci\u00f3n de los que llegan\u201d. Illa hizo suyas las palabras de Francisco, que calific\u00f3 de \u201cmuy contundente\u201d:\u00a0\u201cAcoger e integrar no solo no pone en riesgo nuestra integridad como pa\u00eds, sino que la protege\u201d. \u201cSi les acoges, le facilitas la integraci\u00f3n y se integran, la sociedad mejora. La historia de Catalunya y de Espa\u00f1a son una prueba de ello\u201d. Se trata de acoger e integrar a las personas, \u201cque no se hace en un minuto y requiere un esfuerzo por parte de todos\u201d. \u201cNadie quiere irse de la tierra donde naci\u00f3, de la tierra de sus padres\u201d, insisti\u00f3 el president de la Generalitat, advirtiendo de los \u201cplanteamientos simplistas\u201d de algunos.\n    <\/p>\n<p class=\"article-text\">\n        \u201cCatalunya est\u00e1 hecha de personas que vinieron de fuera, y de fuera de Espa\u00f1a\u201d, reivindic\u00f3 Salvador Illa, quien anim\u00f3 a una \u201cprosperidad compartida\u201d que no deje a nadie atr\u00e1s. \u201cCreo en las identidades nacionales inclusivas, no pongo en contradicci\u00f3n la solidaridad y la identidad nacional\u201d. Arg\u00fcello finaliz\u00f3 recordando el discurso de Francisco al presidente S\u00e1nchez en 2020, cuando cuando le invit\u00f3 a \u201cedificar la naci\u00f3n y reconocer la patria\u201d.\n    <\/p>\n<p class=\"article-text\">\n        Toda la informaci\u00f3n en <a href=\"http\/\/:%20www.religiondigital.org\" data-mrf-recirculation=\"links-noticia\" class=\"link\" target=\"_blank\">www.religiondigital.org<\/a>\n    <\/p>\n","protected":false},"excerpt":{"rendered":"Un di\u00e1logo de guante blanco entre dos cat\u00f3licos practicantes. Uno, socialista, president de la Generalitat. El otro, conservador,&hellip;\n","protected":false},"author":2,"featured_media":121210,"comment_status":"","ping_status":"","sticky":false,"template":"","format":"standard","meta":{"footnotes":""},"categories":[5],"tags":[30825,686,988,39958,17,18,25,24,39960,13,14,1016,11,7030,19,20,7820,9,689,10,15,16,39959,9218,23,12,21,22,23098],"class_list":{"0":"post-121209","1":"post","2":"type-post","3":"status-publish","4":"format-standard","5":"has-post-thumbnail","7":"category-titulares","8":"tag-30825","9":"tag-abascal","10":"tag-anos","11":"tag-arguello","12":"tag-breaking-news","13":"tag-breakingnews","14":"tag-es","15":"tag-espana","16":"tag-facha","17":"tag-featured-news","18":"tag-featurednews","19":"tag-fotos","20":"tag-headlines","21":"tag-illa","22":"tag-latest-news","23":"tag-latestnews","24":"tag-luis","25":"tag-news","26":"tag-no","27":"tag-noticias","28":"tag-noticias-destacadas","29":"tag-noticiasdestacadas","30":"tag-progre","31":"tag-siglo","32":"tag-spain","33":"tag-titulares","34":"tag-ultimas-noticias","35":"tag-ultimasnoticias","36":"tag-xxi"},"share_on_mastodon":{"url":"","error":""},"_links":{"self":[{"href":"https:\/\/www.europesays.com\/es\/wp-json\/wp\/v2\/posts\/121209","targetHints":{"allow":["GET"]}}],"collection":[{"href":"https:\/\/www.europesays.com\/es\/wp-json\/wp\/v2\/posts"}],"about":[{"href":"https:\/\/www.europesays.com\/es\/wp-json\/wp\/v2\/types\/post"}],"author":[{"embeddable":true,"href":"https:\/\/www.europesays.com\/es\/wp-json\/wp\/v2\/users\/2"}],"replies":[{"embeddable":true,"href":"https:\/\/www.europesays.com\/es\/wp-json\/wp\/v2\/comments?post=121209"}],"version-history":[{"count":0,"href":"https:\/\/www.europesays.com\/es\/wp-json\/wp\/v2\/posts\/121209\/revisions"}],"wp:featuredmedia":[{"embeddable":true,"href":"https:\/\/www.europesays.com\/es\/wp-json\/wp\/v2\/media\/121210"}],"wp:attachment":[{"href":"https:\/\/www.europesays.com\/es\/wp-json\/wp\/v2\/media?parent=121209"}],"wp:term":[{"taxonomy":"category","embeddable":true,"href":"https:\/\/www.europesays.com\/es\/wp-json\/wp\/v2\/categories?post=121209"},{"taxonomy":"post_tag","embeddable":true,"href":"https:\/\/www.europesays.com\/es\/wp-json\/wp\/v2\/tags?post=121209"}],"curies":[{"name":"wp","href":"https:\/\/api.w.org\/{rel}","templated":true}]}}