{"id":121213,"date":"2025-09-17T17:01:06","date_gmt":"2025-09-17T17:01:06","guid":{"rendered":"https:\/\/www.europesays.com\/es\/121213\/"},"modified":"2025-09-17T17:01:06","modified_gmt":"2025-09-17T17:01:06","slug":"hay-muchas-posibilidades-de-que-canal-sur-televise-san-miguel-solo-falta-el-visto-bueno-de-un-torero-del-domingo","status":"publish","type":"post","link":"https:\/\/www.europesays.com\/es\/121213\/","title":{"rendered":"Hay muchas posibilidades de que Canal Sur televise San Miguel, solo falta el visto bueno de un torero del domingo"},"content":{"rendered":"<p><strong>\u00abHay muchas posibilidades de que San Miguel sea televisado por Canal Sur. Estamos en conversaciones y solo faltan algunos detalles\u00bb.<\/strong> As\u00ed lo ha asegurado a <strong>APLAUSOS<\/strong> el empresario de la Real Maestranza de Caballer\u00eda de <strong>Sevilla<\/strong>, <strong>Ram\u00f3n Valencia,<\/strong> tras la presentaci\u00f3n del cartel del festival del 13 de octubre.<\/p>\n<p>Preguntado por APLAUSOS sobre la posibilidad de que haya televisi\u00f3n en la Feria de San Miguel, Ram\u00f3n Valencia ha se\u00f1alado que <strong>\u00abes muy probable, aunque depende de dos factores\u00bb. \u00abEl primero de ellos,\u00bb<\/strong> seg\u00fan ha apuntado el empresario de la plaza de toros de<strong> Sevilla, \u00abque est\u00e1 ya casi aprobado, es que Canal Sur pague lo m\u00ednimo estipulado en la negociaci\u00f3n\u00bb,<\/strong> y el segundo hace referencia a que <strong>\u00absolo falta el consentimiento de uno de los toreros anunciados en el cartel del domingo\u00bb.<\/strong><\/p>\n<p>El cartel de <strong>Sevilla<\/strong> del domingo 28 de septiembre anuncia a <strong>Morante de la Puebla, Roca Rey<\/strong>\u00a0y<strong>\u00a0Javier Zulueta<\/strong>, que tomar\u00e1 la alternativa.\u00a0Cuestionado por <strong>Aplausos<\/strong> sobre si <strong>Morante<\/strong> ha dado su visto bueno a la televisi\u00f3n,<strong> Ram\u00f3n Valencia<\/strong> ha respondido: <strong>\u00abS\u00ed, Morante lo ha dado\u00bb<\/strong>, de lo que se deduce que <strong>Roca Rey<\/strong> tiene la \u00faltima palabra sobre el regreso de la televisi\u00f3n a la Feria de<strong> San Miguel.<\/strong><\/p>\n","protected":false},"excerpt":{"rendered":"\u00abHay muchas posibilidades de que San Miguel sea televisado por Canal Sur. Estamos en conversaciones y solo faltan&hellip;\n","protected":false},"author":2,"featured_media":121214,"comment_status":"","ping_status":"","sticky":false,"template":"","format":"standard","meta":{"footnotes":""},"categories":[277],"tags":[373,5795,168,25,24,1226,1227,39961,1171,23,167,625,807,374],"class_list":{"0":"post-121213","1":"post","2":"type-post","3":"status-publish","4":"format-standard","5":"has-post-thumbnail","7":"category-toreo","8":"tag-bullfighting","9":"tag-canal-sur","10":"tag-deportes","11":"tag-es","12":"tag-espana","13":"tag-noticias-de-toros","14":"tag-noticias-taurinas","15":"tag-ramon-valencia","16":"tag-sevilla","17":"tag-spain","18":"tag-sports","19":"tag-tauromaquia","20":"tag-television","21":"tag-toreo"},"share_on_mastodon":{"url":"","error":""},"_links":{"self":[{"href":"https:\/\/www.europesays.com\/es\/wp-json\/wp\/v2\/posts\/121213","targetHints":{"allow":["GET"]}}],"collection":[{"href":"https:\/\/www.europesays.com\/es\/wp-json\/wp\/v2\/posts"}],"about":[{"href":"https:\/\/www.europesays.com\/es\/wp-json\/wp\/v2\/types\/post"}],"author":[{"embeddable":true,"href":"https:\/\/www.europesays.com\/es\/wp-json\/wp\/v2\/users\/2"}],"replies":[{"embeddable":true,"href":"https:\/\/www.europesays.com\/es\/wp-json\/wp\/v2\/comments?post=121213"}],"version-history":[{"count":0,"href":"https:\/\/www.europesays.com\/es\/wp-json\/wp\/v2\/posts\/121213\/revisions"}],"wp:featuredmedia":[{"embeddable":true,"href":"https:\/\/www.europesays.com\/es\/wp-json\/wp\/v2\/media\/121214"}],"wp:attachment":[{"href":"https:\/\/www.europesays.com\/es\/wp-json\/wp\/v2\/media?parent=121213"}],"wp:term":[{"taxonomy":"category","embeddable":true,"href":"https:\/\/www.europesays.com\/es\/wp-json\/wp\/v2\/categories?post=121213"},{"taxonomy":"post_tag","embeddable":true,"href":"https:\/\/www.europesays.com\/es\/wp-json\/wp\/v2\/tags?post=121213"}],"curies":[{"name":"wp","href":"https:\/\/api.w.org\/{rel}","templated":true}]}}