{"id":121219,"date":"2025-09-17T17:05:11","date_gmt":"2025-09-17T17:05:11","guid":{"rendered":"https:\/\/www.europesays.com\/es\/121219\/"},"modified":"2025-09-17T17:05:11","modified_gmt":"2025-09-17T17:05:11","slug":"antiviolencia-propone-sanciones-de-entre-3-000-y-4-000-euros-para-17-personas-implicadas-en-las-protestas-pro-palestina-en-la-vuelta-a-espana-deportes","status":"publish","type":"post","link":"https:\/\/www.europesays.com\/es\/121219\/","title":{"rendered":"Antiviolencia propone sanciones de entre 3.000 y 4.000 euros para 17 personas implicadas en las protestas pro-Palestina en la Vuelta a Espa\u00f1a | Deportes"},"content":{"rendered":"<p class=\"\">Tres d\u00edas despu\u00e9s del <a href=\"https:\/\/elpais.com\/deportes\/ciclismo\/2025-09-14\/los-activistas-en-favor-de-palestina-toman-las-calles-de-madrid-y-acaban-con-la-vuelta-a-espana.html\" target=\"_self\" rel=\"nofollow noopener\" title=\"https:\/\/elpais.com\/deportes\/ciclismo\/2025-09-14\/los-activistas-en-favor-de-palestina-toman-las-calles-de-madrid-y-acaban-con-la-vuelta-a-espana.html\">abrupto final de la Vuelta ciclista a Espa\u00f1a en el centro de Madrid<\/a>, la Comisi\u00f3n Estatal contra la violencia, el racismo, la xenofobia y la intolerancia en el deporte ha propuesto este mi\u00e9rcoles sanciones de entre 3.000 y 4.000 euros a 17 personas implicadas en las protestas pro-Palestina que interrumpieron el desarrollo de la ronda espa\u00f1ola durante las \u00faltimas semanas.<\/p>\n<p class=\"\">Adem\u00e1s de econ\u00f3mica, la multa tambi\u00e9n conlleva <a href=\"https:\/\/elpais.com\/deportes\/ciclismo\/2025-09-12\/los-equipos-ciclistas-preocupados-por-su-seguridad-en-la-vuelta-se-va-a-liar-en-madrid-verdad.html\" target=\"_self\" rel=\"nofollow noopener\" title=\"https:\/\/elpais.com\/deportes\/ciclismo\/2025-09-12\/los-equipos-ciclistas-preocupados-por-su-seguridad-en-la-vuelta-se-va-a-liar-en-madrid-verdad.html\">la prohibici\u00f3n de acceso a cualquier evento deportivo durante un periodo de<\/a> <a href=\"https:\/\/elpais.com\/deportes\/ciclismo\/2025-09-12\/los-equipos-ciclistas-preocupados-por-su-seguridad-en-la-vuelta-se-va-a-liar-en-madrid-verdad.html\" target=\"_self\" rel=\"nofollow noopener\" title=\"https:\/\/elpais.com\/deportes\/ciclismo\/2025-09-12\/los-equipos-ciclistas-preocupados-por-su-seguridad-en-la-vuelta-se-va-a-liar-en-madrid-verdad.html\">seis meses<\/a>. Las sanciones han derivado de los expedientes que la Polic\u00eda Nacional y la Guardia Civil registraron en diferentes tramos de la etapa 12 (de Laredo a Los Corrales de Buelna, en Cantabria), la etapa 14 (de Avil\u00e9s al Alto de La Farrapona, en Asturias) y la etapa 15 (de Vegadeo a Monforte de Lemos, en Galicia).<\/p>\n<p><img alt=\"Manifestantes propalestinos protestan durante la 15\u00aa etapa de la Vuelta en Monforte de Lemos.\" decoding=\"auto\" class=\"_re lazyload a_m-h\" height=\"276\"  width=\"414\"  src=\"https:\/\/www.europesays.com\/es\/wp-content\/uploads\/2025\/09\/ECSVN4DZ2BGCDBKY3Y3MSCOS4U.jpg\" loading=\"lazy\"\/>Manifestantes propalestinos protestan durante la 15\u00aa etapa de la Vuelta en Monforte de Lemos.Eliseo Trigo (EFE)<\/p>\n<p class=\"\">El \u00f3rgano estatal, denominado com\u00fanmente como Comisi\u00f3n Antiviolencia, tambi\u00e9n ha propuesto este mi\u00e9rcoles una sanci\u00f3n de 4.000 euros y la prohibici\u00f3n de acceso a cualquier recinto deportivo durante un a\u00f1o a un aficionado del Real Oviedo acusado de proferir insultos racistas a Vinicius Junior y a Kylian Mbapp\u00e9 durante el encuentro liguero del pasado 24 de agosto entre blancos y carbayones.<\/p>\n<p class=\"\">La infracci\u00f3n, explica Antiviolencia en su comunicado, se detect\u00f3 en el minuto 37 del partido, \u201ccuando las c\u00e1maras captaron a un var\u00f3n ubicado en el Fondo Norte del estadio Carlos Tartiere <a href=\"https:\/\/elpais.com\/deportes\/futbol\/2025-08-24\/irrumpe-rodrygo-en-el-real-madrid-y-mbappe-sentencia-al-oviedo.html\" target=\"_self\" rel=\"nofollow noopener\" title=\"https:\/\/elpais.com\/deportes\/futbol\/2025-08-24\/irrumpe-rodrygo-en-el-real-madrid-y-mbappe-sentencia-al-oviedo.html\">que hac\u00eda gestos corporales de imitaci\u00f3n de un mono y que fue identificado por la Polic\u00eda Nacional como miembro de un grupo ultra del equipo local<\/a>\u201d. El individuo en cuesti\u00f3n fue detenido el pasado 6 de septiembre. Ahora, el Juzgado de Instrucci\u00f3n n\u00ba1 de Oviedo investiga si existe delito en su comportamiento.<\/p>\n<p class=\"\">La Comisi\u00f3n tambi\u00e9n ha propuesto multas al Elche, al Xerez, a la Ponferradina y al propio Real Oviedo por, dice, \u201cel incumplimiento en la obligaci\u00f3n del control de accesos con bengalas y alcohol a los estadios\u201d. Asimismo, tambi\u00e9n ha decretado de \u201calto riesgo\u201d cinco encuentros del f\u00fatbol profesional previstos para los pr\u00f3ximos d\u00edas: Girona-Espanyol (26 de septiembre), Atl\u00e9tico de Madrid-Real Madrid (27 de septiembre), Real Valladolid-Cultural y Deportiva Leonesa (28 de septiembre), Real Betis-Osasuna (28 de septiembre); y Burgos-Real Valladolid (12 de octubre).<\/p>\n","protected":false},"excerpt":{"rendered":"Tres d\u00edas despu\u00e9s del abrupto final de la Vuelta ciclista a Espa\u00f1a en el centro de Madrid, la&hellip;\n","protected":false},"author":2,"featured_media":121220,"comment_status":"","ping_status":"","sticky":false,"template":"","format":"standard","meta":{"footnotes":""},"categories":[273],"tags":[2771,313,68,312,168,25,24,816,74,1210,76,8692,33070,23,167,7603],"class_list":{"0":"post-121219","1":"post","2":"type-post","3":"status-publish","4":"format-standard","5":"has-post-thumbnail","7":"category-ciclismo","8":"tag-cantabria","9":"tag-ciclismo","10":"tag-conflicto-arabe-israeli","11":"tag-cycling","12":"tag-deportes","13":"tag-es","14":"tag-espana","15":"tag-galicia","16":"tag-israel","17":"tag-laliga-ea-sports","18":"tag-palestina","19":"tag-principado-de-asturias","20":"tag-sanciones-deportivas","21":"tag-spain","22":"tag-sports","23":"tag-vuelta-espana"},"share_on_mastodon":{"url":"","error":""},"_links":{"self":[{"href":"https:\/\/www.europesays.com\/es\/wp-json\/wp\/v2\/posts\/121219","targetHints":{"allow":["GET"]}}],"collection":[{"href":"https:\/\/www.europesays.com\/es\/wp-json\/wp\/v2\/posts"}],"about":[{"href":"https:\/\/www.europesays.com\/es\/wp-json\/wp\/v2\/types\/post"}],"author":[{"embeddable":true,"href":"https:\/\/www.europesays.com\/es\/wp-json\/wp\/v2\/users\/2"}],"replies":[{"embeddable":true,"href":"https:\/\/www.europesays.com\/es\/wp-json\/wp\/v2\/comments?post=121219"}],"version-history":[{"count":0,"href":"https:\/\/www.europesays.com\/es\/wp-json\/wp\/v2\/posts\/121219\/revisions"}],"wp:featuredmedia":[{"embeddable":true,"href":"https:\/\/www.europesays.com\/es\/wp-json\/wp\/v2\/media\/121220"}],"wp:attachment":[{"href":"https:\/\/www.europesays.com\/es\/wp-json\/wp\/v2\/media?parent=121219"}],"wp:term":[{"taxonomy":"category","embeddable":true,"href":"https:\/\/www.europesays.com\/es\/wp-json\/wp\/v2\/categories?post=121219"},{"taxonomy":"post_tag","embeddable":true,"href":"https:\/\/www.europesays.com\/es\/wp-json\/wp\/v2\/tags?post=121219"}],"curies":[{"name":"wp","href":"https:\/\/api.w.org\/{rel}","templated":true}]}}