{"id":121229,"date":"2025-09-17T17:10:10","date_gmt":"2025-09-17T17:10:10","guid":{"rendered":"https:\/\/www.europesays.com\/es\/121229\/"},"modified":"2025-09-17T17:10:10","modified_gmt":"2025-09-17T17:10:10","slug":"maruja-mallo-y-aurelia-munoz-estrellas-de-la-nueva-temporada-del-reina-sofia-cultura","status":"publish","type":"post","link":"https:\/\/www.europesays.com\/es\/121229\/","title":{"rendered":"Maruja Mallo y Aur\u00e8lia Mu\u00f1oz, estrellas de la nueva temporada del Reina Sof\u00eda | Cultura"},"content":{"rendered":"<p class=\"\">Dos grandes artistas mujeres, <a href=\"https:\/\/elpais.com\/espana\/madrid\/2022-01-05\/el-color-del-madrid-de-maruja-mallo.html\" target=\"_blank\" rel=\"nofollow noopener\" title=\"https:\/\/elpais.com\/espana\/madrid\/2022-01-05\/el-color-del-madrid-de-maruja-mallo.html\">Maruja Mallo (1902-1995)<\/a> y <a href=\"https:\/\/elpais.com\/babelia\/2025-03-01\/puntadas-subversivas.html\" target=\"_blank\" rel=\"nofollow noopener\" title=\"https:\/\/elpais.com\/babelia\/2025-03-01\/puntadas-subversivas.html\">Aur\u00e8lia Mu\u00f1oz (1926-2011)<\/a>, protagonizar\u00e1n la temporada art\u00edstica del <a href=\"https:\/\/elpais.com\/noticias\/museo-reina-sofia\/\" target=\"_blank\" rel=\"nofollow noopener\" title=\"https:\/\/elpais.com\/noticias\/museo-reina-sofia\/\">Museo Reina Sof\u00eda<\/a> en un periodo (oto\u00f1o de 2025 hasta la primavera de 2026) en el que Alberto Greco, <a href=\"https:\/\/elpais.com\/icon\/2025-02-13\/40-millones-de-muertos-despues-los-peligros-de-borrar-el-sida-de-las-obras-de-arte-que-inspiro.html\" target=\"_blank\" rel=\"nofollow noopener\" title=\"https:\/\/elpais.com\/icon\/2025-02-13\/40-millones-de-muertos-despues-los-peligros-de-borrar-el-sida-de-las-obras-de-arte-que-inspiro.html\">F\u00e9lix Gonz\u00e1lez-Torres<\/a>, <a href=\"https:\/\/elpais.com\/icon-design\/2024-09-14\/juan-usle-en-nueva-york-encuentro-al-urbanita-y-en-saro-al-nino-abierto-a-las-fuerzas-de-la-naturaleza.html\" target=\"_blank\" rel=\"nofollow noopener\" title=\"https:\/\/elpais.com\/icon-design\/2024-09-14\/juan-usle-en-nueva-york-encuentro-al-urbanita-y-en-saro-al-nino-abierto-a-las-fuerzas-de-la-naturaleza.html\">Juan Usl\u00e9<\/a> y <a href=\"https:\/\/elpais.com\/cultura\/2025-05-24\/oliver-laxe-ganador-del-premio-del-jurado-en-cannes-llevo-deprimido-desde-los-seis-anos-y-eso-me-ha-llevado-a-hacer-cine.html\" target=\"_blank\" rel=\"nofollow noopener\" title=\"https:\/\/elpais.com\/cultura\/2025-05-24\/oliver-laxe-ganador-del-premio-del-jurado-en-cannes-llevo-deprimido-desde-los-seis-anos-y-eso-me-ha-llevado-a-hacer-cine.html\">Oliver Laxe<\/a> compartir\u00e1n expectativas con la revisi\u00f3n de la colecci\u00f3n permanente que ha emprendido el director, <a href=\"https:\/\/elpais.com\/cultura\/2023-06-05\/manuel-segade-nuevo-director-del-museo-reina-sofia.html\" target=\"_blank\" rel=\"nofollow noopener\" title=\"https:\/\/elpais.com\/cultura\/2023-06-05\/manuel-segade-nuevo-director-del-museo-reina-sofia.html\">Manuel Segade<\/a>. <\/p>\n<p class=\"\">El replanteamiento total de la colecci\u00f3n ideada por Manuel Borja-Villel, constar\u00e1 de cuatro cap\u00edtulos. En febrero los visitantes podr\u00e1n conocer los \u00faltimos 50 a\u00f1os de la colecci\u00f3n: desde la Transici\u00f3n hasta nuestros d\u00edas. Segade adelanta que habr\u00e1 sorpresas con algunas obras, pero declina adelantar t\u00edtulos o nombres. Lo \u00fanico que explica es que ser\u00e1 un periodo contado, desde Espa\u00f1a, a trav\u00e9s de la obra de m\u00e1s de 200 artistas. Las siguientes etapas consumir\u00e1n tres a\u00f1os, el tiempo que le quedar\u00eda para completar su primer mandato. Todos los equipos del museo, asegura, est\u00e1n trabajando en la nueva presentaci\u00f3n de la colecci\u00f3n.<\/p>\n<p class=\"\">Manuel Segade, que se hizo cargo del museo en 2023, ha arrancado la presentaci\u00f3n de la temporada hablando de Maruja Mallo. M\u00e1scara y comp\u00e1s, que se podr\u00e1 ver entre el 8 de octubre y el 16 de marzo. Coproducida con el Centro Bot\u00edn de Santander, y enriquecida con fondos del <a href=\"https:\/\/elpais.com\/eps\/2022-03-05\/archivo-lafuente-como-un-fabricante-de-queso-conformo-el-gran-legado-para-entender-las-vanguardias.html\" target=\"_blank\" rel=\"nofollow noopener\" title=\"https:\/\/elpais.com\/eps\/2022-03-05\/archivo-lafuente-como-un-fabricante-de-queso-conformo-el-gran-legado-para-entender-las-vanguardias.html\">Archivo Lafuente<\/a>, la muestra se estren\u00f3 en la capital c\u00e1ntabra. Segade no teme que la artista gallega haya perdido protagonismo ni espectadores. En Madrid se exhibir\u00e1n alrededor de 90 pinturas, dibujos, escritos y documentos, adem\u00e1s de v\u00eddeos con los que se certifica su modernidad y la influencia que lleg\u00f3 a alcanzar entre sus contempor\u00e1neos en los a\u00f1os 30. El Archivo Lafuente, comprado por el Estado en 2022, es, en palabras de Segade, mucho m\u00e1s que un archivo convencional. \u201cEs una espl\u00e9ndida colecci\u00f3n llena de joyas entre las que se encuentran las herramientas que Maruja Mallo utiliz\u00f3 para trabajar\u201d. El director cree, adem\u00e1s, que en 2026 estar\u00e1 terminando el <a href=\"https:\/\/elpais.com\/cultura\/2018\/07\/23\/actualidad\/1532375359_850726.html\" target=\"_blank\" rel=\"nofollow noopener\" title=\"https:\/\/elpais.com\/cultura\/2018\/07\/23\/actualidad\/1532375359_850726.html\">Centro Asociado del Reina Sof\u00eda santanderino<\/a> con 130.000 piezas.<\/p>\n<p class=\"\">Para contemplar la retrospectiva de Aur\u00e8lia Mu\u00f1oz, Entes, habr\u00e1 que esperar hasta el 29 de abril. Posteriormente, en noviembre, viajar\u00e1 al Museu d\u2019Art Contemporani de Barcelona, coproductores del proyecto. Segade considera que se hace justicia con una artista y una forma creativa que durante mucho tiempo han estado vinculados al interiorismo, pese a ser una expresi\u00f3n art\u00edstica de primer nivel. \u201cSu obra da cuenta de la precocidad de la artista en cuestiones que hoy son centrales, como los imaginarios interespecie y el giro ontol\u00f3gico\u201d. Su universo, a\u00f1ade el director, est\u00e1 poblado de seres inagotables: figuras sin g\u00e9nero definido, personajes a medio camino entre lo humano y lo animal, cuerpos textiles cargados de presencia, arquitecturas vegetales, telas suspendidas o p\u00e1jaros-cometa.<\/p>\n<p><img alt=\"'\u00c0guila Beige', de Aur\u00e8lia Mu\u00f1oz en 1977, en una imagen cedida por el Museo Reina Sof\u00eda.\" decoding=\"auto\" class=\"_re lazyload a_m-h\" height=\"311\"  width=\"414\"  src=\"https:\/\/www.europesays.com\/es\/wp-content\/uploads\/2025\/09\/JGXSDAZ4LRDMHH52EVDQW6T4F4.jpg\" loading=\"lazy\"\/>&#8216;\u00c0guila Beige&#8217;, de Aur\u00e8lia Mu\u00f1oz en 1977, en una imagen cedida por el Museo Reina Sof\u00eda.<\/p>\n<p class=\"\">La obra del argentino Alberto Greco llegar\u00e1 el 11 de febrero. El artista inici\u00f3 sus acciones de \u00abarte vivo\u00bb en 1962, en el mercado de Les Halles de Par\u00eds, rodeando con un c\u00edrculo de tiza y con su firma a viandantes desconocidos. Ese mismo a\u00f1o public\u00f3 en G\u00e9nova su Manifesto Dito del Arte Vivo, que peg\u00f3 en los muros de la ciudad. Por el \u201cspettacolo d\u2019Arte Vivo\u201d Cristo 63, presentado en el Teatro Laboratorio de Roma, fue expulsado de Italia. Bien conocido en Espa\u00f1a, esta exposici\u00f3n se ensancha con proyectos realizados junto a creadores espa\u00f1oles como Manolo Millares o Eduardo Arroyo. Tambi\u00e9n se a\u00f1adir\u00e1n las acciones de \u00abarte vivo\u00bb realizadas en Lavapi\u00e9s (Madrid) o Piedralaves \u00c1vila), entre 1963 y 1964.<\/p>\n<p>Sir\u00e2t, tambi\u00e9n en el museo<\/p>\n<p class=\"\">En la historia del Museo Reina Sof\u00eda, el cine tambi\u00e9n ha tenido una consideraci\u00f3n art\u00edstica de primer nivel que ha ido aumentando con el tiempo. Por eso no es de extra\u00f1ar que <a href=\"https:\/\/elpais.com\/cultura\/2025-05-15\/oliver-laxe-cineasta-vivimos-un-olor-a-crepusculo-que-se-junta-con-las-ganas-de-que-surja-un-nuevo-mundo.html\" target=\"_blank\" rel=\"nofollow noopener\" title=\"https:\/\/elpais.com\/cultura\/2025-05-15\/oliver-laxe-cineasta-vivimos-un-olor-a-crepusculo-que-se-junta-con-las-ganas-de-que-surja-un-nuevo-mundo.html\">Oliver Laxe<\/a>, protagonice la exposici\u00f3n HU\/\/Bailad como si nadie os viera, a partir del 17 de diciembre. Comisariada por Chema Gonz\u00e1lez, la muestra ha sido concebida como una gigantesca instalaci\u00f3n en torno a Sir\u00e2t. <a href=\"https:\/\/elpais.com\/cultura\/cine\/2025-09-17\/sirat-de-oliver-laxe-representara-a-espana-para-competir-por-la-nominacion-al-oscar-a-mejor-pelicula-internacional.html\" target=\"_blank\" rel=\"nofollow noopener\" title=\"https:\/\/elpais.com\/cultura\/cine\/2025-09-17\/sirat-de-oliver-laxe-representara-a-espana-para-competir-por-la-nominacion-al-oscar-a-mejor-pelicula-internacional.html\">Elegida hoy mi\u00e9rcoles para representar a Espa\u00f1a en la carrera por el Oscar<\/a> como mejor pel\u00edcula internacional, la cinta ya fue premiada en Cannes y est\u00e1 siendo un fen\u00f3meno de recaudaci\u00f3n en toda Europa. El Museo inaugura con esta propuesta la nueva programaci\u00f3n del Espacio 1, dedicada a partir de ahora a la exposici\u00f3n de pr\u00e1cticas art\u00edsticas en cine y nuevos medios; una apuesta, que junto a la sala Cine recientemente abierta, ahonda en el compromiso y la reflexi\u00f3n sobre el cine y la imagen en movimiento.<\/p>\n<p><img alt=\"'Bailar como si nadie os viera', de Oliver Laxe, en una imagen cedida por el Museo Reina Sof\u00eda.\" decoding=\"auto\" class=\"_re lazyload a_m-h\" height=\"275\"  width=\"414\"  src=\"https:\/\/www.europesays.com\/es\/wp-content\/uploads\/2025\/09\/FLPRHTUEMBBR7MMZCC42RTK5CY.jpg\" loading=\"lazy\"\/>&#8216;Bailar como si nadie os viera&#8217;, de Oliver Laxe, en una imagen cedida por el Museo Reina Sof\u00eda.La perla de Elizabeth Taylor<\/p>\n<p class=\"\">Nadie ha lucido nunca una joya con el glamour con el que <a href=\"https:\/\/elpais.com\/smoda\/elizabeth-taylor-cleopatra-contrato-historia-cine.html\" target=\"_blank\" rel=\"nofollow noopener\" title=\"https:\/\/elpais.com\/smoda\/elizabeth-taylor-cleopatra-contrato-historia-cine.html\">Elizabeth Taylor<\/a> se adorn\u00f3 con la conocida como perla peregrina. La m\u00edtica joya es el motivo de la exposici\u00f3n que <a href=\"https:\/\/elpais.com\/cultura\/2024-01-23\/fernando-sanchez-castillo-el-artista-que-hizo-del-yate-de-franco-una-instalacion-las-banderas-se-muestran-para-crispar.html\" target=\"_blank\" rel=\"nofollow noopener\" title=\"https:\/\/elpais.com\/cultura\/2024-01-23\/fernando-sanchez-castillo-el-artista-que-hizo-del-yate-de-franco-una-instalacion-las-banderas-se-muestran-para-crispar.html\">Fernando S\u00e1nchez Castillo<\/a> ha ideado para reabrir el Palacio de Vel\u00e1zquez del parque del Retiro cerrado por obras de rehabilitaci\u00f3n. La fecha prevista es el 24 de junio de 2026. La exposici\u00f3n cuenta c\u00f3mo la perla descubierta por un esclavo pas\u00f3 de ser un objeto suntuario a transformarse en s\u00edmbolo popular. S\u00e1nchez Castillo utiliza la leyenda para reflexionar sobre el lugar que el arte ocupa en el mundo.<\/p>\n","protected":false},"excerpt":{"rendered":"Dos grandes artistas mujeres, Maruja Mallo (1902-1995) y Aur\u00e8lia Mu\u00f1oz (1926-2011), protagonizar\u00e1n la temporada art\u00edstica del Museo Reina&hellip;\n","protected":false},"author":2,"featured_media":121230,"comment_status":"","ping_status":"","sticky":false,"template":"","format":"standard","meta":{"footnotes":""},"categories":[173],"tags":[229,233,231,230,209,232,234,39965,146,147,25,24,241,39963,39964,39962,3873,17948,25700,503,11789,23],"class_list":{"0":"post-121229","1":"post","2":"type-post","3":"status-publish","4":"format-standard","5":"has-post-thumbnail","7":"category-arte-y-diseno","8":"tag-arte","9":"tag-arte-y-diseno","10":"tag-arts","11":"tag-arts-and-design","12":"tag-cultura","13":"tag-design","14":"tag-diseno","15":"tag-elizabeth-taylor","16":"tag-entertainment","17":"tag-entretenimiento","18":"tag-es","19":"tag-espana","20":"tag-exposiciones","21":"tag-felix-gonzalez-torres","22":"tag-juan-usle","23":"tag-maruja-mallo","24":"tag-museos","25":"tag-museos-publicos","26":"tag-oliver-laxe","27":"tag-pintura","28":"tag-reina-sofia","29":"tag-spain"},"share_on_mastodon":{"url":"","error":""},"_links":{"self":[{"href":"https:\/\/www.europesays.com\/es\/wp-json\/wp\/v2\/posts\/121229","targetHints":{"allow":["GET"]}}],"collection":[{"href":"https:\/\/www.europesays.com\/es\/wp-json\/wp\/v2\/posts"}],"about":[{"href":"https:\/\/www.europesays.com\/es\/wp-json\/wp\/v2\/types\/post"}],"author":[{"embeddable":true,"href":"https:\/\/www.europesays.com\/es\/wp-json\/wp\/v2\/users\/2"}],"replies":[{"embeddable":true,"href":"https:\/\/www.europesays.com\/es\/wp-json\/wp\/v2\/comments?post=121229"}],"version-history":[{"count":0,"href":"https:\/\/www.europesays.com\/es\/wp-json\/wp\/v2\/posts\/121229\/revisions"}],"wp:featuredmedia":[{"embeddable":true,"href":"https:\/\/www.europesays.com\/es\/wp-json\/wp\/v2\/media\/121230"}],"wp:attachment":[{"href":"https:\/\/www.europesays.com\/es\/wp-json\/wp\/v2\/media?parent=121229"}],"wp:term":[{"taxonomy":"category","embeddable":true,"href":"https:\/\/www.europesays.com\/es\/wp-json\/wp\/v2\/categories?post=121229"},{"taxonomy":"post_tag","embeddable":true,"href":"https:\/\/www.europesays.com\/es\/wp-json\/wp\/v2\/tags?post=121229"}],"curies":[{"name":"wp","href":"https:\/\/api.w.org\/{rel}","templated":true}]}}