{"id":121231,"date":"2025-09-17T17:11:11","date_gmt":"2025-09-17T17:11:11","guid":{"rendered":"https:\/\/www.europesays.com\/es\/121231\/"},"modified":"2025-09-17T17:11:11","modified_gmt":"2025-09-17T17:11:11","slug":"vuelve-friso-feria-de-editoriales-emergentes","status":"publish","type":"post","link":"https:\/\/www.europesays.com\/es\/121231\/","title":{"rendered":"Vuelve Friso, feria de editoriales emergentes"},"content":{"rendered":"<p class=\"gr_datos_tiempo\">01 MIN 30 SEG<\/p>\n<p class=\"gr_datos_autor\">Grupo REFORMA<\/p>\n<p class=\"gr_datos_lugar_fecha\">Cd. de M\u00e9xico  (17 septiembre 2025) .-11:00 hrs<\/p>\n<p><img decoding=\"async\" id=\"imgCerrarSticky\" style=\"display:none;\" class=\"stickyImg\" onclick=\"cerrarSticky()\" src=\"https:\/\/www.europesays.com\/es\/wp-content\/uploads\/2025\/07\/btn_cerrar.png\"\/><img decoding=\"async\" src=\"https:\/\/www.europesays.com\/es\/wp-content\/uploads\/2025\/09\/1757026390_774_expande.png\" alt=\"\"\/><img decoding=\"async\" src=\"https:\/\/www.europesays.com\/es\/wp-content\/uploads\/2025\/09\/6026942.jpg&#038;imagencompleta=1.jpeg\" alt=\"En Friso se reunir\u00e1n 35 sellos independientes, con propuestas gr\u00e1ficas y literarias fuera del mercado tradicional.\" class=\"imgArt zoomable-image\"\/><\/p>\n<p class=\"gr_pie_de_foto\">En Friso se reunir\u00e1n 35 sellos independientes, con propuestas gr\u00e1ficas y literarias fuera del mercado tradicional. Cr\u00e9dito: casadellago.unam.mx<\/p>\n<p><strong>Friso<\/strong>, feria editorial independiente, alista su edici\u00f3n n\u00famero 4, a llevarse a cabo el 20 y 21 de septiembre en las salas Rosario Castellanos y Jos\u00e9 Emilio Pacheco de la <strong>Casa del Lago<\/strong>.<\/p>\n<p><img decoding=\"async\" width=\"35px\" height=\"35px\" style=\"display:none;\" src=\"https:\/\/www.europesays.com\/es\/wp-content\/uploads\/2025\/09\/contrae2.png\" alt=\"\" id=\"closeM\"\/><img class=\"modal-content\"\/><\/p>\n","protected":false},"excerpt":{"rendered":"01 MIN 30 SEG Grupo REFORMA Cd. de M\u00e9xico (17 septiembre 2025) .-11:00 hrs En Friso se reunir\u00e1n&hellip;\n","protected":false},"author":2,"featured_media":121232,"comment_status":"","ping_status":"","sticky":false,"template":"","format":"standard","meta":{"footnotes":""},"categories":[172],"tags":[3027,224,39968,209,3662,146,147,25,24,599,39966,701,225,39967,23],"class_list":{"0":"post-121231","1":"post","2":"type-post","3":"status-publish","4":"format-standard","5":"has-post-thumbnail","7":"category-libros","8":"tag-apuestagr","9":"tag-books","10":"tag-casa-del-lago","11":"tag-cultura","12":"tag-editoriales","13":"tag-entertainment","14":"tag-entretenimiento","15":"tag-es","16":"tag-espana","17":"tag-feria","18":"tag-friso","19":"tag-independiente","20":"tag-libros","21":"tag-sellos","22":"tag-spain"},"share_on_mastodon":{"url":"","error":""},"_links":{"self":[{"href":"https:\/\/www.europesays.com\/es\/wp-json\/wp\/v2\/posts\/121231","targetHints":{"allow":["GET"]}}],"collection":[{"href":"https:\/\/www.europesays.com\/es\/wp-json\/wp\/v2\/posts"}],"about":[{"href":"https:\/\/www.europesays.com\/es\/wp-json\/wp\/v2\/types\/post"}],"author":[{"embeddable":true,"href":"https:\/\/www.europesays.com\/es\/wp-json\/wp\/v2\/users\/2"}],"replies":[{"embeddable":true,"href":"https:\/\/www.europesays.com\/es\/wp-json\/wp\/v2\/comments?post=121231"}],"version-history":[{"count":0,"href":"https:\/\/www.europesays.com\/es\/wp-json\/wp\/v2\/posts\/121231\/revisions"}],"wp:featuredmedia":[{"embeddable":true,"href":"https:\/\/www.europesays.com\/es\/wp-json\/wp\/v2\/media\/121232"}],"wp:attachment":[{"href":"https:\/\/www.europesays.com\/es\/wp-json\/wp\/v2\/media?parent=121231"}],"wp:term":[{"taxonomy":"category","embeddable":true,"href":"https:\/\/www.europesays.com\/es\/wp-json\/wp\/v2\/categories?post=121231"},{"taxonomy":"post_tag","embeddable":true,"href":"https:\/\/www.europesays.com\/es\/wp-json\/wp\/v2\/tags?post=121231"}],"curies":[{"name":"wp","href":"https:\/\/api.w.org\/{rel}","templated":true}]}}