{"id":121235,"date":"2025-09-17T17:13:07","date_gmt":"2025-09-17T17:13:07","guid":{"rendered":"https:\/\/www.europesays.com\/es\/121235\/"},"modified":"2025-09-17T17:13:07","modified_gmt":"2025-09-17T17:13:07","slug":"el-granadino-pablo-heras-casado-premio-nacional-de-la-musica","status":"publish","type":"post","link":"https:\/\/www.europesays.com\/es\/121235\/","title":{"rendered":"El granadino Pablo Heras-Casado, Premio Nacional de la M\u00fasica"},"content":{"rendered":"<p class=\"v-mdl-ath__p v-mdl-ath__p--6\">\nMi\u00e9rcoles, 17 de septiembre 2025, 17:42<\/p>\n<p class=\"v-p\">El jurado de los Premios Nacionales de M\u00fasica 2025 ha propuesto la concesi\u00f3n de estos galardones al compositor y director Francisco Coll, en la modalidad de Composici\u00f3n, y al director granadino Pablo Heras-Casado, en la modalidad de Interpretaci\u00f3n. Estos premios, que concede anualmente el Ministerio de Cultura a trav\u00e9s del Instituto Nacional de las Artes Esc\u00e9nicas y de la M\u00fasica (INAEM), est\u00e1n dotados con 30.000 euros cada uno. <\/p>\n<p class=\"v-p\">El jurado ha otorgado el galard\u00f3n a Heras-Casado por \u00abel indiscutible alcance de su trayectoria internacional, con invitaciones regulares a las m\u00e1s destacadas orquestas y salas del mundo y, especialmente, por el hito de haber sido invitado como director al Festival de Bayreuth hasta en tres ocasiones, siendo la primera batuta espa\u00f1ola en volver a ser invitado en la cita alemana\u00bb. La de Heras-Casado es \u00abuna carrera reconocida con los principales premios dentro y fuera de Espa\u00f1a, incluidos los galardones a su grabaci\u00f3n de la &#8216;Cuarta Sinfon\u00eda&#8217; de Bruckner en 2024\u00bb, concluye el jurado.<\/p>\n<p class=\"v-p\">Por su parte, el jurado premia a Coll \u00abpor su capacidad para encontrar una voz propia anclada en las ra\u00edces de la cultura espa\u00f1ola, en la que se unen la vanguardia y la tradici\u00f3n, y marcada por un caracter\u00edstico lirismo, que le ha permitido conectar con un amplio espectro de p\u00fablico\u00bb. Asimismo, ha puesto en valor que a lo largo de 2024 ha estrenado obras destacadas como el &#8216;Concierto para Violonchelo&#8217; interpretado por Sol Gabetta en los BBC Proms londinenses o &#8216;Ciudad sin sue\u00f1o&#8217;, para piano y orquesta, estrenada en Reino Unido por Javier Perianes y la London Philarmonic Orquestra. \u00abSus obras han sido interpretadas por formaciones tan destacadas como la Filarm\u00f3nica de Los \u00c1ngeles, la Sinf\u00f3nica de Lucerna o la London Sinfonietta\u00bb, a\u00f1ade. <\/p>\n<p>Comenta<\/p>\n<p>Reporta un error<\/p>\n","protected":false},"excerpt":{"rendered":"Mi\u00e9rcoles, 17 de septiembre 2025, 17:42 El jurado de los Premios Nacionales de M\u00fasica 2025 ha propuesto la&hellip;\n","protected":false},"author":2,"featured_media":121236,"comment_status":"","ping_status":"","sticky":false,"template":"","format":"standard","meta":{"footnotes":""},"categories":[170],"tags":[146,147,25,24,15440,39969,184,185,813,618,843,23],"class_list":{"0":"post-121235","1":"post","2":"type-post","3":"status-publish","4":"format-standard","5":"has-post-thumbnail","7":"category-musica","8":"tag-entertainment","9":"tag-entretenimiento","10":"tag-es","11":"tag-espana","12":"tag-granadino","13":"tag-herascasado","14":"tag-music","15":"tag-musica","16":"tag-nacional","17":"tag-pablo","18":"tag-premio","19":"tag-spain"},"share_on_mastodon":{"url":"","error":""},"_links":{"self":[{"href":"https:\/\/www.europesays.com\/es\/wp-json\/wp\/v2\/posts\/121235","targetHints":{"allow":["GET"]}}],"collection":[{"href":"https:\/\/www.europesays.com\/es\/wp-json\/wp\/v2\/posts"}],"about":[{"href":"https:\/\/www.europesays.com\/es\/wp-json\/wp\/v2\/types\/post"}],"author":[{"embeddable":true,"href":"https:\/\/www.europesays.com\/es\/wp-json\/wp\/v2\/users\/2"}],"replies":[{"embeddable":true,"href":"https:\/\/www.europesays.com\/es\/wp-json\/wp\/v2\/comments?post=121235"}],"version-history":[{"count":0,"href":"https:\/\/www.europesays.com\/es\/wp-json\/wp\/v2\/posts\/121235\/revisions"}],"wp:featuredmedia":[{"embeddable":true,"href":"https:\/\/www.europesays.com\/es\/wp-json\/wp\/v2\/media\/121236"}],"wp:attachment":[{"href":"https:\/\/www.europesays.com\/es\/wp-json\/wp\/v2\/media?parent=121235"}],"wp:term":[{"taxonomy":"category","embeddable":true,"href":"https:\/\/www.europesays.com\/es\/wp-json\/wp\/v2\/categories?post=121235"},{"taxonomy":"post_tag","embeddable":true,"href":"https:\/\/www.europesays.com\/es\/wp-json\/wp\/v2\/tags?post=121235"}],"curies":[{"name":"wp","href":"https:\/\/api.w.org\/{rel}","templated":true}]}}