{"id":121243,"date":"2025-09-17T17:18:07","date_gmt":"2025-09-17T17:18:07","guid":{"rendered":"https:\/\/www.europesays.com\/es\/121243\/"},"modified":"2025-09-17T17:18:07","modified_gmt":"2025-09-17T17:18:07","slug":"la-nasa-confirma-un-cambio-inesperado-en-su-comportamiento","status":"publish","type":"post","link":"https:\/\/www.europesays.com\/es\/121243\/","title":{"rendered":"la NASA confirma un cambio inesperado en su comportamiento"},"content":{"rendered":"<p>La <b>Tierra<\/b>, junto al resto de planetas de nuestro sistema, orbita alrededor del <b>Sol<\/b>. Con semejante papel central, no sorprende que la comunidad cient\u00edfica lleve d\u00e9cadas siguiendo de cerca todo lo que sucede en su superficie.<\/p>\n<p>En los \u00faltimos a\u00f1os <b>se han conseguido avances destacados que han permitido acercarse m\u00e1s que nunca a los secretos de nuestra estrella<\/b>. Uno de los hitos m\u00e1s relevantes ha sido la <b>misi\u00f3n de la sonda Parker, que se convirti\u00f3 en el artefacto humano que m\u00e1s se ha aproximado al Sol<\/b>.<\/p>\n<p>Sin embargo, <b>Parker<\/b> no es el \u00fanico intento por desentra\u00f1ar los misterios solares. Investigadores de todo el mundo desarrollan m\u00faltiples estudios, y uno de los m\u00e1s recientes ha despertado la atenci\u00f3n: el Sol est\u00e1 mostrando se\u00f1ales de un cambio inesperado.<\/p>\n<p>Un cambio que rompe con dos siglos de patr\u00f3n<\/p>\n<p>Una investigaci\u00f3n publicada en <b>The Astrophysical Journal Letters ha revelado que desde 2008 la actividad solar no ha hecho m\u00e1s que aumentar, rompiendo con la tendencia descendente que ven\u00eda observ\u00e1ndose desde la d\u00e9cada de 1980<\/b>.<\/p>\n<p>Este giro ha desconcertado a la comunidad cient\u00edfica, que esperaba que el Sol se adentrara en una fase de calma prolongada. No se hab\u00eda registrado un comportamiento similar en los <b>\u00faltimos<\/b><b>200 a\u00f1os<\/b>.<\/p>\n<p>Los archivos hist\u00f3ricos de actividad solar, que llegan hasta el siglo <b>XVII<\/b>, muestran que nuestra estrella ha atravesado fases de inactividad prolongada. Las m\u00e1s conocidas se produjeron entre <b>1645 y 1715, y posteriormente de 1790 a 1830<\/b>. El m\u00ednimo solar registrado en <b>2008<\/b> fue precisamente lo que llev\u00f3 a pensar que el Sol estaba a las puertas de un periodo comparable.<\/p>\n<p>\u201cTodo apuntaba a que el Sol entrar\u00eda en una fase prolongada de baja actividad. As\u00ed que fue una sorpresa ver que esa tendencia se revirti\u00f3. El Sol est\u00e1 despertando lentamente\u201d, se\u00f1ala<b> Jamie Jasinski, del Jet Propulsion Laboratory de la NASA<\/b>.<\/p>\n<p>El trabajo se sustenta en el an\u00e1lisis de datos heliosf\u00e9ricos recopilados en la plataforma <b>OMNIWeb Plus<\/b>, gestionada por el<b> Centro de Vuelo Espacial Goddard de la NASA<\/b>. Estos datos proceden de diversas misiones espaciales de la agencia, como el <b>Explorador de Composici\u00f3n Avanzada (ACE) y Wind<\/b>.<\/p>\n<p>\u00bfQu\u00e9 consecuencias puede tener para la Tierra?<\/p>\n<p><b>El aumento de la actividad del Sol tiene un impacto directo sobre nuestro planeta<\/b>. De manera constante, el astro emite un flujo de part\u00edculas cargadas conocido como viento solar. Cuando este se intensifica, tambi\u00e9n crece la presi\u00f3n sobre la magnetosfera terrestre, la capa que nos protege de estas emisiones.<\/p>\n<p>Ese incremento de actividad se refleja en un mayor n\u00famero de erupciones solares y eyecciones de masa coronal, fen\u00f3menos que liberan cantidades enormes de energ\u00eda y part\u00edculas al espacio.<\/p>\n<p>Aunque la magnetosfera funciona como escudo, estas explosiones pueden tener efectos sobre la tecnolog\u00eda en la Tierra. Entre ellos se incluyen interferencias en el GPS, fallos en las comunicaciones por radio y, en situaciones extremas, sobrecargas en las redes el\u00e9ctricas.<\/p>\n<p>Adem\u00e1s, representan un reto para la exploraci\u00f3n espacial, ya que pueden da\u00f1ar sat\u00e9lites y aumentar el riesgo para astronautas en misiones prolongadas, debido al incremento de la radiaci\u00f3n solar.<\/p>\n","protected":false},"excerpt":{"rendered":"La Tierra, junto al resto de planetas de nuestro sistema, orbita alrededor del Sol. Con semejante papel central,&hellip;\n","protected":false},"author":2,"featured_media":121244,"comment_status":"","ping_status":"","sticky":false,"template":"","format":"standard","meta":{"footnotes":""},"categories":[81],"tags":[119,123,124,25,24,117,121,122,23,118,120],"class_list":{"0":"post-121243","1":"post","2":"type-post","3":"status-publish","4":"format-standard","5":"has-post-thumbnail","7":"category-ciencia-y-tecnologia","8":"tag-ciencia","9":"tag-ciencia-y-tecnologia","10":"tag-cienciaytecnologia","11":"tag-es","12":"tag-espana","13":"tag-science","14":"tag-science-and-technology","15":"tag-scienceandtechnology","16":"tag-spain","17":"tag-technology","18":"tag-tecnologia"},"share_on_mastodon":{"url":"","error":""},"_links":{"self":[{"href":"https:\/\/www.europesays.com\/es\/wp-json\/wp\/v2\/posts\/121243","targetHints":{"allow":["GET"]}}],"collection":[{"href":"https:\/\/www.europesays.com\/es\/wp-json\/wp\/v2\/posts"}],"about":[{"href":"https:\/\/www.europesays.com\/es\/wp-json\/wp\/v2\/types\/post"}],"author":[{"embeddable":true,"href":"https:\/\/www.europesays.com\/es\/wp-json\/wp\/v2\/users\/2"}],"replies":[{"embeddable":true,"href":"https:\/\/www.europesays.com\/es\/wp-json\/wp\/v2\/comments?post=121243"}],"version-history":[{"count":0,"href":"https:\/\/www.europesays.com\/es\/wp-json\/wp\/v2\/posts\/121243\/revisions"}],"wp:featuredmedia":[{"embeddable":true,"href":"https:\/\/www.europesays.com\/es\/wp-json\/wp\/v2\/media\/121244"}],"wp:attachment":[{"href":"https:\/\/www.europesays.com\/es\/wp-json\/wp\/v2\/media?parent=121243"}],"wp:term":[{"taxonomy":"category","embeddable":true,"href":"https:\/\/www.europesays.com\/es\/wp-json\/wp\/v2\/categories?post=121243"},{"taxonomy":"post_tag","embeddable":true,"href":"https:\/\/www.europesays.com\/es\/wp-json\/wp\/v2\/tags?post=121243"}],"curies":[{"name":"wp","href":"https:\/\/api.w.org\/{rel}","templated":true}]}}