{"id":121247,"date":"2025-09-17T17:20:08","date_gmt":"2025-09-17T17:20:08","guid":{"rendered":"https:\/\/www.europesays.com\/es\/121247\/"},"modified":"2025-09-17T17:20:08","modified_gmt":"2025-09-17T17:20:08","slug":"la-jefa-de-la-diplomacia-europea-tacha-de-erronea-la-decision-de-espana-de-no-participar-en-eurovision-si-israel-asiste-el-mundo","status":"publish","type":"post","link":"https:\/\/www.europesays.com\/es\/121247\/","title":{"rendered":"La jefa de la diplomacia europea tacha de &quot;err\u00f3nea&quot; la decisi\u00f3n de Espa\u00f1a de no participar en Eurovisi\u00f3n si Israel asiste &#8211; El Mundo"},"content":{"rendered":"<ol>\n<li><a href=\"https:\/\/news.google.com\/rss\/articles\/CBMigwFBVV95cUxPejI4dFdyLVJlZmY1Zy1QZzc1OEIyWUFzWlJCcXpJZXpSNGI5U05ZTkhRaDdvSzF6QzFiXzJZM0FtMmltMU1pS0NxQk9KdThUNWhlRk9iUktwNlYwbXdSdmw4VGExX2l2X1c1aUlrT1pVOG8tVFhqaGZFeEpfbE4zd0Q0SdIBgwFBVV95cUxPUFU5YUFJeDNTVzBvNWw4UnNxUlFVYUpnbzZVWXVOenJheGNzdjVUNGYyUmhuTHQxWEtycTNjcGxKWXRvRU8tWFRSeTVKSGNMa1EzaEtGNmdoZWpTeG9wMG1xU3BmVVdyc1BFMmc2S1RNTDE5NXYwSmM1VjVnUWp0VzdJbw?oc=5\" target=\"_blank\" rel=\"nofollow noopener\">La jefa de la diplomacia europea tacha de \u00aberr\u00f3nea\u00bb la decisi\u00f3n de Espa\u00f1a de no participar en Eurovisi\u00f3n si Israel asiste<\/a>&nbsp;&nbsp;El Mundo<\/li>\n<li><a href=\"https:\/\/news.google.com\/rss\/articles\/CBMipgFBVV95cUxNZmdMNmJ5NTFCWmZFd3hEVnJVVFpEVTZNWm5hVzdMOEhpY1pRRFhKSzFNMnQySlhKdFJ2SFltRTRtbC1pOE1LRU5CSFotTFBicWNtSTllTVB4a0g0cnQwR3JmMk04QkZMR3FSVkl5Wk9XZHlmVGZ2NUljdWU4Qk00WXJvRUhTaVhJR1hla0FpQV9vblczclBWVHRpaUE2YVFhQnM4Q0dR?oc=5\" target=\"_blank\" rel=\"nofollow noopener\">Carlos Herrera, sobre que la selecci\u00f3n espa\u00f1ola se retire del Mundial por la participaci\u00f3n de Israel: \u00abEl Gobierno no puede prohibir&#8230;\u00bb<\/a>&nbsp;&nbsp;ABC<\/li>\n<li><a href=\"https:\/\/news.google.com\/rss\/articles\/CBMi1AFBVV95cUxQcDFVLWJxaER0MEZzZjllY05sak43UGxNSVBwaC14eGszZDcycW9wV3pMQ3FBUTJDb3R1X0E1eHJuN3FCb0lIZ0NtdUM2UGtEUE5zWUFFcUR2NHFmWHpxSWhxaTZ3TE5jNHBJbmNIaFlraTN4Y0V1NVg3VW10Vkc4YlVwWl9KeFVUaGRrNG9qVXV6MUdZT1FkOGhXMlhsRDU3NTFvM082bXdMQTc3TWs0Q1k0cl8tN0htRzZTYkxhaDJXRm1FUXU0eHZub0pOZnhpWm1Eb9IB2gFBVV95cUxNQ3M1R25GQVIzUm1aYnhLcmxQTkMxMzQtVkItZk5FWWdlVWs5X25LR2FQUmZDLW44cGx6TXZsb2JDVTRuQVo5eGV4bFRpdk1tYjZ0Q0puaWZWXzdiU1lfM2ktbi1CeGRlRE9kdHhjamtyTWNVWi1naXNnaVM0NUtsUktMN3RHQVpYdmJhbk5zaUE5enNueUdOYi1DZWpzalZCRzc0RzktWEE5cUFOclJMelRpcHV0RHVpaVI3RUl6WHZrcm1IdzRyOE85MDJNLWVVRURzeUp5dWs5Zw?oc=5\" target=\"_blank\" rel=\"nofollow noopener\">Ayuso alcanza la cima del cinismo hablando de \u00abla primera trans en Eurovisi\u00f3n\u00bb para defender a Israel: \u00abEst\u00e1s t\u00fa para hablar de derechos LGTBIQ+\u00bb<\/a>&nbsp;&nbsp;Diario P\u00fablico<\/li>\n<li><a href=\"https:\/\/news.google.com\/rss\/articles\/CBMivgFBVV95cUxPdUh6VGNJMzRPUS1VU2ZJQ2xBNmxZYzk2dEtvYTllOUlnclEzVGxENmc0ZnZvbG5vLUo3YVlyLXpnVlAxX3pDbWZnRkFPZDFzblo3X0pmUGFXT0o1NDBha3MySGpMaTEyQWU0d1d5MnlDdFBMbm5GRVVzQi1haEg3Nnp1VHdRWkR5QlRmS0VDenhURFp0dXZjakZKaThsaTRDT05MTVlpZjdVMXlyVXlPdnU0Tzg4aGRPX2dOSDdR0gHDAUFVX3lxTE5XZ2JTZE9YMXNwOTlnU0NEYWJ5bDhXUktzT3BvOEpFaG8zWkUtODRnM1pzX0p5QmJITC1MdjBWZjZHVEU0N3VOX3plSHRCckZvNGNib2tVSWpmaXRxMTduaDBad05XWnJCcjJWWHBKV0JpSGdNeWs5VkYyQmhoMlBWNlQ2a1JtZEc4d1JQcEVWRjJZVWlGQXlhRXRJZ2NzSThyd2dMcU5sUTQ2SG1TV1E5ekE4d3daMF9VX3pZa284SjBWTQ?oc=5\" target=\"_blank\" rel=\"nofollow noopener\">Maz\u00f3n zanja las dudas con el Benidorm Fest de RTVE: \u00abTiene todo nuestro apoyo\u00bb<\/a>&nbsp;&nbsp;El Confidencial<\/li>\n<li><a href=\"https:\/\/news.google.com\/rss\/articles\/CBMikwFBVV95cUxPbWp4QWNrMjdra3ItUk90czJXUTNRdEI5ZnFPUkVwZEVYamh4djBKMkFzZkhBQ1UwU2YyRDQ4YUFfLXk3d3pMeDBLMVlGeGlEdk1Yc0NKZ2xTZUJCa25fLUdPakNxSFhJYktrN0xoaENjRHlEYm13UHZkWmlNU3Q3M21hREZHREhKYUNVUG0xdDBoWVU?oc=5\" target=\"_blank\" rel=\"nofollow noopener\">El Consejo de Administraci\u00f3n de RTVE retirar\u00e1 a Espa\u00f1a de Eurovisi\u00f3n si Israel participa y tampoco emitir\u00e1 el certamen<\/a>&nbsp;&nbsp;RTVE.es<\/li>\n<\/ol>\n","protected":false},"excerpt":{"rendered":"La jefa de la diplomacia europea tacha de \u00aberr\u00f3nea\u00bb la decisi\u00f3n de Espa\u00f1a de no participar en Eurovisi\u00f3n&hellip;\n","protected":false},"author":2,"featured_media":121248,"comment_status":"","ping_status":"","sticky":false,"template":"","format":"standard","meta":{"footnotes":""},"categories":[42],"tags":[17,18,13,14,11,61,62,63,64,19,20,9,10,15,16,12,21,22,65,66,67],"class_list":{"0":"post-121247","1":"post","2":"type-post","3":"status-publish","4":"format-standard","5":"has-post-thumbnail","7":"category-internacional","8":"tag-breaking-news","9":"tag-breakingnews","10":"tag-featured-news","11":"tag-featurednews","12":"tag-headlines","13":"tag-internacional","14":"tag-international","15":"tag-international-news","16":"tag-internationalnews","17":"tag-latest-news","18":"tag-latestnews","19":"tag-news","20":"tag-noticias","21":"tag-noticias-destacadas","22":"tag-noticiasdestacadas","23":"tag-titulares","24":"tag-ultimas-noticias","25":"tag-ultimasnoticias","26":"tag-world","27":"tag-world-news","28":"tag-worldnews"},"share_on_mastodon":{"url":"","error":""},"_links":{"self":[{"href":"https:\/\/www.europesays.com\/es\/wp-json\/wp\/v2\/posts\/121247","targetHints":{"allow":["GET"]}}],"collection":[{"href":"https:\/\/www.europesays.com\/es\/wp-json\/wp\/v2\/posts"}],"about":[{"href":"https:\/\/www.europesays.com\/es\/wp-json\/wp\/v2\/types\/post"}],"author":[{"embeddable":true,"href":"https:\/\/www.europesays.com\/es\/wp-json\/wp\/v2\/users\/2"}],"replies":[{"embeddable":true,"href":"https:\/\/www.europesays.com\/es\/wp-json\/wp\/v2\/comments?post=121247"}],"version-history":[{"count":0,"href":"https:\/\/www.europesays.com\/es\/wp-json\/wp\/v2\/posts\/121247\/revisions"}],"wp:featuredmedia":[{"embeddable":true,"href":"https:\/\/www.europesays.com\/es\/wp-json\/wp\/v2\/media\/121248"}],"wp:attachment":[{"href":"https:\/\/www.europesays.com\/es\/wp-json\/wp\/v2\/media?parent=121247"}],"wp:term":[{"taxonomy":"category","embeddable":true,"href":"https:\/\/www.europesays.com\/es\/wp-json\/wp\/v2\/categories?post=121247"},{"taxonomy":"post_tag","embeddable":true,"href":"https:\/\/www.europesays.com\/es\/wp-json\/wp\/v2\/tags?post=121247"}],"curies":[{"name":"wp","href":"https:\/\/api.w.org\/{rel}","templated":true}]}}