{"id":121253,"date":"2025-09-17T17:23:09","date_gmt":"2025-09-17T17:23:09","guid":{"rendered":"https:\/\/www.europesays.com\/es\/121253\/"},"modified":"2025-09-17T17:23:09","modified_gmt":"2025-09-17T17:23:09","slug":"balonmano-soria-y-red-de-calor-unen-deporte-y-sostenibilidad","status":"publish","type":"post","link":"https:\/\/www.europesays.com\/es\/121253\/","title":{"rendered":"Balonmano Soria y Red de Calor unen deporte y sostenibilidad"},"content":{"rendered":"<p class=\"prip\">La Red de Calor y el Club Balonmano Soria organizaron una jornada de street marketing en la plaza Mariano Granados. El evento, que combin\u00f3 deporte y sostenibilidad, sirvi\u00f3 como antesala del debut del equipo en Divisi\u00f3n de Honor Plata y reuni\u00f3 a numerosas familias y aficionados.<\/p>\n<p class=\"prip\">Durante la ma\u00f1ana del pasado s\u00e1bado, los m\u00e1s peque\u00f1os fueron los grandes protagonistas. Seg\u00fan detallan desde la organizaci\u00f3n del evento, se instal\u00f3 un <strong>campo de balonmano infantil<\/strong> donde muchos pudieron tener su primer contacto con este deporte. Adem\u00e1s, una porter\u00eda de tiro atrajo a ni\u00f1os y adultos, que pusieron a prueba su punter\u00eda para conseguir diversos premios.<\/p>\n<ul>\n<li>Entradas para los pr\u00f3ximos partidos del Club Balonmano Soria.<\/li>\n<p>&#13;<\/p>\n<li>Merchandising exclusivo de la Red de Calor de Soria.<\/li>\n<p>&#13;<\/p>\n<li>Descuentos en el servicio de calefacci\u00f3n y agua caliente sanitaria.<\/li>\n<p>&#13;\n<\/ul>\n<p>Un debut en Plata arropado por la afici\u00f3n<\/p>\n<p>La jornada festiva sirvi\u00f3 como antesala del esperado debut del <strong>Club Balonmano Soria<\/strong> en la <strong>Divisi\u00f3n de Honor Plata<\/strong>. El equipo, reci\u00e9n ascendido, se enfrent\u00f3 al <strong>UD Ibiza Handbol Club Eivissa<\/strong> en el Pabell\u00f3n San Andr\u00e9s.<\/p>\n<p>Aunque el marcador final no fue favorable para el conjunto local en este primer encuentro, el equipo demostr\u00f3 su car\u00e1cter competitivo y la ilusi\u00f3n de afrontar una temporada exigente. El verdadero triunfo, sin embargo, se vivi\u00f3 en las gradas, que presentaron un <strong>ambiente extraordinario<\/strong>. La afici\u00f3n respondi\u00f3 con entusiasmo, llenando el pabell\u00f3n de apoyo y colorido, en lo que supone un gran augurio para las tardes de balonmano que est\u00e1n por venir.<\/p>\n<p>Sinergias que benefician a Soria<\/p>\n<p>M\u00e1s all\u00e1 del resultado deportivo, la jornada del s\u00e1bado puso de relieve los valores comunes que unen a la Red de Calor y al Balonmano Soria. El <strong>esfuerzo, el compromiso y la cercan\u00eda<\/strong> son pilares fundamentales para ambas entidades.<\/p>\n<p>Mientras el club representa la constancia y la pasi\u00f3n por el deporte, la empresa energ\u00e9tica impulsa un modelo sostenible y de futuro para la ciudad. Con este tipo de iniciativas, demuestran que el trabajo en equipo es la clave para alcanzar el \u00e9xito, con <strong>Soria como principal beneficiaria<\/strong> de estas alianzas.<\/p>\n","protected":false},"excerpt":{"rendered":"La Red de Calor y el Club Balonmano Soria organizaron una jornada de street marketing en la plaza&hellip;\n","protected":false},"author":2,"featured_media":121254,"comment_status":"","ping_status":"","sticky":false,"template":"","format":"standard","meta":{"footnotes":""},"categories":[278],"tags":[376,5437,634,168,25,24,2328,375,2525,532,246,11721,23,167],"class_list":{"0":"post-121253","1":"post","2":"type-post","3":"status-publish","4":"format-standard","5":"has-post-thumbnail","7":"category-balonmano","8":"tag-balonmano","9":"tag-debut","10":"tag-deporte","11":"tag-deportes","12":"tag-es","13":"tag-espana","14":"tag-fiesta","15":"tag-handball","16":"tag-plata","17":"tag-premios","18":"tag-soria","19":"tag-sostenible","20":"tag-spain","21":"tag-sports"},"share_on_mastodon":{"url":"","error":""},"_links":{"self":[{"href":"https:\/\/www.europesays.com\/es\/wp-json\/wp\/v2\/posts\/121253","targetHints":{"allow":["GET"]}}],"collection":[{"href":"https:\/\/www.europesays.com\/es\/wp-json\/wp\/v2\/posts"}],"about":[{"href":"https:\/\/www.europesays.com\/es\/wp-json\/wp\/v2\/types\/post"}],"author":[{"embeddable":true,"href":"https:\/\/www.europesays.com\/es\/wp-json\/wp\/v2\/users\/2"}],"replies":[{"embeddable":true,"href":"https:\/\/www.europesays.com\/es\/wp-json\/wp\/v2\/comments?post=121253"}],"version-history":[{"count":0,"href":"https:\/\/www.europesays.com\/es\/wp-json\/wp\/v2\/posts\/121253\/revisions"}],"wp:featuredmedia":[{"embeddable":true,"href":"https:\/\/www.europesays.com\/es\/wp-json\/wp\/v2\/media\/121254"}],"wp:attachment":[{"href":"https:\/\/www.europesays.com\/es\/wp-json\/wp\/v2\/media?parent=121253"}],"wp:term":[{"taxonomy":"category","embeddable":true,"href":"https:\/\/www.europesays.com\/es\/wp-json\/wp\/v2\/categories?post=121253"},{"taxonomy":"post_tag","embeddable":true,"href":"https:\/\/www.europesays.com\/es\/wp-json\/wp\/v2\/tags?post=121253"}],"curies":[{"name":"wp","href":"https:\/\/api.w.org\/{rel}","templated":true}]}}