{"id":121255,"date":"2025-09-17T17:24:09","date_gmt":"2025-09-17T17:24:09","guid":{"rendered":"https:\/\/www.europesays.com\/es\/121255\/"},"modified":"2025-09-17T17:24:09","modified_gmt":"2025-09-17T17:24:09","slug":"petro-celebro-que-filarmonica-de-bogota-se-presentara-en-la-antigua-plaza-de-toros-la-santamaria-en-lo-que-era-antes-la-plaza-de-la-incultura","status":"publish","type":"post","link":"https:\/\/www.europesays.com\/es\/121255\/","title":{"rendered":"Petro celebr\u00f3 que Filarm\u00f3nica de Bogot\u00e1 se presentar\u00e1 en la antigua Plaza de Toros La Santamar\u00eda: \u201cEn lo que era antes la plaza de la incultura\u201d"},"content":{"rendered":"<p><img alt=\"La Orquesta Filarm\u00f3nica de Bogot\u00e1\" class=\"global-image\" decoding=\"async\" fetchpriority=\"high\" height=\"1080\" loading=\"eager\" src=\"https:\/\/www.europesays.com\/es\/wp-content\/uploads\/2025\/09\/MQOY2NAE4RDXNG37MAMFV7DERQ.png\" width=\"1920\"\/>La Orquesta Filarm\u00f3nica de Bogot\u00e1 se presentar\u00e1 en la Plaza de la Cultura La Santamar\u00eda &#8211; cr\u00e9dito Colprensa y @petrogustavo\/X<\/p>\n<p class=\"paragraph\">El presidente Gustavo Petro amplific\u00f3 el anuncio de que la Orquesta Filarm\u00f3nica de Bogot\u00e1 se presentar\u00e1 en la antigua Plaza de Toros La Santamar\u00eda, ahora llamada Plaza Cultural la Santamar\u00eda, a prop\u00f3sito de la Bienal Internacional de Arte y Ciudad del 2025. <\/p>\n<p class=\"paragraph\">Sin embargo, no solo se mostr\u00f3 positivo por el evento, sino que celebr\u00f3 que el reconocido grupo musical se presentar\u00e1 en un espacio que fue la plataforma de la tauromaquia en el pa\u00eds. <\/p>\n<p class=\"paragraph\"><b>Ahora puede seguirnos en<\/b><a rel=\"noopener nofollow\" href=\"https:\/\/www.facebook.com\/infobaecolombia\" target=\"_blank\"><b> <\/b><b>Facebook<\/b><\/a><b> y en nuestro<\/b><a rel=\"noopener nofollow\" href=\"https:\/\/whatsapp.com\/channel\/0029Va4oNEALikgEL4Y8mb2K\" target=\"_blank\"><b> <\/b><b>WhatsApp Channel<\/b><\/a><\/p>\n<p class=\"paragraph\">\u201cEl 20 de septiembre inicia en Bogot\u00e1 la Bienal Internacional de Arte y Ciudad #BOG25. La inauguraci\u00f3n ser\u00e1 con La Casa Com\u00fan, <b>una experiencia inmersiva que transformar\u00e1 la Plaza Cultural La Santamar\u00eda en un escenario de arte, m\u00fasica y celebraci\u00f3n colectiva<\/b>\u201d, inform\u00f3 el Distrito de Bogot\u00e1. <\/p>\n<p class=\"paragraph\">La r\u00e9plica del mandatario fue: \u201cBien que la orquesta Filarm\u00f3nica de Bogot\u00e1 se presente en un nuevo escenario de cultura. En lo que era antes la plaza de la incultura\u201d. <\/p>\n","protected":false},"excerpt":{"rendered":"La Orquesta Filarm\u00f3nica de Bogot\u00e1 se presentar\u00e1 en la Plaza de la Cultura La Santamar\u00eda &#8211; cr\u00e9dito Colprensa&hellip;\n","protected":false},"author":2,"featured_media":121256,"comment_status":"","ping_status":"","sticky":false,"template":"","format":"standard","meta":{"footnotes":""},"categories":[277],"tags":[373,168,25,24,23,167,374],"class_list":{"0":"post-121255","1":"post","2":"type-post","3":"status-publish","4":"format-standard","5":"has-post-thumbnail","7":"category-toreo","8":"tag-bullfighting","9":"tag-deportes","10":"tag-es","11":"tag-espana","12":"tag-spain","13":"tag-sports","14":"tag-toreo"},"share_on_mastodon":{"url":"","error":""},"_links":{"self":[{"href":"https:\/\/www.europesays.com\/es\/wp-json\/wp\/v2\/posts\/121255","targetHints":{"allow":["GET"]}}],"collection":[{"href":"https:\/\/www.europesays.com\/es\/wp-json\/wp\/v2\/posts"}],"about":[{"href":"https:\/\/www.europesays.com\/es\/wp-json\/wp\/v2\/types\/post"}],"author":[{"embeddable":true,"href":"https:\/\/www.europesays.com\/es\/wp-json\/wp\/v2\/users\/2"}],"replies":[{"embeddable":true,"href":"https:\/\/www.europesays.com\/es\/wp-json\/wp\/v2\/comments?post=121255"}],"version-history":[{"count":0,"href":"https:\/\/www.europesays.com\/es\/wp-json\/wp\/v2\/posts\/121255\/revisions"}],"wp:featuredmedia":[{"embeddable":true,"href":"https:\/\/www.europesays.com\/es\/wp-json\/wp\/v2\/media\/121256"}],"wp:attachment":[{"href":"https:\/\/www.europesays.com\/es\/wp-json\/wp\/v2\/media?parent=121255"}],"wp:term":[{"taxonomy":"category","embeddable":true,"href":"https:\/\/www.europesays.com\/es\/wp-json\/wp\/v2\/categories?post=121255"},{"taxonomy":"post_tag","embeddable":true,"href":"https:\/\/www.europesays.com\/es\/wp-json\/wp\/v2\/tags?post=121255"}],"curies":[{"name":"wp","href":"https:\/\/api.w.org\/{rel}","templated":true}]}}