{"id":121259,"date":"2025-09-17T17:28:10","date_gmt":"2025-09-17T17:28:10","guid":{"rendered":"https:\/\/www.europesays.com\/es\/121259\/"},"modified":"2025-09-17T17:28:10","modified_gmt":"2025-09-17T17:28:10","slug":"la-federacion-vizcaina-de-ciclismo-ante-el-silencio-de-la-uci-sobre-israel-no-hay-ganas-de-seguir-en-una-institucion-que-nos-maltrata-mas-deportes","status":"publish","type":"post","link":"https:\/\/www.europesays.com\/es\/121259\/","title":{"rendered":"La Federaci\u00f3n Vizca\u00edna de Ciclismo, ante el silencio de la UCI sobre Israel: \u201cNo hay ganas de seguir en una instituci\u00f3n que nos maltrata\u201d | M\u00e1s deportes"},"content":{"rendered":"<p>La Uni\u00f3n Ciclista Internacional (UCI) ha emitido recientemente un comunicado en el que ha expresado su \u201cprofunda preocupaci\u00f3n\u201d por los incidentes ocurridos durante la Vuelta Ciclista a Espa\u00f1a, en especial las protestas propalestinas que han alterado el desarrollo de varias etapas y la llegada final en Madrid. En el texto, la UCI ha criticado la actitud del Gobierno espa\u00f1ol y ha alertado sobre los riesgos para la seguridad de los corredores, pero no ha mencionado de manera expl\u00edcita las denuncias contra el Estado de Israel ni la participaci\u00f3n del equipo Israel-Premier Tech en la carrera.<\/p>\n<p>Esta omisi\u00f3n ha generado malestar en parte del pelot\u00f3n, en federaciones territoriales y entre organizadores de pruebas, que han reclamado a la UCI mayor coherencia en su papel institucional.<\/p>\n<p>La voz cr\u00edtica de Manu G\u00f3mez Arredondo<\/p>\n<p>En Hoy por Hoy Bilbao-Bizkaia, el presidente de la Federaci\u00f3n Vizca\u00edna de Ciclismo, <b>Manu G\u00f3mez Arredondo<\/b>, ha expresado su rechazo frontal al comunicado de la UCI.\u201cNo se puede ser m\u00e1s contradictorio: mantener a un equipo que blanquea a un Estado que viola derechos humanos mientras se critica al Gobierno espa\u00f1ol por su postura. Su comunicado ha sido un bochorno, me he avergonzado de no haber alzado la voz antes\u201d, ha afirmado.<\/p>\n<p>El dirigente ha asegurado que la situaci\u00f3n \u201cha llegado a un l\u00edmite\u201d y que el ciclismo no ha podido permanecer neutral ante lo que est\u00e1 ocurriendo. \u201cSomos parte de la UCI, organizamos pruebas internacionales en Bizkaia y hemos tenido derecho a exigir responsabilidades\u201d, ha a\u00f1adido.<\/p>\n<p>Debate interno y posibles medidas<\/p>\n<p>G\u00f3mez Arredondo ha reconocido que su posicionamiento ha sido a t\u00edtulo personal, pero ha compartido la preocupaci\u00f3n con otros compa\u00f1eros del ciclismo vasco y estatal. \u201cNos ha pillado a pie cambiado, pero hemos tenido que reflexionar y valorar qu\u00e9 medidas tomar\u201d, ha se\u00f1alado.<\/p>\n<p>Aunque ha recordado que la Federaci\u00f3n Vizca\u00edna organiza cada a\u00f1o entre 8 y 10 pruebas UCI, la mayor\u00eda modestas, ha insistido en que la indignaci\u00f3n por el comunicado ha sido compartida: \u201cLa UCI nos ha maltratado con declaraciones de este tipo. En Vizcaya siempre hemos demostrado capacidad organizativa y seguridad en las carreras. Nunca ha habido problemas\u201d.<\/p>\n<p>Cr\u00edticas al \u201csilencio\u201d sobre Israel<\/p>\n<p>Para G\u00f3mez Arredondo, lo m\u00e1s grave del comunicado ha sido que no se haya hecho ninguna referencia a la situaci\u00f3n en Gaza ni a las denuncias de violaciones de derechos humanos: \u201cLa UCI ha dejado participar en competiciones a un equipo que blanquea un Estado que ha cometido flagrantes atentados contra los derechos humanos. Ha sido normal que la gente haya protestado y se haya rebelado\u201d, ha subrayado en la SER.<\/p>\n<p>El dirigente vizca\u00edno ha considerado que la federaci\u00f3n internacional \u201cha entrado en raz\u00f3n\u201d y ha esperado que adopte medidas, aunque ha reconocido que el debate apenas ha empezado dentro de las federaciones y clubes.<\/p>\n<p>Un debate que ha trascendido el deporte<\/p>\n<p>El presidente de la Federaci\u00f3n Vizca\u00edna de Ciclismo ha lamentado no haberse posicionado antes y ha pedido a todo el mundo del ciclismo que asuma su responsabilidad m\u00e1s all\u00e1 de lo deportivo. \u201cEl deporte no ha podido ser neutral cuando hemos hablado de derechos humanos. Si hemos callado, hemos colaborado con la injusticia\u201d, ha concluido.<\/p>\n","protected":false},"excerpt":{"rendered":"La Uni\u00f3n Ciclista Internacional (UCI) ha emitido recientemente un comunicado en el que ha expresado su \u201cprofunda preocupaci\u00f3n\u201d&hellip;\n","protected":false},"author":2,"featured_media":121260,"comment_status":"","ping_status":"","sticky":false,"template":"","format":"standard","meta":{"footnotes":""},"categories":[273],"tags":[313,312,168,25,24,23,167],"class_list":{"0":"post-121259","1":"post","2":"type-post","3":"status-publish","4":"format-standard","5":"has-post-thumbnail","7":"category-ciclismo","8":"tag-ciclismo","9":"tag-cycling","10":"tag-deportes","11":"tag-es","12":"tag-espana","13":"tag-spain","14":"tag-sports"},"share_on_mastodon":{"url":"","error":""},"_links":{"self":[{"href":"https:\/\/www.europesays.com\/es\/wp-json\/wp\/v2\/posts\/121259","targetHints":{"allow":["GET"]}}],"collection":[{"href":"https:\/\/www.europesays.com\/es\/wp-json\/wp\/v2\/posts"}],"about":[{"href":"https:\/\/www.europesays.com\/es\/wp-json\/wp\/v2\/types\/post"}],"author":[{"embeddable":true,"href":"https:\/\/www.europesays.com\/es\/wp-json\/wp\/v2\/users\/2"}],"replies":[{"embeddable":true,"href":"https:\/\/www.europesays.com\/es\/wp-json\/wp\/v2\/comments?post=121259"}],"version-history":[{"count":0,"href":"https:\/\/www.europesays.com\/es\/wp-json\/wp\/v2\/posts\/121259\/revisions"}],"wp:featuredmedia":[{"embeddable":true,"href":"https:\/\/www.europesays.com\/es\/wp-json\/wp\/v2\/media\/121260"}],"wp:attachment":[{"href":"https:\/\/www.europesays.com\/es\/wp-json\/wp\/v2\/media?parent=121259"}],"wp:term":[{"taxonomy":"category","embeddable":true,"href":"https:\/\/www.europesays.com\/es\/wp-json\/wp\/v2\/categories?post=121259"},{"taxonomy":"post_tag","embeddable":true,"href":"https:\/\/www.europesays.com\/es\/wp-json\/wp\/v2\/tags?post=121259"}],"curies":[{"name":"wp","href":"https:\/\/api.w.org\/{rel}","templated":true}]}}