{"id":121261,"date":"2025-09-17T17:29:07","date_gmt":"2025-09-17T17:29:07","guid":{"rendered":"https:\/\/www.europesays.com\/es\/121261\/"},"modified":"2025-09-17T17:29:07","modified_gmt":"2025-09-17T17:29:07","slug":"formula-1-hora-y-donde-ver-el-gran-premio-de-azerbaiyan","status":"publish","type":"post","link":"https:\/\/www.europesays.com\/es\/121261\/","title":{"rendered":"F\u00f3rmula 1: Hora y d\u00f3nde ver el Gran Premio de Azerbaiy\u00e1n"},"content":{"rendered":"<p>Este fin de semana se vivir\u00e1 una nueva fecha del Campeonato Mundial de la <strong><a href=\"https:\/\/bolavip.com\/cl\/tema\/formula-1\" target=\"_blank\" rel=\"noreferrer noopener nofollow\" title=\"F\u00f3rmula 1\">F\u00f3rmula 1<\/a><\/strong> en su temporada 2025, donde el <strong>Gran Premio de Azerbaiy\u00e1n<\/strong> se tomar\u00e1 las pantallas en el siempre atractivo circuito callejero de Bak\u00fa.<\/p>\n<p>En esta oportunidad se podr\u00eda resolver bien anticipadamente al campe\u00f3n del campeonato de constructores, ya que <strong>McLaren<\/strong> est\u00e1 muy cerca de revalidar el t\u00edtulo que consigui\u00f3 la temporada pasada.<\/p>\n<p><strong>La f\u00f3rmula m\u00e1s pr\u00e1ctica para que el equipo ingl\u00e9s asegure una nueva chapa es que sus corredores consigan el 1-2<\/strong>, los mismos que lideran el campeonato de pilotos, el australiano <strong>Oscar Piastri<\/strong> (324 puntos) y el brit\u00e1nico <strong>Lando Norris<\/strong> (293 puntos).<\/p>\n<p>Mientras que quienes buscar\u00e1n impedir aquello son los de <strong>Ferrari<\/strong>, con el monegasco <strong>Charles Leclerc<\/strong> y el siete veces campe\u00f3n del mundo <strong><a href=\"https:\/\/bolavip.com\/cl\/tema\/lewis-hamilton\" target=\"_blank\" rel=\"noreferrer noopener nofollow\" title=\"Lewis Hamilton\">Lewis Hamilton<\/a><\/strong>.<\/p>\n<p>Tambi\u00e9n lo har\u00e1 el vigente tetracampe\u00f3n <strong>Max Verstappen<\/strong> de <strong>Red Bull Racing<\/strong>, que <strong>viene de ganar la \u00faltima carrera en Monza<\/strong>, en el Gran Premio de Italia.<\/p>\n<p>  <img decoding=\"async\" alt=\"\" aria-hidden=\"true\" class=\"i-amphtml-intrinsic-sizer\" role=\"presentation\" src=\"data:image\/svg+xml;base64,PHN2ZyBoZWlnaHQ9IjY4MyIgd2lkdGg9IjEwMjQiIHhtbG5zPSJodHRwOi8vd3d3LnczLm9yZy8yMDAwL3N2ZyIgdmVyc2lvbj0iMS4xIi8+\"\/> Max Verstappen viene de ganar el Gran Premio de Italia. (Foto: Clive Rose\/Getty Images) <\/p>\n<p><strong>El Gran Premio de Azerbaiy\u00e1n corresponde a la fecha 17 de la temporada 2025 de la F\u00f3rmula 1<\/strong>, en un circuito que mide 6 kil\u00f3metros y que cuenta con dos zonas de DRS, que se corre en 51 vueltas, y donde hay que completar 306 kil\u00f3metros en total.<\/p>\n<p> <strong>Horarios para CHILE del Gran Premio de Azerbaiy\u00e1n<\/strong> <\/p>\n<p><strong>VIERNES 19 DE SEPTIEMBRE<\/strong><\/p>\n<ul>\n<li><strong>Pr\u00e1ctica libre 1:<\/strong>\u00a005:30 AM de Chile<\/li>\n<li><strong>Pr\u00e1ctica libre 2:<\/strong>\u00a009:00 AM de Chile<\/li>\n<\/ul>\n<p><strong>S\u00c1BADO 20 DE SEPTIEMBRE<\/strong><\/p>\n<ul>\n<li><strong>Pr\u00e1ctica libre 3:<\/strong>\u00a005:30 AM de Chile<\/li>\n<li><strong>Clasificaci\u00f3n:<\/strong>\u00a009:00 AM de Chile<\/li>\n<\/ul>\n<p><strong>DOMINGO 21 DE SEPTIEMBRE<\/strong><\/p>\n<ul>\n<li><strong>Carrera:<\/strong>\u00a008:00 AM de Chile<\/li>\n<\/ul>\n<p> <strong>\u00bfD\u00f3nde ver en CHILE el Gran Premio de Azerbaiy\u00e1n?<\/strong> <\/p>\n<p>El Gran Premio de Azerbaiy\u00e1n, as\u00ed como toda la temporada de la F\u00f3rmula 1, se puede ver a trav\u00e9s de la plataforma de pago <strong>Disney+<\/strong> en el plan premium.<\/p>\n","protected":false},"excerpt":{"rendered":"Este fin de semana se vivir\u00e1 una nueva fecha del Campeonato Mundial de la F\u00f3rmula 1 en su&hellip;\n","protected":false},"author":2,"featured_media":121262,"comment_status":"","ping_status":"","sticky":false,"template":"","format":"standard","meta":{"footnotes":""},"categories":[270],"tags":[168,25,24,306,271,272,37292,23,167],"class_list":{"0":"post-121261","1":"post","2":"type-post","3":"status-publish","4":"format-standard","5":"has-post-thumbnail","7":"category-formula-1","8":"tag-deportes","9":"tag-es","10":"tag-espana","11":"tag-f1","12":"tag-formula-1","13":"tag-formula1","14":"tag-gran-premio-de-azerbaiyan","15":"tag-spain","16":"tag-sports"},"share_on_mastodon":{"url":"","error":""},"_links":{"self":[{"href":"https:\/\/www.europesays.com\/es\/wp-json\/wp\/v2\/posts\/121261","targetHints":{"allow":["GET"]}}],"collection":[{"href":"https:\/\/www.europesays.com\/es\/wp-json\/wp\/v2\/posts"}],"about":[{"href":"https:\/\/www.europesays.com\/es\/wp-json\/wp\/v2\/types\/post"}],"author":[{"embeddable":true,"href":"https:\/\/www.europesays.com\/es\/wp-json\/wp\/v2\/users\/2"}],"replies":[{"embeddable":true,"href":"https:\/\/www.europesays.com\/es\/wp-json\/wp\/v2\/comments?post=121261"}],"version-history":[{"count":0,"href":"https:\/\/www.europesays.com\/es\/wp-json\/wp\/v2\/posts\/121261\/revisions"}],"wp:featuredmedia":[{"embeddable":true,"href":"https:\/\/www.europesays.com\/es\/wp-json\/wp\/v2\/media\/121262"}],"wp:attachment":[{"href":"https:\/\/www.europesays.com\/es\/wp-json\/wp\/v2\/media?parent=121261"}],"wp:term":[{"taxonomy":"category","embeddable":true,"href":"https:\/\/www.europesays.com\/es\/wp-json\/wp\/v2\/categories?post=121261"},{"taxonomy":"post_tag","embeddable":true,"href":"https:\/\/www.europesays.com\/es\/wp-json\/wp\/v2\/tags?post=121261"}],"curies":[{"name":"wp","href":"https:\/\/api.w.org\/{rel}","templated":true}]}}