{"id":121263,"date":"2025-09-17T17:30:13","date_gmt":"2025-09-17T17:30:13","guid":{"rendered":"https:\/\/www.europesays.com\/es\/121263\/"},"modified":"2025-09-17T17:30:13","modified_gmt":"2025-09-17T17:30:13","slug":"el-estilo-de-juego-de-pedro-martinez-es-perfecto-para-mi","status":"publish","type":"post","link":"https:\/\/www.europesays.com\/es\/121263\/","title":{"rendered":"El estilo de juego de Pedro Mart\u00ednez es perfecto para m\u00ed"},"content":{"rendered":"<p class=\"ft-text ft-helper-align-justify\"><strong>El <\/strong><a class=\"ft-link ft-link--decoration\" href=\"https:\/\/www.superdeporte.es\/tags\/valencia-basket\/\" rel=\"nofollow noopener\" target=\"_blank\"><strong>Valencia Basket<\/strong><\/a><strong> ha presentado este mi\u00e9rcoles en la pista central de l&#8217;Alqueria del Basket <\/strong>a uno de sus fichajes estrella para la temporada 2025-2026: <a class=\"ft-link ft-link--decoration\" href=\"https:\/\/www.superdeporte.es\/tags\/omari-moore\/\" rel=\"nofollow noopener\" target=\"_blank\"> Omari Moore<\/a> <strong>(1,98m, Pasadena (California), 18\/09\/2000, 24 a\u00f1os), <\/strong> un exterior vers\u00e1til que est\u00e1 convencido de que su adaptaci\u00f3n al juego del Valencia Basket ser\u00e1 perfecta: \u00abEl estilo de juego de Pedro Mart\u00ednez me beneficia mucho, se adapta muy bien a mis condiciones. Es un juego r\u00e1pido y con muchos exteriores, creo que es ideal para m\u00ed\u00bb, afirmaba el jugador que viene de jugar en South East Melbourne Phoenix de la Liga australiana.<\/p>\n<p>La Euroliga, su mayor reto<\/p>\n<p class=\"ft-text\"><strong>Cuando le lleg\u00f3 la oferta del Valencia Basket, Moore no dud\u00f3 en cruzar el charco e iniciar una nueva aventura en Espa\u00f1a <\/strong>donde debutar\u00e1 en la <a class=\"ft-link ft-link--decoration\" href=\"https:\/\/www.acb.com\/\" rel=\"nofollow noopener\" target=\"_blank\">Liga Endesa <\/a>y tambi\u00e9n en la <a class=\"ft-link ft-link--decoration\" href=\"https:\/\/www.euroleaguebasketball.net\/euroleague\/\" rel=\"nofollow noopener\" target=\"_blank\">Euroliga<\/a>, un reto que ha sido clave en su fichaje por el club taronja: \u00abPoder jugar la Euroliga es un reto, es una gran competici\u00f3n y me motiva mucho\u00bb. Tambi\u00e9n se mostr\u00f3 motivado con el hecho de iniciar la temporada con la opci\u00f3n de ganar el primer t\u00edtulo, la <a class=\"ft-link ft-link--decoration\" href=\"https:\/\/www.superdeporte.es\/tags\/supercopa\/\" rel=\"nofollow noopener\" target=\"_blank\">Supercopa Endesa <\/a>el pr\u00f3ximo fin de semana en M\u00e1laga: \u00abEstoy emocionado de empezar jugando la Eurocopa. Nunca hab\u00eda estado en disposici\u00f3n de ganar un t\u00edtulo, de jugar un partido como el que jugaremos ante el Unicaja que nos permita optar a ganar un t\u00edtulo al d\u00eda siguiente. El equipo est\u00e1 trabajando mucho para preparar la Supercopa y creo que vamos a llegar a M\u00e1laga muy preparados\u00bb.<\/p>\n<p><img decoding=\"async\" src=\"https:\/\/www.europesays.com\/es\/wp-content\/uploads\/2025\/09\/722d7e5c-db26-4090-959b-92f5e1c24865_alta-libre-aspect-ratio_default_0.jpg\" width=\"1200\" height=\"800\" alt=\"Omari Moore fue presentado en L'Alqueria del Basket\" class=\"ft-helper-img-rd\" loading=\"lazy\" hasdataaida=\"true\"\/><\/p>\n<p class=\"ft-helper-fontColor-quaternary ft-helper-fontSize-body-S ft-helper-spacer-t-xxs\">Omari Moore fue presentado en L&#8217;Alqueria del Basket  \/ F. Calabuig<\/p>\n<p>Le gusta el estilo del Valencia Basket<\/p>\n<p class=\"ft-text\"><strong>Sobre el juego del Valencia Basket y lo que espera de \u00e9l Pedro Mart\u00ednez, resalt\u00f3:<\/strong> \u00abEs la primera vez que juego a ese ritmo, pero me lo estoy pasando muy bien. Con las rotaciones el entrenador nos permite estar frescos y creo que jugar as\u00ed puede mostrar algunas de mis fortalezas. Soy un jugador vers\u00e1til, que puedo coger un rebote y acabar la jugada con una canasta en el otro aro, puedo aportar tambi\u00e9n en defensa\u00bb.<\/p>\n<p class=\"ft-text\"><strong>Moore agradeci\u00f3 la manera en la que el t\u00e9cnico les exige y les plantea lo que quiere de ellos. <\/strong>\u00abUna de las cosas que m\u00e1s me gusta es que no nos deja hacer menos que lo mejor. Es muy exigente pero no te lo reclama a gritos, nos dice lo que tenemos que hacer y todos saben que tienen que hacerlo si quieren jugar\u00bb, afirm\u00f3.<\/p>\n<p class=\"ft-text\"><strong>El exterior tambi\u00e9n se mostr\u00f3 encantado de poder jugar en el <\/strong><a class=\"ft-link ft-link--decoration\" href=\"https:\/\/www.superdeporte.es\/tags\/roig-arena\/\" rel=\"nofollow noopener\" target=\"_blank\"><strong>Roig Arena<\/strong><\/a><strong>.<\/strong> \u00abEl Arena es muy bonito, he visto varios de la NBA y este es comparable y mejor que algunos de los de all\u00ed. Estoy deseando poder jugar en \u00e9l\u00bb, afirm\u00f3.<\/p>\n<p><img decoding=\"async\" src=\"https:\/\/www.europesays.com\/es\/wp-content\/uploads\/2025\/09\/6d880071-3b66-4a8f-93f3-c6c71fb257e7_alta-libre-aspect-ratio_default_0.jpg\" width=\"1200\" height=\"800\" alt=\"Moore resalt\u00f3 la calidad del Valencia BC\" class=\"ft-helper-img-rd\" loading=\"lazy\" hasdataaida=\"true\"\/><\/p>\n<p class=\"ft-helper-fontColor-quaternary ft-helper-fontSize-body-S ft-helper-spacer-t-xxs\">Moore resalt\u00f3 la calidad del Valencia BC  \/ F. Calabuig<\/p>\n<p>Feliz en Val\u00e8ncia<\/p>\n<p class=\"ft-text\"><strong>Sobre su adaptaci\u00f3n a la plantilla, Moore se mostr\u00f3 encantado:<\/strong> \u00abCuando llegu\u00e9 no conoc\u00eda a nadie, no hab\u00eda coincidido con ninguno de mis compa\u00f1eros pero el vestuario me ha recibido con los brazos abiertos Me siento muy c\u00f3modo, es un equipo con calidad, todos est\u00e1n preparados para ayudar al equipo. Es un grupo con ganas de hacer pi\u00f1a desde el principio. Todos los jugadores tienen calidad y tienen ganas de hacer grupo. Estoy muy emocionado por formar parte del Valencia Basket, quiero devolver la apuesta con trabajo. Llevamos un par de semanas muy duras de entrenamiento pero ten\u00eda muchas ganas y estoy deseando que empiece la temporada\u00bb, se\u00f1al\u00f3.<\/p>\n<p class=\"ft-text\"><strong>Tambi\u00e9n le gusta lo que de momento ha visto de Val\u00e8ncia<\/strong>: \u00abMe encanta la ciudad y el tiempo, soy de Los Angeles, de California y me recuerda un poco, el tr\u00e1fico es bueno, algo que agradezco tras mi etapa en Estambul. He visitado el centro de la ciudad y tambi\u00e9n he estado en la playa. E agua de la playa no est\u00e1 fr\u00eda y he probado ya algunas paellas pero espero vuestras recomendaciones\u00bb, brome\u00f3.<\/p>\n<p class=\"ft-text\"><strong>Sobre la larga y exigente temporada que le espera al equipo en la que compaginar\u00e1 Liga y Euroliga<\/strong>, Moore destac\u00f3: \u00abs\u00e9 que la <a class=\"ft-link ft-link--decoration\" href=\"https:\/\/www.superdeporte.es\/tags\/acb\/\" rel=\"nofollow noopener\" target=\"_blank\">ACB <\/a>va a ser dura, que cada semana tendremos partidos complicados y que muchas veces vendr\u00e1n despu\u00e9s de jornadas dobles de Euroliga, por eso tenemos que estar muy bien preparados f\u00edsicamente\u00bb.<\/p>\n<p>Bienvenida de V\u00edctor Luengo<\/p>\n<p class=\"ft-text\"><strong>El director de relaciones externas del Valencia, <\/strong><a class=\"ft-link ft-link--decoration\" href=\"https:\/\/www.superdeporte.es\/tags\/victor-luengo\/\" rel=\"nofollow noopener\" target=\"_blank\"><strong>V\u00edctor Luengo<\/strong><\/a><strong>,<\/strong> destac\u00f3 la temporada que firm\u00f3 en el Darussfaka el curso pasado con una valoraci\u00f3n media de 17 puntos por partido. \u00abEs un jugador muy vers\u00e1til y puede defender a cualquier de las tres posiciones exteriores. Va a ser una pieza importante. Es una apuesta importante del director deportivo, debuta en la Euroliga pero le venimos siguiendo desde hace tiempo\u00bb.<\/p>\n<p>Acto patrocinado por B Travel<\/p>\n<p class=\"ft-text\"><strong>El acto de presentaci\u00f3n de Omari Moore estuvo patrocinado por B Travel,<\/strong> la agencia de viajes oficial del club, que lleva ya 12 a\u00f1os formando parte \u00abde la familia\u00bb taronja, como resalt\u00f3 <strong>V\u00edctor Luengo<\/strong> que entreg\u00f3 un cuadro conmemorativo a Ricardo Franquelo, Jefe de Zona Levante de B Travel: \u00abDesde B Travel acompa\u00f1amos a los jugadores en primera l\u00ednea, nosotros, a nuestra manera, tambi\u00e9n jugamos la Euroliga ya que estamos en plena campa\u00f1a de internacionalizaci\u00f3n de marca para posiconarnos fuera de nuestras fronteras. Adem\u00e1s, en unas semanas, inauguraremos una nueva tienda en la Plaza de Espa\u00f1a\u00bb.<\/p>\n<p><img decoding=\"async\" src=\"https:\/\/www.europesays.com\/es\/wp-content\/uploads\/2025\/09\/04d76341-67bc-4462-8610-2ee299f46cc0_alta-libre-aspect-ratio_default_0.jpg\" width=\"1200\" height=\"941\" alt=\"V\u00edctor Luengo junto a Ricardo Franquelo, de B Travel\" class=\"ft-helper-img-rd\" loading=\"lazy\" hasdataaida=\"true\"\/><\/p>\n<p class=\"ft-helper-fontColor-quaternary ft-helper-fontSize-body-S ft-helper-spacer-t-xxs\">V\u00edctor Luengo junto a Ricardo Franquelo, de B Travel  \/ F. Calabuig<\/p>\n","protected":false},"excerpt":{"rendered":"El Valencia Basket ha presentado este mi\u00e9rcoles en la pista central de l&#8217;Alqueria del Basket a uno de&hellip;\n","protected":false},"author":2,"featured_media":121264,"comment_status":"","ping_status":"","sticky":false,"template":"","format":"standard","meta":{"footnotes":""},"categories":[269],"tags":[299,298,168,25,24,833,378,23832,665,27882,27881,27883,12326,2436,23,167,4611,2916],"class_list":{"0":"post-121263","1":"post","2":"type-post","3":"status-publish","4":"format-standard","5":"has-post-thumbnail","7":"category-baloncesto","8":"tag-baloncesto","9":"tag-basketball","10":"tag-deportes","11":"tag-es","12":"tag-espana","13":"tag-euroliga","14":"tag-jugador","15":"tag-l","16":"tag-liga-endesa","17":"tag-moore","18":"tag-omari","19":"tag-omari-moore","20":"tag-pedro-martinez","21":"tag-presentacion","22":"tag-spain","23":"tag-sports","24":"tag-supercopa","25":"tag-valencia-basket"},"share_on_mastodon":{"url":"","error":""},"_links":{"self":[{"href":"https:\/\/www.europesays.com\/es\/wp-json\/wp\/v2\/posts\/121263","targetHints":{"allow":["GET"]}}],"collection":[{"href":"https:\/\/www.europesays.com\/es\/wp-json\/wp\/v2\/posts"}],"about":[{"href":"https:\/\/www.europesays.com\/es\/wp-json\/wp\/v2\/types\/post"}],"author":[{"embeddable":true,"href":"https:\/\/www.europesays.com\/es\/wp-json\/wp\/v2\/users\/2"}],"replies":[{"embeddable":true,"href":"https:\/\/www.europesays.com\/es\/wp-json\/wp\/v2\/comments?post=121263"}],"version-history":[{"count":0,"href":"https:\/\/www.europesays.com\/es\/wp-json\/wp\/v2\/posts\/121263\/revisions"}],"wp:featuredmedia":[{"embeddable":true,"href":"https:\/\/www.europesays.com\/es\/wp-json\/wp\/v2\/media\/121264"}],"wp:attachment":[{"href":"https:\/\/www.europesays.com\/es\/wp-json\/wp\/v2\/media?parent=121263"}],"wp:term":[{"taxonomy":"category","embeddable":true,"href":"https:\/\/www.europesays.com\/es\/wp-json\/wp\/v2\/categories?post=121263"},{"taxonomy":"post_tag","embeddable":true,"href":"https:\/\/www.europesays.com\/es\/wp-json\/wp\/v2\/tags?post=121263"}],"curies":[{"name":"wp","href":"https:\/\/api.w.org\/{rel}","templated":true}]}}