{"id":121267,"date":"2025-09-17T17:32:08","date_gmt":"2025-09-17T17:32:08","guid":{"rendered":"https:\/\/www.europesays.com\/es\/121267\/"},"modified":"2025-09-17T17:32:08","modified_gmt":"2025-09-17T17:32:08","slug":"hay-tantas-cosas-que-ha-hecho-tan-mal-que-ya-no-va-a-tener-mi-voto","status":"publish","type":"post","link":"https:\/\/www.europesays.com\/es\/121267\/","title":{"rendered":"Hay tantas cosas que ha hecho tan mal, que ya no va a tener mi voto"},"content":{"rendered":"<p class=\"article-text\">\n        <strong>Bel\u00e9n Esteban<\/strong> confes\u00f3 este martes en <strong>No somos nadie<\/strong> que en las \u00faltimas elecciones auton\u00f3micas de Madrid vot\u00f3 a <strong>Isabel D\u00edaz Ayuso<\/strong> (PP). Eso s\u00ed, advirti\u00f3 tambi\u00e9n que no volver\u00e1 a darle su apoyo.\n    <\/p>\n<p>    <a href=\"https:\/\/www.eldiario.es\/videos\/actualidad\/wyoming-responde-criticas-peineta-netanyahu-repito-si-no-habeis-visto_7_12609675.html\" data-mrf-recirculation=\"saber-mas\" data-dl-event=\"saber-mas\" rel=\"nofollow noopener\" target=\"_blank\"><\/p>\n<p class=\"know-more__title\">Wyoming responde a las cr\u00edticas por su peineta a Netanyahu: \u00abLa repito por si no la hab\u00e9is visto bien\u00bb<\/p>\n<p>            <img decoding=\"async\" class=\"lazy\" loading=\"lazy\" data-src=\"https:\/\/static.eldiario.es\/clip\/9aeba44a-00df-4569-802a-7f34c4a756b4_16-9-aspect-ratio_default_0.jpg\" src=\"data:image\/svg+xml,%3Csvg xmlns=\" http:=\"\" viewbox=\"0 0 880 495\" alt=\"Wyoming responde a las cr\u00edticas por su peineta a Netanyahu: &quot;La repito por si no la hab\u00e9is visto bien&quot;\"\/><\/p>\n<p>                            <img decoding=\"async\" class=\"ni-multimedia\" src=\"https:\/\/www.eldiario.es\/assets\/img\/svg\/icons\/gallery-video.h-2e826467718e0ad0cb33a0bdb174f603.svg\" alt=\"Wyoming responde a las cr\u00edticas por su peineta a Netanyahu: &quot;La repito por si no la hab\u00e9is visto bien&quot;\"\/><br \/>\n                        <\/a><\/p>\n<p class=\"article-text\">\n        La tertuliana de <strong>TEN <\/strong>arremeti\u00f3 contra la presidenta madrile\u00f1a por su posici\u00f3n sobre el genocidio de <strong>Israel <\/strong>en <strong>Gaza<\/strong>. Tras confirmarse que RTVE se retirar\u00e1 de Eurovisi\u00f3n 2026 si participa Israel, Ayuso critic\u00f3 la decisi\u00f3n de la cadena p\u00fablica y defendi\u00f3 el compromiso de los israel\u00eds con el colectivo LGTBI: <strong>\u201cLos artistas o deportistas no pueden pagar por sus gobiernos o la politizaci\u00f3n. Perdemos todos\u201d<\/strong>, expres\u00f3 en las redes sociales.\n    <\/p>\n<p class=\"article-text\">\n        Las declaraciones de Ayuso se emitieron en No somos nadie y provocaron la reacci\u00f3n de la colaboradora. <strong>\u201cVoy a ser muy clara. Yo fui una de las personas que vot\u00f3 a Ayuso, pero el otro d\u00eda, hablando con mi marido, los dos llegamos a la conclusi\u00f3n de que hay tantas cosas que Ayuso ha hecho tan mal, que ya no va a tener mi voto\u201d<\/strong>, se\u00f1al\u00f3 en presencia de sus compa\u00f1eros, quienes no tardaron en advertirle que sus palabras iban a provocar un aluvi\u00f3n de reacciones.\n    <\/p>\n<p class=\"article-text\">\n        <strong>\u201cS\u00e9 que me van a dar por todos los lados, pero ya estoy harta de no poder hablar de pol\u00edtica\u201d<\/strong>, a\u00f1adi\u00f3. Es m\u00e1s, aprovech\u00f3 el momento para defender su derecho a opinar ante quienes la tachan de \u201cinculta\u201d. \u201cLa inculta es ciudadana, paga sus impuestos y vota. Puedo hablar de pol\u00edtica como cualquier persona, porque a lo mejor estoy m\u00e1s enterada que mucha gente que se sienta en cadenas privadas para pelotear a la misma gente\u201d, solt\u00f3 indignada.\n    <\/p>\n<p>    <a href=\"https:\/\/www.eldiario.es\/vertele\/analisis\/eurovision-futuro-jaque-decision-rtve-participacion-israel-amenaza-existencia_1_12606698.html\" data-mrf-recirculation=\"saber-mas-abajo\" data-dl-event=\"saber-mas-abajo\" rel=\"nofollow noopener\" target=\"_blank\"><\/p>\n<p class=\"know-more__title\">Eurovisi\u00f3n y su futuro, en jaque tras la decisi\u00f3n de RTVE: la participaci\u00f3n de Israel amenaza su existencia<\/p>\n<p>            <img decoding=\"async\" class=\"lazy\" loading=\"lazy\" data-src=\"https:\/\/static.eldiario.es\/clip\/602199b4-94b8-4260-97cd-6f4c273ef7c6_16-9-aspect-ratio_default_0.jpg\" src=\"data:image\/svg+xml,%3Csvg xmlns=\" http:=\"\" viewbox=\"0 0 880 495\" alt=\"Eurovisi\u00f3n y su futuro, en jaque tras la decisi\u00f3n de RTVE: la participaci\u00f3n de Israel amenaza su existencia\"\/><\/p>\n<p>                        <\/a><\/p>\n<p class=\"article-text\">\n        Bel\u00e9n Esteban ha comentado en multitud de ocasiones que ha votado <a href=\"https:\/\/www.eldiario.es\/vertele\/videos\/actualidad\/votan-famosos-televisivos_1_7720758.html\" target=\"_blank\" data-mrf-recirculation=\"links-noticia\" class=\"link\" rel=\"nofollow noopener\">tanto al PP como al PSOE<\/a> a lo largo de su vida. En las \u00faltimas elecciones, a pesar de sus cr\u00edticas a Pedro S\u00e1nchez, reconoci\u00f3 que estaba \u201cindecisa\u201d y sugiri\u00f3 que no votar\u00eda al PP para evitar que este pudiera gobernar con Vox.\n    <\/p>\n","protected":false},"excerpt":{"rendered":"Bel\u00e9n Esteban confes\u00f3 este martes en No somos nadie que en las \u00faltimas elecciones auton\u00f3micas de Madrid vot\u00f3&hellip;\n","protected":false},"author":2,"featured_media":121268,"comment_status":"","ping_status":"","sticky":false,"template":"","format":"standard","meta":{"footnotes":""},"categories":[174],"tags":[6984,3848,255,1497,146,147,25,24,16142,256,694,39971,76,23,39970],"class_list":{"0":"post-121267","1":"post","2":"type-post","3":"status-publish","4":"format-standard","5":"has-post-thumbnail","7":"category-famosos","8":"tag-ayuso","9":"tag-belen","10":"tag-celebrities","11":"tag-critica","12":"tag-entertainment","13":"tag-entretenimiento","14":"tag-es","15":"tag-espana","16":"tag-esteban","17":"tag-famosos","18":"tag-gaza","19":"tag-no-volvera-a-votarla","20":"tag-palestina","21":"tag-spain","22":"tag-votante"},"share_on_mastodon":{"url":"","error":""},"_links":{"self":[{"href":"https:\/\/www.europesays.com\/es\/wp-json\/wp\/v2\/posts\/121267","targetHints":{"allow":["GET"]}}],"collection":[{"href":"https:\/\/www.europesays.com\/es\/wp-json\/wp\/v2\/posts"}],"about":[{"href":"https:\/\/www.europesays.com\/es\/wp-json\/wp\/v2\/types\/post"}],"author":[{"embeddable":true,"href":"https:\/\/www.europesays.com\/es\/wp-json\/wp\/v2\/users\/2"}],"replies":[{"embeddable":true,"href":"https:\/\/www.europesays.com\/es\/wp-json\/wp\/v2\/comments?post=121267"}],"version-history":[{"count":0,"href":"https:\/\/www.europesays.com\/es\/wp-json\/wp\/v2\/posts\/121267\/revisions"}],"wp:featuredmedia":[{"embeddable":true,"href":"https:\/\/www.europesays.com\/es\/wp-json\/wp\/v2\/media\/121268"}],"wp:attachment":[{"href":"https:\/\/www.europesays.com\/es\/wp-json\/wp\/v2\/media?parent=121267"}],"wp:term":[{"taxonomy":"category","embeddable":true,"href":"https:\/\/www.europesays.com\/es\/wp-json\/wp\/v2\/categories?post=121267"},{"taxonomy":"post_tag","embeddable":true,"href":"https:\/\/www.europesays.com\/es\/wp-json\/wp\/v2\/tags?post=121267"}],"curies":[{"name":"wp","href":"https:\/\/api.w.org\/{rel}","templated":true}]}}