{"id":121269,"date":"2025-09-17T17:33:09","date_gmt":"2025-09-17T17:33:09","guid":{"rendered":"https:\/\/www.europesays.com\/es\/121269\/"},"modified":"2025-09-17T17:33:09","modified_gmt":"2025-09-17T17:33:09","slug":"la-propietaria-buscaba-una-casa-donde-vivio-de-pequena-y-la-encontro-pero-necesitaba-un-gran-cambio","status":"publish","type":"post","link":"https:\/\/www.europesays.com\/es\/121269\/","title":{"rendered":"La propietaria buscaba una casa donde vivi\u00f3 de peque\u00f1a y la encontr\u00f3, pero necesitaba un GRAN CAMBIO"},"content":{"rendered":"<p>La propietaria hab\u00eda pasado los veranos de su ni\u00f1ez en <strong>\u00c1guilas (Murcia)<\/strong> y su mayor ilusi\u00f3n era adquirir una vivienda en este mismo municipio para disfrutarla ella ahora con sus<strong> tres hijos peque\u00f1os<\/strong>. Por eso, no lo dud\u00f3 cuando encontr\u00f3 este <strong>apartamento con terraza<\/strong>, en primera l\u00ednea de mar. \u00abEse fue el motor que les llev\u00f3 a comprar el inmueble\u00bb, cuentan desde <strong>maaf estudio<\/strong>, autores de la <strong>reforma integral<\/strong> que se necesit\u00f3 para cumplir con el programa de necesidades de los nuevos habitantes.<\/p>\n<p>El proyecto plante\u00f3 una<strong> demolici\u00f3n completa<\/strong> de todo el interior, a excepci\u00f3n de fachada y estructura, sumando una superficie de <strong>120 metros cuadrados<\/strong>, incluyendo la terraza. El resultado son tres dormitorios, dos ba\u00f1os y una zona de d\u00eda que a\u00fana<strong> sal\u00f3n, comedor y <a href=\"https:\/\/www.revistainteriores.es\/decoracion\/paredes-cristal-cocinas-pequenas-alternativa-ingeniosa-aproevchar-espacio-luminosa_8605\" rel=\"nofollow noopener\" target=\"_blank\">cocina acristalada<\/a><\/strong>, una transformaci\u00f3n que ha conseguido que los clientes se planteen utilizar la casa m\u00e1s veces a lo largo del a\u00f1o y <strong>no solo en verano<\/strong>.<\/p>\n<p>&#13;<img loading=\"lazy\" decoding=\"async\"   src=\"https:\/\/www.europesays.com\/es\/wp-content\/uploads\/2025\/09\/dormitorio-con-tonos-relajantes_27684af2_250916200552_1518x1650.webp.webp\" alt=\"dormitorio con tonos relajantes\" class=\"lazyload\" width=\"1518\" height=\"1650\" data-aspectratio=\"1518\/1650\"\/><\/p>\n<p>&#13;&#13;Foto: Alberto Amores &#8211; Interiorismo: maaf estudio&#13;<\/p>\n<p> <a href=\"https:\/\/www.revistainteriores.es\/casas\/rehabilitacion-este-caserio-vasco-muestra-como-preservar-pasado-300-anos-adaptarlo-vida-actual_12066\" data-ga4_event=\"custom_event\" data-ga4_event_name=\"click_intext\" data-ga4_link_url=\"https:\/\/www.revistainteriores.es\/casas\/rehabilitacion-este-caserio-vasco-muestra-como-preservar-pasado-300-anos-adaptarlo-vida-actual_12066\" data-ga4_link_text=\"la_rehabilitacion_de_este_caserio_vasco_muestra_como_preservar_un_pasado_de_300_anos_y_adaptarlo_a_la_vida_actual\" data-ga4_content_type=\"photo\" data-ga4_element=\"related\" rel=\"nofollow noopener\" target=\"_blank\">&#13;&#13;<img loading=\"lazy\" decoding=\"async\" src=\"https:\/\/www.europesays.com\/es\/wp-content\/uploads\/2025\/09\/salon-caseria-arcos-de-piedra-y-techos-madera-original_705b20b6_250910233715_600x600.webp.webp\" alt=\"salon caser\u00eda arcos de piedra y techos madera original\" class=\"lazyload\" width=\"600\" height=\"600\" data-aspectratio=\"600\/600\"\/>&#13;&#13;<\/p>\n<p class=\"epigraph\">                    &#13;Noticia relacionada<\/p>\n<p class=\"title\">La rehabilitaci\u00f3n de este caser\u00edo vasco muestra c\u00f3mo preservar un pasado de 300 a\u00f1os y adaptarlo a la vida actual<\/p>\n<p><\/a><\/p>\n<p>\u00abEl\u00a0objetivo del proyecto era cumplir con la petici\u00f3n del cliente que buscaba una casa de playa, pero con un <strong>aire fresco y renovado<\/strong>,\u00a0muy pr\u00e1ctica y funcional, pero sin renunciar por ello a una casa <strong>divertida y moderna<\/strong>\u00ab, explica el estudio. El uso de materiales nobles y atemporales, combinados con piezas de color sutiles, <a href=\"https:\/\/www.revistainteriores.es\/tendencias\/que-ventajas-aporta-papel-pintado-como-recurso-decorativo-hogar-segun-dos-interioristas_9761\" rel=\"nofollow noopener\" target=\"_blank\">papeles pintados<\/a> y el uso del textil en carpinter\u00eda, marcan el desarrollo de la reforma, apostando por <strong>el azul como hilo conductor,<\/strong> como un gui\u00f1o al Mediterr\u00e1neo que se ve desde <a href=\"https:\/\/www.revistainteriores.es\/decoracion\/10-terrazas-urbanas-grandes-pequenas-ideas-soluciones-consejos-faciles-copiar_11142\" rel=\"nofollow noopener\" target=\"_blank\">la terraza<\/a>.<\/p>\n<p>Mira qu\u00e9 cambio de espacios. Copia las ideas de este &#8216;antes y despu\u00e9s&#8217; <\/p>\n","protected":false},"excerpt":{"rendered":"La propietaria hab\u00eda pasado los veranos de su ni\u00f1ez en \u00c1guilas (Murcia) y su mayor ilusi\u00f3n era adquirir&hellip;\n","protected":false},"author":2,"featured_media":121270,"comment_status":"","ping_status":"","sticky":false,"template":"","format":"standard","meta":{"footnotes":""},"categories":[173],"tags":[229,233,231,230,232,234,146,147,25,24,23],"class_list":{"0":"post-121269","1":"post","2":"type-post","3":"status-publish","4":"format-standard","5":"has-post-thumbnail","7":"category-arte-y-diseno","8":"tag-arte","9":"tag-arte-y-diseno","10":"tag-arts","11":"tag-arts-and-design","12":"tag-design","13":"tag-diseno","14":"tag-entertainment","15":"tag-entretenimiento","16":"tag-es","17":"tag-espana","18":"tag-spain"},"share_on_mastodon":{"url":"","error":""},"_links":{"self":[{"href":"https:\/\/www.europesays.com\/es\/wp-json\/wp\/v2\/posts\/121269","targetHints":{"allow":["GET"]}}],"collection":[{"href":"https:\/\/www.europesays.com\/es\/wp-json\/wp\/v2\/posts"}],"about":[{"href":"https:\/\/www.europesays.com\/es\/wp-json\/wp\/v2\/types\/post"}],"author":[{"embeddable":true,"href":"https:\/\/www.europesays.com\/es\/wp-json\/wp\/v2\/users\/2"}],"replies":[{"embeddable":true,"href":"https:\/\/www.europesays.com\/es\/wp-json\/wp\/v2\/comments?post=121269"}],"version-history":[{"count":0,"href":"https:\/\/www.europesays.com\/es\/wp-json\/wp\/v2\/posts\/121269\/revisions"}],"wp:featuredmedia":[{"embeddable":true,"href":"https:\/\/www.europesays.com\/es\/wp-json\/wp\/v2\/media\/121270"}],"wp:attachment":[{"href":"https:\/\/www.europesays.com\/es\/wp-json\/wp\/v2\/media?parent=121269"}],"wp:term":[{"taxonomy":"category","embeddable":true,"href":"https:\/\/www.europesays.com\/es\/wp-json\/wp\/v2\/categories?post=121269"},{"taxonomy":"post_tag","embeddable":true,"href":"https:\/\/www.europesays.com\/es\/wp-json\/wp\/v2\/tags?post=121269"}],"curies":[{"name":"wp","href":"https:\/\/api.w.org\/{rel}","templated":true}]}}