{"id":121274,"date":"2025-09-17T17:36:10","date_gmt":"2025-09-17T17:36:10","guid":{"rendered":"https:\/\/www.europesays.com\/es\/121274\/"},"modified":"2025-09-17T17:36:10","modified_gmt":"2025-09-17T17:36:10","slug":"francisco-coll-y-pablo-heras-casado-premios-nacionales-de-musica-2025","status":"publish","type":"post","link":"https:\/\/www.europesays.com\/es\/121274\/","title":{"rendered":"Francisco Coll y Pablo Heras-Casado, Premios Nacionales de M\u00fasica 2025"},"content":{"rendered":"<p class=\"article-text\">\n        Francisco Coll y Pablo Heras-Casado han ganado los Premios Nacionales de M\u00fasica 2025, en las modalidades de Composici\u00f3n e Interpretaci\u00f3n respectivamente. Estos reconocimientos, que concede anualmente el Ministerio de Cultura a trav\u00e9s del Instituto Nacional de las Artes Esc\u00e9nicas y de la M\u00fasica (INAEM), est\u00e1n dotados con 30.000 euros. Ambos <a href=\"https:\/\/www.eldiario.es\/cultura\/musica\/marisa-manchado-yolanda-auyanet-premios-nacionales-musica-2024_1_11698000.html\" data-mrf-recirculation=\"links-noticia\" class=\"link\" rel=\"nofollow noopener\" target=\"_blank\">cogen el relevo<\/a> de Marisa Manchado y Yolanda Auyanet, correspondientes a las modalidades de Composici\u00f3n e Interpretaci\u00f3n respectivamente, que se hicieron con el galard\u00f3n el a\u00f1o pasado.\n    <\/p>\n<p>    <a href=\"https:\/\/www.eldiario.es\/cultura\/libros\/candela-sierra-premio-nacional-comic-2025_1_12603892.html\" data-mrf-recirculation=\"saber-mas\" data-dl-event=\"saber-mas\" rel=\"nofollow noopener\" target=\"_blank\"><\/p>\n<p class=\"know-more__title\">Candela Sierra, Premio Nacional de C\u00f3mic 2025<\/p>\n<p>            <img decoding=\"async\" class=\"lazy\" loading=\"lazy\" data-src=\"https:\/\/static.eldiario.es\/clip\/ece9a77b-05d2-445a-a7a6-2437d54eecd9_16-9-aspect-ratio_default_0_x1243y1080.jpg\" src=\"data:image\/svg+xml,%3Csvg xmlns=\" http:=\"\" viewbox=\"0 0 880 495\" alt=\"Candela Sierra, Premio Nacional de C\u00f3mic 2025\"\/><\/p>\n<p>                        <\/a><\/p>\n<p class=\"article-text\">\n        El jurado ha otorgado el galard\u00f3n a Coll \u201cpor su capacidad para encontrar una voz propia anclada en las ra\u00edces de la cultura espa\u00f1ola, en la que se unen la <a href=\"https:\/\/www.eldiario.es\/cultura\/teatro\/victoria-aime-toma-testigo-teatro-vanguardia-espana_1_9920242.html\" data-mrf-recirculation=\"links-noticia\" class=\"link\" rel=\"nofollow noopener\" target=\"_blank\">vanguardia<\/a> y la tradici\u00f3n, y marcada por un caracter\u00edstico lirismo, que le ha permitido conectar con un amplio espectro de p\u00fablico\u201d. Entre las obras que destaca se encuentran el \u2018Concierto para Violonchelo\u2019 interpretado por Sol Gabetta en los BBC Proms londinenses o \u2018Ciudad sin sue\u00f1o\u2019, para piano y orquesta, estrenada en Reino Unido por Javier Perianes y la London Philarmonic Orquestra, ambas en 2024. Recalcan que \u201csus obras han sido interpretadas por formaciones tan destacadas como la Filarm\u00f3nica de Los \u00c1ngeles, la Sinf\u00f3nica de Lucerna o la London Sinfonietta\u201d.\n    <\/p>\n<p class=\"article-text\">\n        Heras-Casado, por su lado, ha sido honrado con el galard\u00f3n por \u201cel indiscutible alcance de su  trayectoria internacional, con invitaciones regulares a las m\u00e1s <a href=\"https:\/\/www.eldiario.es\/cultura\/hollywood-symphony-orchestra-angeles-no-relacion-espanola-sigue-cancelando-conciertos-bandas-sonoras_1_11961941.html\" data-mrf-recirculation=\"links-noticia\" class=\"link\" rel=\"nofollow noopener\" target=\"_blank\">destacadas orquestas<\/a> y salas del mundo y, especialmente, por el hito de haber sido invitado como director al Festival de Bayreuth hasta en tres ocasiones, siendo la primera batuta espa\u00f1ola en volver a ser invitado en la cita alemana\u201d. El jurado ha se\u00f1alado que es \u201cuna carrera reconocida con los principales premios dentro y fuera de Espa\u00f1a, incluidos los galardones a su grabaci\u00f3n de la \u2018Cuarta Sinfon\u00eda\u2019 de Bruckner en 2024\u201d.\n    <\/p>\n<p class=\"article-text\">\n        Los hitos m\u00e1s destacables del compositor Francisco Coll, nacido en Valencia en 1985, incluyen su obra \u2018Hidd&#8217;n Blue\u2019, que se estren\u00f3 en 2012 con la Orquesta Sinf\u00f3nica de Londres y que ha sido interpretada posteriormente por la Orquesta Sinf\u00f3nica SWR, la Filarm\u00f3nica de M\u00fanich y la Sinf\u00f3nica de Cincinnati. Adem\u00e1s, tambi\u00e9n ha sido aclamada su \u00f3pera de c\u00e1mara \u2018Caf\u00e9 Kafka\u2019 (2014), con texto de Meredith Oakes, que se estren\u00f3 en Aldeburgh Music, Opera North y la Royal Opera de Covent Garden, y que tambi\u00e9n ha sido representada en el Palau de les Arts de Valencia. Su \u00faltimo trabajo, \u2018Enemigo del pueblo\u2019 (2025), es una \u00f3pera de larga duraci\u00f3n basada en la obra hom\u00f3nima de Henrik Ibsen, que se estrenar\u00e1 el pr\u00f3ximo noviembre en el Palau de les Arts.\n    <\/p>\n<p>    <a href=\"https:\/\/www.eldiario.es\/cultura\/arte\/exposicion-desenfocada-reivindica-borroso-mejor-medio-retratar-realidad-insoportable_1_12606337.html\" data-mrf-recirculation=\"saber-mas-abajo\" data-dl-event=\"saber-mas-abajo\" rel=\"nofollow noopener\" target=\"_blank\"><\/p>\n<p class=\"know-more__title\">Una exposici\u00f3n &#8216;desenfocada&#8217; reivindica lo borroso como el mejor medio de retratar una realidad insoportable<\/p>\n<p>            <img decoding=\"async\" class=\"lazy\" loading=\"lazy\" data-src=\"https:\/\/static.eldiario.es\/clip\/d2ad6cc7-671c-4cdf-be93-bd66fa493c57_16-9-aspect-ratio_default_0_x574y988.jpg\" src=\"data:image\/svg+xml,%3Csvg xmlns=\" http:=\"\" viewbox=\"0 0 880 495\" alt=\"Una exposici\u00f3n 'desenfocada' reivindica lo borroso como el mejor medio de retratar una realidad insoportable\"\/><\/p>\n<p>                        <\/a><\/p>\n<p class=\"article-text\">\n        Pablo Heras-Casado, nacido en Granada en 1977, debut\u00f3 en 2008 en Estados Unidos en el Carnegie Hall de Nueva York junto a la Orquesta Filarm\u00f3nica de Los  \u00c1ngeles, con la que tambi\u00e9n interpret\u00f3 en la temporada 2012\/2013 la \u00f3pera \u2018Angels in America\u2019 de Peter E\u00f6tv\u00f6s. Asimismo, fue autor de la New World Symphony en Miami Beach y dirigi\u00f3 la \u2018Novena Sinfon\u00eda\u2019 de Beethoven en los conciertos de A\u00f1o Nuevo de la Staatskapelle de Berl\u00edn en la temporada 2013\/2014, la misma en la que dirigi\u00f3 \u2018Carmen\u2019 y \u2018Rigoletto\u2019 en la Metropolitan Opera House de Nueva York. M\u00e1s tarde, en 2015, particip\u00f3 en el estreno absoluto de la \u00f3pera \u2018El p\u00fablico\u2019 de Mauricio Sotelo, sobre texto de <a href=\"https:\/\/www.eldiario.es\/cultura\/teatro\/asesinato-lorca-sirve-recuperar-teatro-memoria-50-000-andaluces-asesinados-franquismo_1_12589726.html\" data-mrf-recirculation=\"links-noticia\" class=\"link\" rel=\"nofollow noopener\" target=\"_blank\">Federico Garc\u00eda Lorca<\/a> en el Teatro Real de Madrid.\n    <\/p>\n","protected":false},"excerpt":{"rendered":"Francisco Coll y Pablo Heras-Casado han ganado los Premios Nacionales de M\u00fasica 2025, en las modalidades de Composici\u00f3n&hellip;\n","protected":false},"author":2,"featured_media":121275,"comment_status":"","ping_status":"","sticky":false,"template":"","format":"standard","meta":{"footnotes":""},"categories":[170],"tags":[45,12691,39972,146,147,25,24,11826,13162,184,185,2660,618,532,23],"class_list":{"0":"post-121274","1":"post","2":"type-post","3":"status-publish","4":"format-standard","5":"has-post-thumbnail","7":"category-musica","8":"tag-45","9":"tag-casado","10":"tag-coll","11":"tag-entertainment","12":"tag-entretenimiento","13":"tag-es","14":"tag-espana","15":"tag-francisco","16":"tag-heras","17":"tag-music","18":"tag-musica","19":"tag-nacionales","20":"tag-pablo","21":"tag-premios","22":"tag-spain"},"share_on_mastodon":{"url":"","error":""},"_links":{"self":[{"href":"https:\/\/www.europesays.com\/es\/wp-json\/wp\/v2\/posts\/121274","targetHints":{"allow":["GET"]}}],"collection":[{"href":"https:\/\/www.europesays.com\/es\/wp-json\/wp\/v2\/posts"}],"about":[{"href":"https:\/\/www.europesays.com\/es\/wp-json\/wp\/v2\/types\/post"}],"author":[{"embeddable":true,"href":"https:\/\/www.europesays.com\/es\/wp-json\/wp\/v2\/users\/2"}],"replies":[{"embeddable":true,"href":"https:\/\/www.europesays.com\/es\/wp-json\/wp\/v2\/comments?post=121274"}],"version-history":[{"count":0,"href":"https:\/\/www.europesays.com\/es\/wp-json\/wp\/v2\/posts\/121274\/revisions"}],"wp:featuredmedia":[{"embeddable":true,"href":"https:\/\/www.europesays.com\/es\/wp-json\/wp\/v2\/media\/121275"}],"wp:attachment":[{"href":"https:\/\/www.europesays.com\/es\/wp-json\/wp\/v2\/media?parent=121274"}],"wp:term":[{"taxonomy":"category","embeddable":true,"href":"https:\/\/www.europesays.com\/es\/wp-json\/wp\/v2\/categories?post=121274"},{"taxonomy":"post_tag","embeddable":true,"href":"https:\/\/www.europesays.com\/es\/wp-json\/wp\/v2\/tags?post=121274"}],"curies":[{"name":"wp","href":"https:\/\/api.w.org\/{rel}","templated":true}]}}