{"id":121284,"date":"2025-09-17T17:42:08","date_gmt":"2025-09-17T17:42:08","guid":{"rendered":"https:\/\/www.europesays.com\/es\/121284\/"},"modified":"2025-09-17T17:42:08","modified_gmt":"2025-09-17T17:42:08","slug":"el-ibex-35-consolida-los-15-120-puntos-con-la-vista-puesta-en-la-fed-sabadell-cae-por-tercer-dia","status":"publish","type":"post","link":"https:\/\/www.europesays.com\/es\/121284\/","title":{"rendered":"El Ibex 35 consolida los 15.120 puntos con la vista puesta en la Fed. Sabadell cae por tercer d\u00eda"},"content":{"rendered":"<p>     <img fetchpriority=\"high\" decoding=\"async\" src=\"data:image\/gif;base64,R0lGODlhAQABAIAAAAAAAP\/\/\/ywAAAAAAQABAAACAUwAOw==\" alt=\"El Ibex 35 consolida los 15.120 puntos con la vista puesta en la Fed. Sabadell cae por tercer d\u00eda\" loading=\"eager\" height=\"506\" width=\"960\" class=\"yf-1gfnohs loader\"\/> El Ibex 35 consolida los 15.120 puntos con la vista puesta en la Fed. Sabadell cae por tercer d\u00eda      <\/p>\n<p class=\"yf-1090901\">La antesala del fin de la reuni\u00f3n de la Reserva Federal y sobre todo,<strong> las palabras de su presidente, Jay Powell a partir de las 20:30 horas para marcar tendencia y novedades sobre el diagrama de puntos y lo que espera de la Fed en lo que queda de a\u00f1o,<\/strong> es decir si habr\u00e1 m\u00e1s recortes del que se descuenta ya para esta tarde, es lo que mantiene en vilo a los inversores.<\/p>\n<p class=\"yf-1090901\">De ah\u00ed los escasos movimientos en las plazas europeas, y, en especial, en la bolsa espa\u00f1ola que ha cerrado el mi\u00e9rcoles en niveles de apertura. El <a class=\"link \" href=\"https:\/\/www.estrategiasdeinversion.com\/cotizaciones\/indices\/ibex-35\" rel=\"nofollow noopener\" target=\"_blank\" data-ylk=\"slk:IBEX 35;elm:context_link;itc:0;sec:content-canvas\">IBEX 35<\/a>\u00a0pierde un 0,24% hasta los 15.127,20 puntos, con las ca\u00eddas que experimentan valores como <a class=\"link \" href=\"https:\/\/www.estrategiasdeinversion.com\/cotizaciones\/indices\/mercado-continuo\/solaria\" rel=\"nofollow noopener\" target=\"_blank\" data-ylk=\"slk:Solaria;elm:context_link;itc:0;sec:content-canvas\">Solaria<\/a>\u00a02,47%, <a class=\"link \" href=\"https:\/\/www.estrategiasdeinversion.com\/cotizaciones\/indices\/mercado-continuo\/banco-sabadell\" rel=\"nofollow noopener\" target=\"_blank\" data-ylk=\"slk:Banco Sabadell;elm:context_link;itc:0;sec:content-canvas\">Banco Sabadell<\/a>\u00a02,36 % y <a class=\"link \" href=\"https:\/\/www.estrategiasdeinversion.com\/cotizaciones\/indices\/mercado-continuo\/puig-brands-b\" rel=\"nofollow noopener\" target=\"_blank\" data-ylk=\"slk:Puig;elm:context_link;itc:0;sec:content-canvas\">Puig<\/a>\u00a01,50% y los avances que marcan <a class=\"link \" href=\"https:\/\/www.estrategiasdeinversion.com\/cotizaciones\/indices\/mercado-continuo\/acciona-energias-renovables\" rel=\"nofollow noopener\" target=\"_blank\" data-ylk=\"slk:Acciona Energ\u00eda;elm:context_link;itc:0;sec:content-canvas\">Acciona Energ\u00eda<\/a>\u00a02,18%, <a class=\"link \" href=\"https:\/\/www.estrategiasdeinversion.com\/cotizaciones\/indices\/mercado-continuo\/acciona\" rel=\"nofollow noopener\" target=\"_blank\" data-ylk=\"slk:Acciona;elm:context_link;itc:0;sec:content-canvas\">Acciona<\/a>\u00a01,99% y <a class=\"link \" href=\"https:\/\/www.estrategiasdeinversion.com\/cotizaciones\/indices\/mercado-continuo\/iag-iberia\" rel=\"nofollow noopener\" target=\"_blank\" data-ylk=\"slk:IAG (Iberia);elm:context_link;itc:0;sec:content-canvas\">IAG (Iberia)<\/a>\u00a01,66%.<\/p>\n<p class=\"yf-1090901\">Entre los valores del d\u00eda,\u00a0<a class=\"link \" href=\"https:\/\/www.estrategiasdeinversion.com\/cotizaciones\/indices\/mercado-continuo\/banco-sabadell\" rel=\"nofollow noopener\" target=\"_blank\" data-ylk=\"slk:Banco Sabadell;elm:context_link;itc:0;sec:content-canvas\">Banco Sabadell<\/a>, tercer d\u00eda consecutivo de recortes para sus acciones, en un acumulado que supera el 5%. La sobrecompra del valor por un lado, aderezada por la <a class=\"link \" href=\"https:\/\/www.estrategiasdeinversion.com\/herramientas\/diccionario\/mercados\/opa-hostil-t-251\" rel=\"nofollow noopener\" target=\"_blank\" data-ylk=\"slk:OPA Hostil;elm:context_link;itc:0;sec:content-canvas\">OPA Hostil<\/a> y por las entregas de dividendo, el pr\u00f3ximo a finales de mes y la creencia de que para que prospere la oferta se necesita una mejora que\u00a0<a class=\"link \" href=\"https:\/\/www.estrategiasdeinversion.com\/cotizaciones\/indices\/mercado-continuo\/bbva\" rel=\"nofollow noopener\" target=\"_blank\" data-ylk=\"slk:BBVA;elm:context_link;itc:0;sec:content-canvas\">BBVA<\/a> no est\u00e1 dispuesta a realizar, penalizan al valor, ante la posibilidad de que la oferta no salga adelante.<\/p>\n<p class=\"yf-1090901\">Seg\u00fan Renta 4\u00a0\u00abcreemos que en la medida en que se vaya acercando la fecha l\u00edmite con la que cuenta BBVA para mejorar el precio, <a class=\"link \" href=\"https:\/\/www.estrategiasdeinversion.com\/actualidad\/noticias\/bolsa-espana\/sabadell-castigadapor-si-la-opa-no-sale-adelante-n-846071\" rel=\"nofollow noopener\" target=\"_blank\" data-ylk=\"slk:la cotizaci\u00f3n de Sabadell se ver\u00e1 m\u00e1s presionada, llevando a un estrechamiento del diferencial actual &quot;.;elm:context_link;itc:0;sec:content-canvas\">la cotizaci\u00f3n de Sabadell se ver\u00e1 m\u00e1s presionada, llevando a un estrechamiento del diferencial actual \u00ab.<\/a>\u00a0Ahora se coloca en el 6,68%.<\/p>\n<p class=\"yf-1090901\">Tambi\u00e9n hoy se ve\u00eda beneficiada Indra a primera hora , aunque despu\u00e9s se ha mostrado muy vol\u00e1til a lo largo del d\u00eda, tras conocerse que\u00a0<a class=\"link \" href=\"https:\/\/www.estrategiasdeinversion.com\/analisis\/los-brokers-recomiendan\/recomendaciones-espana\/indra-demasiado-barata-para-ser-ignorada-con-potencial-n-846059\" rel=\"nofollow noopener\" target=\"_blank\" data-ylk=\"slk:Berenberg inicia la cobertura sobre;elm:context_link;itc:0;sec:content-canvas\">Berenberg inicia la cobertura sobre<\/a> <a class=\"link \" href=\"https:\/\/www.estrategiasdeinversion.com\/cotizaciones\/indices\/mercado-continuo\/indra\" rel=\"nofollow noopener\" target=\"_blank\" data-ylk=\"slk:Indra;elm:context_link;itc:0;sec:content-canvas\">Indra<\/a>\u00a0y lo hace claramente a lo grande\u00a0 con consejo de compra sobre el valor indicando adem\u00e1s que la compa\u00f1\u00eda tecnol\u00f3gica y de defensa en su valoraci\u00f3n est\u00e1<strong> \u00abdemasiado barata para ser ignorada\u00bb,<\/strong> dado el potencial de crecimiento de su negocio de defensa.<\/p>\n<p class=\"yf-1090901\">De esta forma<strong> establece el precio objetivo de Indra en los 41 euros por acci\u00f3n,<\/strong> lo que supone otorgarle un avance potencial del 20% respecto a su precio de cierre de ayer, los 34,38 euros por acci\u00f3n.<\/p>\n<p class=\"yf-1090901\"><strong>Esperan\u00a0que las ventas de defensa en 2026 se sit\u00faen en 1.760 millones de euros<\/strong>, lo que implica una tasa de crecimiento interanual de las ventas org\u00e1nicas del 15% para el periodo 2023-2026, un 12% superior a la prevista por Indra en su \u00faltima sesi\u00f3n de mercados de capitales y que<strong> su unidad de servicios de TI Minsait puede ampliar sus m\u00e1rgenes,<\/strong> impulsada por una mayor eficiencia de costes y un mejor mix de ingresos.<\/p>\n<p> Story Continues  <\/p>\n<p class=\"yf-1090901\">Ya con <a class=\"link \" href=\"https:\/\/www.estrategiasdeinversion.com\/cotizaciones\/indices\/mercado-continuo\/inditex\" rel=\"nofollow noopener\" target=\"_blank\" data-ylk=\"slk:Inditex;elm:context_link;itc:0;sec:content-canvas\">Inditex<\/a>, con ganancias,\u00a0<a class=\"link \" href=\"https:\/\/www.estrategiasdeinversion.com\/analisis\/los-brokers-recomiendan\/recomendaciones-eeuu\/razones-por-las-que-inditex-esta-para-comprar-n-846231\" rel=\"nofollow noopener\" target=\"_blank\" data-ylk=\"slk:con la mirada positiva y potencial de UBS.\u00a0;elm:context_link;itc:0;sec:content-canvas\">con la mirada positiva y potencial de UBS.\u00a0<\/a>El banco suizo<strong>, eleva hasta comprar desde neutral su visi\u00f3n ante Inditex<\/strong>,\u00a0se\u00f1alando la renovada confianza en el negocio de la empresa tras el repunte de las ventas con un \u00abfuerte comienzo de la importante temporada oto\u00f1o-invierno (boreales)\u00bb.<\/p>\n<p class=\"yf-1090901\"><strong>Su analista, Sreedhar Mahamkali, eleva la valoraci\u00f3n de Inditex a 52 euros,<\/strong>\u00a0con una previsi\u00f3n de crecimiento a medio plazo del 8% en moneda local, apoyado por unos m\u00e1rgenes estables l\u00edderes en el sector y el potencial de expansi\u00f3n en EEUU del grupo textil, propietario de la marca Zara.<\/p>\n<p class=\"yf-1090901\">Por su parte, entre lo mejor del d\u00eda <a class=\"link \" href=\"https:\/\/www.estrategiasdeinversion.com\/cotizaciones\/indices\/mercado-continuo\/acciona\" rel=\"nofollow noopener\" target=\"_blank\" data-ylk=\"slk:Acciona;elm:context_link;itc:0;sec:content-canvas\">Acciona<\/a>\u00a0y su filial,\u00a0<a class=\"link \" href=\"https:\/\/www.estrategiasdeinversion.com\/cotizaciones\/indices\/mercado-continuo\/acciona-energias-renovables\" rel=\"nofollow noopener\" target=\"_blank\" data-ylk=\"slk:Acciona Energ\u00eda;elm:context_link;itc:0;sec:content-canvas\">Acciona Energ\u00eda<\/a>\u00a0ha alcanzado un acuerdo para la venta de su participaci\u00f3n del 65% en el parque e\u00f3lico Chiripa (Costa Rica) a Ecoenerg\u00eda, socio minoritario que cuenta en la actualidad con el 35% del proyecto.<\/p>\n<p class=\"yf-1090901\">Y en el resto de Europa, el\u00a0<a class=\"link \" href=\"https:\/\/www.estrategiasdeinversion.com\/cotizaciones\/indices\/euro-stoxx-50\" rel=\"nofollow noopener\" target=\"_blank\" data-ylk=\"slk:EURO STOXX 50;elm:context_link;itc:0;sec:content-canvas\">EURO STOXX 50<\/a>\u00a0pierde un 0,06% hasta los 5.369 puntos, el <a class=\"link \" href=\"https:\/\/www.estrategiasdeinversion.com\/cotizaciones\/indices\/cac-40\" rel=\"nofollow noopener\" target=\"_blank\" data-ylk=\"slk:CAC 40;elm:context_link;itc:0;sec:content-canvas\">CAC 40<\/a>\u00a0un 0,40% hasta los 7.786 puntos, el<strong> Dax suma<\/strong>\u00a0un 0,17% hasta los 23.362\u00a0 puntos y <strong>el FT 100 sube<\/strong>\u00a0un 0,16% hasta los 9.210 puntos.<\/p>\n<p class=\"yf-1090901\">En <a class=\"link \" href=\"https:\/\/www.estrategiasdeinversion.com\/actualidad\/noticias\/bolsa-eeuu\/dow-jones-sp-500-y-nasdaq-tranquilidad-y-buena-n-846195\" rel=\"nofollow noopener\" target=\"_blank\" data-ylk=\"slk:Wall Street;elm:context_link;itc:0;sec:content-canvas\">Wall Street<\/a>, mismo comp\u00e1s de espera a la llegada de la decisi\u00f3n de la Fed, que el mercado descuenta con la primera bajada del a\u00f1o y de la nueva era Trump en 25 puntos b\u00e1sicos, y, sobre todo, a las palabras de Powell.<\/p>\n<p class=\"yf-1090901\"><a class=\"link \" href=\"https:\/\/www.estrategiasdeinversion.com\/cotizaciones\/indices\/nasdaq-omx\/nvidia\" rel=\"nofollow noopener\" target=\"_blank\" data-ylk=\"slk:NVIDIA;elm:context_link;itc:0;sec:content-canvas\">NVIDIA<\/a> cotiza con un importantes n\u00fameros rojos en la apertura de hoy despu\u00e9s de que The Financial Times informara\u00a0que el regulador de Internet de China hab\u00eda prohibido a las empresas tecnol\u00f3gicas del pa\u00eds comprar los chips del gigante de la inteligencia artificial.\u00a0Esto incluye la RTX Pro 6000D, no solo la H20 fabricada para China. \u00bfSe trata simplemente de un regateo en las negociaciones comerciales? Quiz\u00e1s el recorte del 15% de las ventas de Nvidia a China por parte de Washington sea el punto de fricci\u00f3n.<\/p>\n<p class=\"yf-1090901\">Y en cuanto a resultados,\u00a0<a class=\"link \" href=\"https:\/\/www.estrategiasdeinversion.com\/cotizaciones\/indices\/nyse\/general-mills\" rel=\"nofollow noopener\" target=\"_blank\" data-ylk=\"slk:General Mills;elm:context_link;itc:0;sec:content-canvas\">General Mills<\/a>\u00a0mantiene sus previsiones anuales de ventas y beneficios, mientras el fabricante de Cheerios enfrenta una creciente incertidumbre econ\u00f3mica y una demanda m\u00e1s d\u00e9bil en mercados clave, incluida Norteam\u00e9rica.\u00a0La empresa registr\u00f3 una ca\u00edda de 16 puntos porcentuales en los vol\u00famenes trimestrales de su segmento de Norteam\u00e9rica en comparaci\u00f3n con el a\u00f1o anterior y ahora prev\u00e9 que el crecimiento total de la categor\u00eda se sit\u00fae por debajo de sus objetivos a largo plazo. General Mills reafirm\u00f3 sus objetivos anuales de una ca\u00edda del beneficio ajustado de entre el 10% y el 15%, y unas ventas netas org\u00e1nicas que oscilar\u00e1n entre una disminuci\u00f3n del 1% y un aumento del 1%.<\/p>\n<p class=\"yf-1090901\">Al cierre de la sesi\u00f3n espa\u00f1ola,\u00a0el\u00a0 <a class=\"link \" href=\"https:\/\/www.estrategiasdeinversion.com\/cotizaciones\/indices\/dow-jones-ind-average\" rel=\"nofollow noopener\" target=\"_blank\" data-ylk=\"slk:DOW JONES;elm:context_link;itc:0;sec:content-canvas\">DOW JONES<\/a>, gana un 0,65%\u00a0hasta los 46.056 puntos, el\u00a0<a class=\"link \" href=\"https:\/\/www.estrategiasdeinversion.com\/cotizaciones\/indices\/sp-500\" rel=\"nofollow noopener\" target=\"_blank\" data-ylk=\"slk:S&amp;P 500;elm:context_link;itc:0;sec:content-canvas\">S&amp;P 500<\/a>\u00a0recorta un 0,09% hasta los 6.600 puntos y el\u00a0<a class=\"link \" href=\"https:\/\/www.estrategiasdeinversion.com\/cotizaciones\/indices\/nasdaq-omx\" rel=\"nofollow noopener\" target=\"_blank\" data-ylk=\"slk:Nasdaq OMX;elm:context_link;itc:0;sec:content-canvas\">Nasdaq OMX<\/a>\u00a0cede un 0,50% hasta los 22.223 puntos.<\/p>\n<p class=\"yf-1090901\">Ya en el resto de mercado, empezamos por el de renta fija, con<strong> recortes en los rendimientos de los activos y el bono espa\u00f1ol a 10 a\u00f1os, del 3,235% con ca\u00eddas del 0,49%<\/strong>\u00a0mientras que los descensos alcanzan un 0,75% para el bund alem\u00e1n que cotiza en el 2,6739%. La prima de riesgo gana un 0,88% y se coloca en los 56,11 puntos b\u00e1sicos.\u00a0<strong>\u00a0<\/strong><\/p>\n<p class=\"yf-1090901\">En las materias primas, descensos para el<strong>\u00a0futuro del barril Brent del 0,32% hasta los 68,25 d\u00f3lares<\/strong>, mientras que, el West Texas coloca su precio en los 64,27 d\u00f3lares, y cede un 0,36%.<\/p>\n<p class=\"yf-1090901\">El <a class=\"link \" href=\"https:\/\/www.estrategiasdeinversion.com\/cotizaciones\/materias-primas\/oro\" rel=\"nofollow noopener\" target=\"_blank\" data-ylk=\"slk:Oro;elm:context_link;itc:0;sec:content-canvas\">Oro<\/a>, cede posiciones con<strong>\u00a0un precio de contado <\/strong>que baja un 0,14% hasta los 3.718 d\u00f3lares la onza<strong> y su futuro que recorta un 0,17<\/strong>% hasta los 3.718 d\u00f3lares la onza.<\/p>\n<p class=\"yf-1090901\">Ya <a class=\"link \" href=\"https:\/\/www.estrategiasdeinversion.com\/cotizaciones\/criptomonedas\/bitcoin\" rel=\"nofollow noopener\" target=\"_blank\" data-ylk=\"slk:Bitcoin;elm:context_link;itc:0;sec:content-canvas\">Bitcoin<\/a>, se mueve con ca\u00eddas del 0,21% hasta los 115.616 d\u00f3lares por activo. Por \u00faltimo, en la relaci\u00f3n\u00a0<a class=\"link \" href=\"https:\/\/www.estrategiasdeinversion.com\/cotizaciones\/divisas\/euro-dolar\" rel=\"nofollow noopener\" target=\"_blank\" data-ylk=\"slk:Euro D\u00f3lar;elm:context_link;itc:0;sec:content-canvas\">Euro D\u00f3lar<\/a>, cede ligeramente para la moneda \u00fanica con recortes del del 0,13% hasta las 1,1851 unidades.<\/p>\n","protected":false},"excerpt":{"rendered":"El Ibex 35 consolida los 15.120 puntos con la vista puesta en la Fed. Sabadell cae por tercer&hellip;\n","protected":false},"author":2,"featured_media":79590,"comment_status":"","ping_status":"","sticky":false,"template":"","format":"standard","meta":{"footnotes":""},"categories":[80],"tags":[3287,82,95,94,25,24,23,39974],"class_list":{"0":"post-121284","1":"post","2":"type-post","3":"status-publish","4":"format-standard","5":"has-post-thumbnail","7":"category-economia","8":"tag-banco-sabadell","9":"tag-business","10":"tag-economia","11":"tag-economy","12":"tag-es","13":"tag-espana","14":"tag-spain","15":"tag-tercer-dia"},"share_on_mastodon":{"url":"","error":""},"_links":{"self":[{"href":"https:\/\/www.europesays.com\/es\/wp-json\/wp\/v2\/posts\/121284","targetHints":{"allow":["GET"]}}],"collection":[{"href":"https:\/\/www.europesays.com\/es\/wp-json\/wp\/v2\/posts"}],"about":[{"href":"https:\/\/www.europesays.com\/es\/wp-json\/wp\/v2\/types\/post"}],"author":[{"embeddable":true,"href":"https:\/\/www.europesays.com\/es\/wp-json\/wp\/v2\/users\/2"}],"replies":[{"embeddable":true,"href":"https:\/\/www.europesays.com\/es\/wp-json\/wp\/v2\/comments?post=121284"}],"version-history":[{"count":0,"href":"https:\/\/www.europesays.com\/es\/wp-json\/wp\/v2\/posts\/121284\/revisions"}],"wp:featuredmedia":[{"embeddable":true,"href":"https:\/\/www.europesays.com\/es\/wp-json\/wp\/v2\/media\/79590"}],"wp:attachment":[{"href":"https:\/\/www.europesays.com\/es\/wp-json\/wp\/v2\/media?parent=121284"}],"wp:term":[{"taxonomy":"category","embeddable":true,"href":"https:\/\/www.europesays.com\/es\/wp-json\/wp\/v2\/categories?post=121284"},{"taxonomy":"post_tag","embeddable":true,"href":"https:\/\/www.europesays.com\/es\/wp-json\/wp\/v2\/tags?post=121284"}],"curies":[{"name":"wp","href":"https:\/\/api.w.org\/{rel}","templated":true}]}}