{"id":121287,"date":"2025-09-17T17:44:10","date_gmt":"2025-09-17T17:44:10","guid":{"rendered":"https:\/\/www.europesays.com\/es\/121287\/"},"modified":"2025-09-17T17:44:10","modified_gmt":"2025-09-17T17:44:10","slug":"la-oficina-de-conflictos-de-intereses-vuelve-a-archivar-la-denuncia-del-pp-contra-pedro-sanchez-por-air-europa-espana","status":"publish","type":"post","link":"https:\/\/www.europesays.com\/es\/121287\/","title":{"rendered":"La Oficina de Conflictos de Intereses vuelve a archivar la denuncia del PP contra Pedro S\u00e1nchez por Air Europa | Espa\u00f1a"},"content":{"rendered":"<p class=\"\">La Oficina de Conflictos de Intereses ha archivado de nuevo la denuncia presentada por el PP contra Pedro S\u00e1nchez por participar en las decisiones adoptadas por el Consejo de Ministros sobre el rescate de Air Europa en plena pandemia de coronavirus. Este <a href=\"https:\/\/elpais.com\/espana\/2025-06-11\/la-oficina-de-conflictos-de-intereses-tendra-que-investigar-si-sanchez-debio-abstenerse-del-rescate-de-air-europa.html\" target=\"_self\" rel=\"nofollow noopener\" title=\"https:\/\/elpais.com\/espana\/2025-06-11\/la-oficina-de-conflictos-de-intereses-tendra-que-investigar-si-sanchez-debio-abstenerse-del-rescate-de-air-europa.html\">\u00f3rgano se vio obligado a reabrir en junio sus pesquisas<\/a>, a las que hab\u00eda dado carpetazo en 2024, despu\u00e9s de que el Tribunal Superior de Justicia de Madrid (TSJM) le ordenase indagar m\u00e1s sobre la vinculaci\u00f3n de Bego\u00f1a G\u00f3mez, esposa del presidente del Gobierno, con la aerol\u00ednea. Sin embargo, seg\u00fan explican fuentes jur\u00eddicas, la Oficina ha vuelto a cerrar ahora el expediente tras recabar nueva documentaci\u00f3n (entre otros, de la Seguridad Social, del Registro Mercantil y de Globalia, propietaria de Air Europa) y llegar a la misma conclusi\u00f3n: Pedro S\u00e1nchez no ten\u00eda \u201cobligaci\u00f3n\u201d de abstenerse.<\/p>\n<p class=\"\">Seg\u00fan explican fuentes jur\u00eddicas, en un informe firmado en la tarde de este martes, la Oficina de Conflictos de Intereses subraya que se ha \u201cconfirmado\u201d que G\u00f3mez \u201cno ha desempe\u00f1ado ni desempe\u00f1a\u201d ning\u00fan cargo en las empresas se\u00f1aladas: \u201cY, por tanto, ninguno que implique funciones de direcci\u00f3n, asesoramiento o administraci\u00f3n, en los t\u00e9rminos exigidos por [&#8230;] la Ley que pudiera determinar la obligaci\u00f3n de abstenci\u00f3n de su c\u00f3nyuge, el presidente del Gobierno\u201d. El organismo, dependiente del Ministerio para la Transformaci\u00f3n Digital y de la Funci\u00f3n P\u00fablica, apostilla que la esposa del jefe del Ejecutivo tampoco ha estado dada de alta en la Seguridad Social en ninguna de esas compa\u00f1\u00edas: \u201cY se ha constatado, asimismo, que no desempe\u00f1a ni ha desempe\u00f1ado cargo alguno, ni actividad profesional o mercantil en la entidad Globalia\u201d.<\/p>\n<p class=\"\">Este mismo mi\u00e9rcoles, el presidente del PP, Alberto N\u00fa\u00f1ez Feij\u00f3o, <a href=\"https:\/\/elpais.com\/espana\/2025-09-17\/la-cronica-feijoo-endurece-su-discurso-contra-netanyahu-sin-atreverse-aun-con-el-genocidio-en-gaza.html\" target=\"_self\" rel=\"nofollow noopener\" title=\"https:\/\/elpais.com\/espana\/2025-09-17\/la-cronica-feijoo-endurece-su-discurso-contra-netanyahu-sin-atreverse-aun-con-el-genocidio-en-gaza.html\">ha utilizado este tema para arremeter contra el presidente en el Congreso<\/a>. \u201cAyer se public\u00f3 que la justicia le ha dado 60 d\u00edas para investigar su conflicto de intereses por el rescate de una compa\u00f1\u00eda por 475 millones de euros, en el que su mujer ten\u00eda intereses econ\u00f3micos\u201d, ha cargado este mi\u00e9rcoles el conservador. Aunque, cuando pronunciaba esas palabras, la Oficina de Conflictos de Intereses ya hab\u00eda acabado las pesquisas reabiertas tras el dictamen del TSJM del pasado junio y hab\u00eda vuelto a archivarlas. Fuentes del PP, <b>informa Virginia Mart\u00ednez<\/b>, aseveran que no han tenido acceso todav\u00eda al documento que cierra de nuevo el expediente, que se ha enviado tambi\u00e9n al Tribunal Superior.<\/p>\n<p>M\u00e1s informaci\u00f3n<\/p>\n<p class=\"\">El inicio de este procedimiento se remonta a marzo de 2024, cuando el PP llev\u00f3 a S\u00e1nchez ante la Oficina de Conflictos de Intereses por no abstenerse en las decisiones del Consejo de Ministros sobre el rescate de Air Europa en plena pandemia. Los populares sosten\u00edan que el presidente deb\u00eda haberse apartado por la supuesta relaci\u00f3n de Bego\u00f1a G\u00f3mez con la compa\u00f1\u00eda y la influencia que, seg\u00fan elucubran, podr\u00eda haber tenido \u2014una tesis que la Audiencia Provincial de Madrid ha calificado hasta ahora como meras \u201cconjeturas\u201d\u2014. Sin embargo, esa iniciativa cay\u00f3 en saco roto a los pocos d\u00edas: tras elaborar un escueto informe, el \u00f3rgano <a href=\"https:\/\/elpais.com\/espana\/2024-03-18\/la-oficina-de-conflictos-de-intereses-archiva-la-denuncia-del-pp-contra-sanchez-por-el-rescate-de-air-europa.html\" target=\"_self\" rel=\"nofollow noopener\" title=\"https:\/\/elpais.com\/espana\/2024-03-18\/la-oficina-de-conflictos-de-intereses-archiva-la-denuncia-del-pp-contra-sanchez-por-el-rescate-de-air-europa.html\">archiv\u00f3 la denuncia de los conservadores<\/a> al considerar que las \u201cdecisiones adoptadas\u201d no afectaron a los intereses personales de S\u00e1nchez, \u201cni propios, ni tampoco a los de su c\u00f3nyuge, ni supusieron ning\u00fan beneficio o perjuicio a los mismos\u201d.<\/p>\n<p class=\"\">Entonces, el PP acudi\u00f3 a los tribunales, donde encontr\u00f3 una nueva v\u00eda. Este pasado junio, aunque no entraba al fondo del asunto, la Sala de lo Contencioso-Administrativo del Tribunal Superior de Justicia de Madrid fall\u00f3 que la Oficina de Conflictos de Intereses no hizo una \u201cm\u00ednima\u201d averiguaci\u00f3n antes de dar carpetazo al asunto y, por tanto, le ordenaba recabar nuevos datos antes de decidir si archivaba o no.<\/p>\n<p class=\"\">Una vez conocida esta resoluci\u00f3n del TSJM, la Oficina se puso manos a la obra y pidi\u00f3 documentaci\u00f3n al Registro Mercantil Central; a la Tesorer\u00eda General de la Seguridad Social; al Ministerio de Presidencia, Justicia y Relaciones con las Cortes; y a Globalia. En este sentido, la propietaria de Air Europa respondi\u00f3: \u201cBego\u00f1a G\u00f3mez, esposa del presidente del Gobierno, no ha ocupado ni ocupa ning\u00fan cargo, ni desempe\u00f1a ni ha desempe\u00f1ado ninguna actividad profesional o mercantil en Globalia, ni en ninguna de las sociedades integrantes de su grupo empresarial\u201d. <\/p>\n<p class=\"\">Tras analizar toda la nueva documentaci\u00f3n recibida, la Oficina ha vuelto a llegar a la misma conclusi\u00f3n: no aprecia irregularidades. \u201cTras la pr\u00e1ctica de las actuaciones de investigaci\u00f3n se\u00f1aladas, se concluye que, dado que la se\u00f1ora G\u00f3mez Fern\u00e1ndez no se ha encontrado vinculada por una relaci\u00f3n laboral ni profesional que implicara funciones de direcci\u00f3n, asesoramiento o administraci\u00f3n en las empresas afectadas por los Acuerdos del Consejo de Ministros, no concurri\u00f3 el supuesto de hecho legal determinante de la obligaci\u00f3n de abstenci\u00f3n de su c\u00f3nyuge\u201d, ha notificado, seg\u00fan detallan fuentes jur\u00eddicas. Esta resoluci\u00f3n puede volver a recurrirse.<\/p>\n<p class=\"\">La oposici\u00f3n y varios grupos ultras tratan de acorralar a S\u00e1nchez por la supuesta relaci\u00f3n de su esposa con Air Europa. Pero, hasta ahora, los tribunales no han encontrado nada. De hecho, la <a href=\"https:\/\/elpais.com\/espana\/2025-08-07\/el-juez-peinado-aparca-en-este-momento-la-investigacion-sobre-el-rescate-de-air-europa-pero-abre-la-puerta-a-que-se-retome.html\" target=\"_self\" rel=\"nofollow noopener\" title=\"https:\/\/elpais.com\/espana\/2025-08-07\/el-juez-peinado-aparca-en-este-momento-la-investigacion-sobre-el-rescate-de-air-europa-pero-abre-la-puerta-a-que-se-retome.html\">Audiencia Provincial de Madrid oblig\u00f3 al juez Juan Carlos Peinado<\/a>, que mantiene imputada a Bego\u00f1a G\u00f3mez desde hace m\u00e1s de un a\u00f1o, a cerrar esa parte de su causa por no existir indicios. En un audio interceptado por la Guardia Civil, el comisionista <a href=\"https:\/\/elpais.com\/espana\/2025-07-25\/aldama-en-un-audio-que-la-uco-no-incluyo-en-su-informe-quieren-vincular-la-operacion-de-air-europa-con-begona-nada-es-verdad.html\" target=\"_self\" rel=\"nofollow noopener\" title=\"https:\/\/elpais.com\/espana\/2025-07-25\/aldama-en-un-audio-que-la-uco-no-incluyo-en-su-informe-quieren-vincular-la-operacion-de-air-europa-con-begona-nada-es-verdad.html\">V\u00edctor de Aldama, que fue asesor de Air Europa, tambi\u00e9n la desvinculaba<\/a>: \u201cLo de que quieren vincular la operaci\u00f3n de Air Europa con Bego\u00f1a, que si ha habido presiones y tal, nada es verdad\u201d. El vicepresidente de la SEPI, Bartolom\u00e9 Lera, alto cargo nombrado por el Gobierno del PP en 2017 y encargado de gestionar la ayuda a la aerol\u00ednea, asegur\u00f3 en el Senado que nunca trat\u00f3 este tema con Jos\u00e9 Luis \u00c1balos, responsable de Transportes durante la pandemia, y que no conoc\u00eda ni a Aldama ni a Koldo Garc\u00eda, excolaborador del ministro.<\/p>\n","protected":false},"excerpt":{"rendered":"La Oficina de Conflictos de Intereses ha archivado de nuevo la denuncia presentada por el PP contra Pedro&hellip;\n","protected":false},"author":2,"featured_media":121288,"comment_status":"","ping_status":"","sticky":false,"template":"","format":"standard","meta":{"footnotes":""},"categories":[8],"tags":[2960,16640,17,18,7642,25,24,13,14,24676,11,734,2158,19,20,9,10,15,16,5695,2959,956,1699,23,12,39976,21,22],"class_list":{"0":"post-121287","1":"post","2":"type-post","3":"status-publish","4":"format-standard","5":"has-post-thumbnail","7":"category-espana","8":"tag-air-europa","9":"tag-begona-gomez-fernandez","10":"tag-breaking-news","11":"tag-breakingnews","12":"tag-coronavirus","13":"tag-es","14":"tag-espana","15":"tag-featured-news","16":"tag-featurednews","17":"tag-globalia","18":"tag-headlines","19":"tag-investigacion-judicial","20":"tag-justicia","21":"tag-latest-news","22":"tag-latestnews","23":"tag-news","24":"tag-noticias","25":"tag-noticias-destacadas","26":"tag-noticiasdestacadas","27":"tag-pandemia","28":"tag-pedro-sanchez","29":"tag-pp","30":"tag-psoe","31":"tag-spain","32":"tag-titulares","33":"tag-tsj-madrid","34":"tag-ultimas-noticias","35":"tag-ultimasnoticias"},"share_on_mastodon":{"url":"","error":""},"_links":{"self":[{"href":"https:\/\/www.europesays.com\/es\/wp-json\/wp\/v2\/posts\/121287","targetHints":{"allow":["GET"]}}],"collection":[{"href":"https:\/\/www.europesays.com\/es\/wp-json\/wp\/v2\/posts"}],"about":[{"href":"https:\/\/www.europesays.com\/es\/wp-json\/wp\/v2\/types\/post"}],"author":[{"embeddable":true,"href":"https:\/\/www.europesays.com\/es\/wp-json\/wp\/v2\/users\/2"}],"replies":[{"embeddable":true,"href":"https:\/\/www.europesays.com\/es\/wp-json\/wp\/v2\/comments?post=121287"}],"version-history":[{"count":0,"href":"https:\/\/www.europesays.com\/es\/wp-json\/wp\/v2\/posts\/121287\/revisions"}],"wp:featuredmedia":[{"embeddable":true,"href":"https:\/\/www.europesays.com\/es\/wp-json\/wp\/v2\/media\/121288"}],"wp:attachment":[{"href":"https:\/\/www.europesays.com\/es\/wp-json\/wp\/v2\/media?parent=121287"}],"wp:term":[{"taxonomy":"category","embeddable":true,"href":"https:\/\/www.europesays.com\/es\/wp-json\/wp\/v2\/categories?post=121287"},{"taxonomy":"post_tag","embeddable":true,"href":"https:\/\/www.europesays.com\/es\/wp-json\/wp\/v2\/tags?post=121287"}],"curies":[{"name":"wp","href":"https:\/\/api.w.org\/{rel}","templated":true}]}}