{"id":121290,"date":"2025-09-17T17:46:08","date_gmt":"2025-09-17T17:46:08","guid":{"rendered":"https:\/\/www.europesays.com\/es\/121290\/"},"modified":"2025-09-17T17:46:08","modified_gmt":"2025-09-17T17:46:08","slug":"ehfcl-sigue-en-directo-el-partido-del-barca-en-champions-league","status":"publish","type":"post","link":"https:\/\/www.europesays.com\/es\/121290\/","title":{"rendered":"#EHFCL | Sigue en directo el partido del Bar\u00e7a en Champions League"},"content":{"rendered":"<p data-start=\"86\" data-end=\"467\">El <strong>Bar\u00e7a<\/strong> afronta este jueves 18 de septiembre, a las <strong>20:45h<\/strong> en el <strong>Palau Blaugrana<\/strong>, la segunda jornada de la fase de grupos de la <strong>Machineseeker EHF Champions League<\/strong> frente a uno de los rivales m\u00e1s exigentes de la competici\u00f3n: el <strong>SC Magdeburg<\/strong>. El conjunto alem\u00e1n llega tras conquistar su <strong>quinto t\u00edtulo europeo<\/strong> la pasada temporada, imponi\u00e9ndose en la final al <strong>F\u00fcchse Berlin<\/strong>.<\/p>\n<p data-start=\"86\" data-end=\"467\">La pasada temporada ya se vieron las caras en la semifinal de la <strong>TruckScout24 EHF FINAL4, <\/strong>donde el <strong>SC Magdeburg<\/strong> se impuso al <strong>equipo blaugrana<\/strong> por la m\u00ednima, finalizando el partido (30-31), un resultado que, sin duda, suba las expectativas de esta final avanzada.<\/p>\n<p data-start=\"469\" data-end=\"1104\">En su debut en la presente edici\u00f3n, el <strong>Bar\u00e7a<\/strong> logr\u00f3 la victoria ante el <strong>GOG<\/strong> (37-32) en un encuentro de claros contrastes. Una brillante primera parte se vio empa\u00f1ada por una segunda mitad en la que el equipo mostr\u00f3 un nivel muy inferior al esperado. Pese a la renta de cinco goles, los cul\u00e9s dejaron escapar la oportunidad de mejorar un <strong>goal average<\/strong> que podr\u00eda resultar decisivo m\u00e1s adelante. El conjunto dan\u00e9s luch\u00f3 hasta el final, pero las nuevas incorporaciones dirigidas por <strong>Carlos Ortega<\/strong> marcaron la diferencia. <strong>Dani Fern\u00e1ndez<\/strong> y <strong>Ludovic Fabregas<\/strong> fueron los m\u00e1ximos goleadores del <strong>Bar\u00e7a<\/strong>, con seis y cinco tantos respectivamente.<\/p>\n<p data-start=\"1106\" data-end=\"1634\">Por su parte, el <strong>SC Magdeburg<\/strong> debut\u00f3 con solvencia en la competici\u00f3n al superar al <strong>Paris Saint-Germain<\/strong> por 37-31. El central <strong>Felix Claar<\/strong> y el lateral derecho <strong>\u00d3mar Magnusson<\/strong> lideraron la ofensiva alemana con 10 y 8 goles respectivamente, firmando la mitad de los tantos de su equipo. El cuadro germano llega en plena forma, no solo por sumar sus dos primeros puntos europeos, sino tambi\u00e9n por su impecable inicio en la <strong>Bundesliga<\/strong>, donde acumula cuatro victorias en cuatro jornadas, lo que refleja el gran momento que atraviesa.<\/p>\n<p data-start=\"1636\" data-end=\"1919\">El <strong>Magdeburg<\/strong> apenas ha sufrido modificaciones respecto a la temporada pasada. Las principales incorporaciones han sido las de <strong>Elvar Orn Jonsson<\/strong>, <strong>Sebastian Barthold<\/strong> y <strong>Matej Mandic<\/strong>, quienes se suman al proyecto tras las salidas de <strong>Michael Damgaard<\/strong>, <strong>Isak Persson<\/strong> y <strong>Antonio Serradilla<\/strong>.<\/p>\n<p>Fotograf\u00eda: <strong>J.L. Recio | RFEBM<\/strong><\/p>\n","protected":false},"excerpt":{"rendered":"El Bar\u00e7a afronta este jueves 18 de septiembre, a las 20:45h en el Palau Blaugrana, la segunda jornada&hellip;\n","protected":false},"author":2,"featured_media":121291,"comment_status":"","ping_status":"","sticky":false,"template":"","format":"standard","meta":{"footnotes":""},"categories":[278],"tags":[376,168,25,24,375,23,167],"class_list":{"0":"post-121290","1":"post","2":"type-post","3":"status-publish","4":"format-standard","5":"has-post-thumbnail","7":"category-balonmano","8":"tag-balonmano","9":"tag-deportes","10":"tag-es","11":"tag-espana","12":"tag-handball","13":"tag-spain","14":"tag-sports"},"share_on_mastodon":{"url":"","error":""},"_links":{"self":[{"href":"https:\/\/www.europesays.com\/es\/wp-json\/wp\/v2\/posts\/121290","targetHints":{"allow":["GET"]}}],"collection":[{"href":"https:\/\/www.europesays.com\/es\/wp-json\/wp\/v2\/posts"}],"about":[{"href":"https:\/\/www.europesays.com\/es\/wp-json\/wp\/v2\/types\/post"}],"author":[{"embeddable":true,"href":"https:\/\/www.europesays.com\/es\/wp-json\/wp\/v2\/users\/2"}],"replies":[{"embeddable":true,"href":"https:\/\/www.europesays.com\/es\/wp-json\/wp\/v2\/comments?post=121290"}],"version-history":[{"count":0,"href":"https:\/\/www.europesays.com\/es\/wp-json\/wp\/v2\/posts\/121290\/revisions"}],"wp:featuredmedia":[{"embeddable":true,"href":"https:\/\/www.europesays.com\/es\/wp-json\/wp\/v2\/media\/121291"}],"wp:attachment":[{"href":"https:\/\/www.europesays.com\/es\/wp-json\/wp\/v2\/media?parent=121290"}],"wp:term":[{"taxonomy":"category","embeddable":true,"href":"https:\/\/www.europesays.com\/es\/wp-json\/wp\/v2\/categories?post=121290"},{"taxonomy":"post_tag","embeddable":true,"href":"https:\/\/www.europesays.com\/es\/wp-json\/wp\/v2\/tags?post=121290"}],"curies":[{"name":"wp","href":"https:\/\/api.w.org\/{rel}","templated":true}]}}