{"id":121292,"date":"2025-09-17T17:47:16","date_gmt":"2025-09-17T17:47:16","guid":{"rendered":"https:\/\/www.europesays.com\/es\/121292\/"},"modified":"2025-09-17T17:47:16","modified_gmt":"2025-09-17T17:47:16","slug":"arte-vino-y-toros-en-re-poso","status":"publish","type":"post","link":"https:\/\/www.europesays.com\/es\/121292\/","title":{"rendered":"Arte, vino y toros en &#8216;Re-poso&#8217;"},"content":{"rendered":"<p>La Pe\u00f1a taurina &#8216;El Quite&#8217; brinda una doble faena art\u00edstica en el Ayuntamiento logro\u00f1\u00e9s, cuya sala de exposiciones acoge hasta el 12 de octubre dos  &#8230; muestras de pintura: la titulada &#8216;Re-poso&#8217; de Raquel de la Iglesia y la correspondiente a su vigesimotercer certamen internacional de pintura, donde el valenciano Miguel Soro firma el lienzo ganador, &#8216;Soy leyenda&#8217;.<\/p>\n<p class=\"v-p\">En la primera, la pintora vallisoletana (afincada en Salamanca) entabla un di\u00e1logo art\u00edstico entre vino y tauromaquia pautado por un tiempo pausado, el mismo que precisa la elaboraci\u00f3n de un vino, una corrida de toros o contemplar una obra de arte. <\/p>\n<p class=\"v-p\">De las casi veinte obras que Raquel de la Iglesia presenta en Logro\u00f1o, la mitad las realiz\u00f3 exprofeso para esta exposici\u00f3n, como el cuadro de dos toreros borrachos inspirado en &#8216;Los borrachos&#8217; del sevillano Baldomero Romero Ressendi. Tambi\u00e9n hay matadores brindando o en diferentes pases de muleta. De sus trabajos anteriores ha querido recuperar collages y pinturas como la picasiana cabeza de toro con la que ilustr\u00f3 el cartel de la Beneficencia de Madrid 2023, \u00abuna obra importante en mi carrera\u00bb, reconoce. <\/p>\n<p>&#8216;Soy leyenda&#8217; de Miguel Soro, premiada en el XXIII Certamen de la pe\u00f1a &#8216;El Quite&#8217; (arriba), De la Iglesia junto a su lienzo de los toreros borrachos y obra con banderillas taurinas.<\/p>\n<p>Sonia Tercero<\/p>\n<p><img decoding=\"async\" loading=\"lazy\" src=\"https:\/\/www.europesays.com\/es\/wp-content\/uploads\/2025\/09\/1500890933-kyIH--1200x841@La Rioja.jpg\" class=\"v-mdl__img-z\" width=\"1200\" height=\"841\" alt=\"Imagen principal - 'Soy leyenda' de Miguel Soro, premiada en el XXIII Certamen de la pe\u00f1a 'El Quite' (arriba), De la Iglesia junto a su lienzo de los toreros borrachos y obra con banderillas taurinas.\"\/><\/p>\n<p><img decoding=\"async\" loading=\"lazy\" src=\"https:\/\/www.europesays.com\/es\/wp-content\/uploads\/2025\/09\/1500890922-kyIH--1200x851@La Rioja.jpg\" class=\"v-mdl__img-z\" width=\"1200\" height=\"851\" alt=\"Imagen secundaria 1 - 'Soy leyenda' de Miguel Soro, premiada en el XXIII Certamen de la pe\u00f1a 'El Quite' (arriba), De la Iglesia junto a su lienzo de los toreros borrachos y obra con banderillas taurinas.\"\/><\/p>\n<p><img decoding=\"async\" loading=\"lazy\" src=\"https:\/\/www.europesays.com\/es\/wp-content\/uploads\/2025\/09\/1500890917-kyIH--711x841@La Rioja.jpg\" class=\"v-mdl__img-z\" width=\"711\" height=\"841\" alt=\"Imagen secundaria 2 - 'Soy leyenda' de Miguel Soro, premiada en el XXIII Certamen de la pe\u00f1a 'El Quite' (arriba), De la Iglesia junto a su lienzo de los toreros borrachos y obra con banderillas taurinas.\"\/><\/p>\n<p class=\"v-p\">Todos sus lienzos abrazan una instalaci\u00f3n central, en la l\u00ednea de los &#8216;capotes ahorcados&#8217; que ya expuso en la plaza de Las Ventas. En ella, una arteria de vino empapa el pa\u00f1o de una muleta para acabar escurriendo sobre un cunacho. El tiempo que se prolonga este proceso \u00abser\u00eda como el tiempo que transcurre durante una faena y en la elaboraci\u00f3n de un vino\u00bb, explica. Tambi\u00e9n el tiempo que precisa la creaci\u00f3n de una obra de arte e incluso el que le dedica el espectador. <\/p>\n<p class=\"v-p\">Sin ser abstracciones, las pinturas de Raquel de la Iglesia tampoco terminan de ser figuraci\u00f3n. Sus densas texturas, a partir de \u00f3leo, acr\u00edlico, tejido o materiales tan diversos como unas banderillas taurinas, definen una obra impregnada de movimiento y expresividad.<\/p>\n<p class=\"v-p\">Arte y toros llegaron a su vida casi a la vez, dado que procede de un pueblo vallisoletano muy taurino, Medina de Rioseco, donde pintaba las reses de los encierros para sus proyectos de Bellas Artes. Desde entonces la tauromaquia ha marcado su trayectoria. \u00abEstoy ah\u00ed metida y orgullosa de ello, aunque estoy intentando salirme un poco de ese encasillamiento \u2013nos reconoce\u2013, pero no porque no me guste, que me encanta\u00bb.<\/p>\n<p>Miguel Soro, con Jos\u00e9 Tom\u00e1s<\/p>\n<p class=\"v-p\">&#8216;Re-poso&#8217; de Raquel de la Iglesia convive en la sala de exposiciones del Consistorio con una selecci\u00f3n de 19 de los 32 lienzos que han concurrido al XXIII Certamen Internacional de Pintura Pe\u00f1a Taurina &#8216;El Quite&#8217; desde toda la geograf\u00eda nacional. Entre ellos destaca &#8216;Soy leyenda&#8217; del valenciano Miguel Soro, ganador del certamen (y de los 2.000 euros con los que est\u00e1 dotado el premio). Este exciclista profesional con una relevante trayectoria art\u00edstica recrea en su obra un pase de Jos\u00e9 Tom\u00e1s. A su lado, el lienzo de la sevillana Andrea Galindo, \u00fanico acc\u00e9sit del concurso.<\/p>\n","protected":false},"excerpt":{"rendered":"La Pe\u00f1a taurina &#8216;El Quite&#8217; brinda una doble faena art\u00edstica en el Ayuntamiento logro\u00f1\u00e9s, cuya sala de exposiciones&hellip;\n","protected":false},"author":2,"featured_media":121293,"comment_status":"","ping_status":"","sticky":false,"template":"","format":"standard","meta":{"footnotes":""},"categories":[277],"tags":[229,373,168,25,24,12034,4877,35748,11917,39977,23,167,600,374,444,6028],"class_list":{"0":"post-121292","1":"post","2":"type-post","3":"status-publish","4":"format-standard","5":"has-post-thumbnail","7":"category-toreo","8":"tag-arte","9":"tag-bullfighting","10":"tag-deportes","11":"tag-es","12":"tag-espana","13":"tag-iglesia","14":"tag-pena","15":"tag-quite","16":"tag-raquel","17":"tag-reposo","18":"tag-spain","19":"tag-sports","20":"tag-taurina","21":"tag-toreo","22":"tag-toros","23":"tag-vino"},"share_on_mastodon":{"url":"","error":""},"_links":{"self":[{"href":"https:\/\/www.europesays.com\/es\/wp-json\/wp\/v2\/posts\/121292","targetHints":{"allow":["GET"]}}],"collection":[{"href":"https:\/\/www.europesays.com\/es\/wp-json\/wp\/v2\/posts"}],"about":[{"href":"https:\/\/www.europesays.com\/es\/wp-json\/wp\/v2\/types\/post"}],"author":[{"embeddable":true,"href":"https:\/\/www.europesays.com\/es\/wp-json\/wp\/v2\/users\/2"}],"replies":[{"embeddable":true,"href":"https:\/\/www.europesays.com\/es\/wp-json\/wp\/v2\/comments?post=121292"}],"version-history":[{"count":0,"href":"https:\/\/www.europesays.com\/es\/wp-json\/wp\/v2\/posts\/121292\/revisions"}],"wp:featuredmedia":[{"embeddable":true,"href":"https:\/\/www.europesays.com\/es\/wp-json\/wp\/v2\/media\/121293"}],"wp:attachment":[{"href":"https:\/\/www.europesays.com\/es\/wp-json\/wp\/v2\/media?parent=121292"}],"wp:term":[{"taxonomy":"category","embeddable":true,"href":"https:\/\/www.europesays.com\/es\/wp-json\/wp\/v2\/categories?post=121292"},{"taxonomy":"post_tag","embeddable":true,"href":"https:\/\/www.europesays.com\/es\/wp-json\/wp\/v2\/tags?post=121292"}],"curies":[{"name":"wp","href":"https:\/\/api.w.org\/{rel}","templated":true}]}}